{"id":11245,"date":"2018-02-24T10:03:05","date_gmt":"2018-02-24T10:03:05","guid":{"rendered":"http:\/\/www.slineamt.ro\/apostolul\/?p=11245"},"modified":"2018-02-24T10:03:05","modified_gmt":"2018-02-24T10:03:05","slug":"centenar-2018","status":"publish","type":"post","link":"http:\/\/www.slineamt.ro\/apostolul\/scoala-nemteana-la-zi\/centenar-2018\/","title":{"rendered":"CENTENAR 2018"},"content":{"rendered":"<p>* Un proiect educa\u0163ional de anvergur\u0103 organizat de Inspectoratul \u015ecolar Neam\u0163<\/p>\n<p>&nbsp;<\/p>\n<p>Marele eveniment al anivers\u0103rii celor 100 de ani de la Marea Unire a Rom\u00e2nilor \u015fi formarea statului unitar rom\u00e2n va fi marcat de Inspectoratul \u015ecolar Jude\u0163ean Neam\u0163 printr-un proiect educa\u0163ional intitulat, sugestiv, \u201eCENTENAR 2018-NT\u201d. Pe site-ul inspectoratului a fost creat un link special dedicat anivers\u0103rii, care va asigura vizibilitatea implement\u0103rii proiectelor din \u015fcoli.<\/p>\n<p>Proiectul educa\u0163ional are ca scop crearea designului aniversar pentru toate unit\u0103\u0163ile \u015fcolare din jude\u0163ul Neam\u0163, sprijin acordat \u00een organizarea evenimentelor la nivel local \u015fi jude\u0163ean, motivarea unei atitudini proactive \u00een \u015fcoli \u015fi implementarea direc\u0163iilor strategice propuse, a precizat prof. Elena Preda, inspector \u015fcolar pentru disciplina Istorie, \u00een cadrul ISJ Neam\u0163. \u00cen perioada 1 februarie \u2013 1 iunie 2018 se va desf\u0103\u015fura un concurs jude\u0163ean dedicat Centenarului 2018 \u2013 \u201eCopiii \u015fi Marea Unire a Rom\u00e2nilor\u201d. \u00cenc\u0103 din ultimele dou\u0103 luni, \u00een fiecare \u015fcoal\u0103 au fost realizate proiecte educa\u0163ionale pe tema Centenarului ce vor fi desf\u0103\u015furate anul acesta, cu implicarea direct\u0103 a elevilor \u015fi a cadrelor didactice. \u00cen cadrul acestui proiect vor fi \u00eencheiate 100 de parteneriate \u015fcolare \u00eentre \u015fcoli din Rom\u00e2nia \u015fi Basarabia \u015fi vor fi sus\u0163inute o serie de conferin\u0163e, mese rotunde, manifest\u0103ri artistice, expozi\u0163ii de documente \u015fi c\u0103r\u0163i istorice, colocvii dedicate evenimentului Centenar 2018. \u00cen luna iunie 2018 va avea loc, \u00een parcul din central municipiului Piatra Neam\u0163, spectacolul aniversar sus\u0163inut de elevi cu prilejul Centenarului. ISJ Neam\u0163 \u015fi unit\u0103\u0163ile \u015fcolare din jude\u0163 organizeaz\u0103 \u015fi un festival aniversar \u00een iunie, intitulat \u201eFestHistory \u2013 Copiii \u015fi Marea Unire\u201d, care-\u015fi propune promovarea elevilor talenta\u0163i din \u015fcolile din jude\u0163ul Neam\u0163.<\/p>\n<p>&nbsp;<\/p>\n<p>Geanina NICORESCU<\/p>\n","protected":false},"excerpt":{"rendered":"<p>* Un proiect educa\u0163ional de anvergur\u0103 organizat de Inspectoratul \u015ecolar Neam\u0163 &nbsp; Marele eveniment al anivers\u0103rii celor 100 de ani de la Marea Unire a Rom\u00e2nilor \u015fi formarea statului unitar rom\u00e2n va fi marcat de Inspectoratul \u015ecolar Jude\u0163ean Neam\u0163 printr-un&hellip;<\/p>\n<p class=\"more-link-p\"><a class=\"more-link\" href=\"http:\/\/www.slineamt.ro\/apostolul\/scoala-nemteana-la-zi\/centenar-2018\/\">Read more &rarr;<\/a><\/p>\n","protected":false},"author":1,"featured_media":0,"comment_status":"open","ping_status":"closed","sticky":false,"template":"","format":"standard","meta":{"footnotes":""},"categories":[10,310],"tags":[],"class_list":["post-11245","post","type-post","status-publish","format-standard","hentry","category-scoala-nemteana-la-zi","category-numarul-207"],"_links":{"self":[{"href":"http:\/\/www.slineamt.ro\/apostolul\/wp-json\/wp\/v2\/posts\/11245","targetHints":{"allow":["GET"]}}],"collection":[{"href":"http:\/\/www.slineamt.ro\/apostolul\/wp-json\/wp\/v2\/posts"}],"about":[{"href":"http:\/\/www.slineamt.ro\/apostolul\/wp-json\/wp\/v2\/types\/post"}],"author":[{"embeddable":true,"href":"http:\/\/www.slineamt.ro\/apostolul\/wp-json\/wp\/v2\/users\/1"}],"replies":[{"embeddable":true,"href":"http:\/\/www.slineamt.ro\/apostolul\/wp-json\/wp\/v2\/comments?post=11245"}],"version-history":[{"count":1,"href":"http:\/\/www.slineamt.ro\/apostolul\/wp-json\/wp\/v2\/posts\/11245\/revisions"}],"predecessor-version":[{"id":11248,"href":"http:\/\/www.slineamt.ro\/apostolul\/wp-json\/wp\/v2\/posts\/11245\/revisions\/11248"}],"wp:attachment":[{"href":"http:\/\/www.slineamt.ro\/apostolul\/wp-json\/wp\/v2\/media?parent=11245"}],"wp:term":[{"taxonomy":"category","embeddable":true,"href":"http:\/\/www.slineamt.ro\/apostolul\/wp-json\/wp\/v2\/categories?post=11245"},{"taxonomy":"post_tag","embeddable":true,"href":"http:\/\/www.slineamt.ro\/apostolul\/wp-json\/wp\/v2\/tags?post=11245"}],"curies":[{"name":"wp","href":"https:\/\/api.w.org\/{rel}","templated":true}]}}