{"id":11251,"date":"2018-02-24T10:05:25","date_gmt":"2018-02-24T10:05:25","guid":{"rendered":"http:\/\/www.slineamt.ro\/apostolul\/?p=11251"},"modified":"2018-02-24T10:05:25","modified_gmt":"2018-02-24T10:05:25","slug":"semnal-editorial","status":"publish","type":"post","link":"http:\/\/www.slineamt.ro\/apostolul\/nihil-sine-deo\/semnal-editorial\/","title":{"rendered":"Semnal editorial"},"content":{"rendered":"<p>\u201eNe vorbe\u015fte Stare\u0163ul Efrem Filotheitul \u2013 \u00a0Me\u015fte\u015fugul m\u00e2ntuirii\u201d<\/p>\n<p><a href=\"http:\/\/www.slineamt.ro\/apostolul\/wp-content\/uploads\/2018\/02\/12-ap207-foto1.jpg\"><img loading=\"lazy\" decoding=\"async\" class=\"size-medium wp-image-11254 alignleft\" src=\"http:\/\/www.slineamt.ro\/apostolul\/wp-content\/uploads\/2018\/02\/12-ap207-foto1-196x300.jpg\" alt=\"\" width=\"196\" height=\"300\" srcset=\"http:\/\/www.slineamt.ro\/apostolul\/wp-content\/uploads\/2018\/02\/12-ap207-foto1-196x300.jpg 196w, http:\/\/www.slineamt.ro\/apostolul\/wp-content\/uploads\/2018\/02\/12-ap207-foto1-260x399.jpg 260w, http:\/\/www.slineamt.ro\/apostolul\/wp-content\/uploads\/2018\/02\/12-ap207-foto1-160x245.jpg 160w, http:\/\/www.slineamt.ro\/apostolul\/wp-content\/uploads\/2018\/02\/12-ap207-foto1.jpg 307w\" sizes=\"auto, (max-width: 196px) 100vw, 196px\" \/><\/a>Semnal\u0103m apari\u0163ia, la Editura Egumeni\u0163a, a c\u0103r\u0163ii \u201eNe vorbe\u015fte Stare\u0163ul Efrem Filotheitul \u2013 Me\u015fte\u015fugul m\u00e2ntuirii\u201d, volum tradus din limba greac\u0103 de ieromonahul Munteanu Teofan \u015fi de pr. Victor Manolache.<\/p>\n<p>Volumul are \u00een prim plan personalitatea arhimandritului Efrem Filotheitul sau Athonitul, fost stare\u0163 al M\u0103n\u0103stirii Filotheu de la Muntele Athos \u015fi \u00eentemeietor al mai multor m\u0103n\u0103stiri \u00een Statele Unite ale Americii. \u00cen prezent vie\u0163uie\u015fte la M\u0103n\u0103stirea Sf. Antonie din Florence, Arizona.<\/p>\n<p>P\u0103rintele Efrem a fost preot c\u0103lug\u0103r timp de aproape 60 de ani \u015fi stare\u0163 timp de mai mult de 50 de ani. A fost ucenic al p\u0103rintelui Iosif Spilaiotis \u2013 cunoscut ca Iosif Isihastul \u2013 din Muntele Athos, \u015fi a tr\u0103it \u00een ascultare fa\u0163\u0103 de acesta timp de 12 ani, p\u00e2n\u0103 la moartea b\u0103tr\u00e2nului Iosif, \u00een 1959.<\/p>\n<p>\u201eOrtodoxia a mers \u00eentotdeauna pe calea cea \u00eemp\u0103r\u0103teasc\u0103 a Evangheliei, a p\u0103strat duhul autentic al cre\u015ftinismului \u00eenaintea misticismului \u00eentunecat al ereziilor apusene, al cezaro-papismului, al aversiunii latinilor \u015fi al ra\u0163ionalismului protestant subiectivist. Permanent, ea a \u0163inut m\u0103sura \u015fi armonia, n-a gre\u015fit, pentru c\u0103 Sfin\u0163ii P\u0103rin\u0163i erau mi\u015fca\u0163i \u015fi \u00eendruma\u0163i duhovnice\u015fte de Duhul Sf\u00e2nt. S-o propov\u0103duim cu eroism \u015fi vitejie, ca ni\u015fte fii adev\u0103ra\u0163i ai marilor ei eroi. Ortodoxie minunat\u0103, mireasa \u00eens\u00e2ngerat\u0103 a lui Hristos, niciodat\u0103 nu ne vom lep\u0103da de tine noi, nevrednicii, \u015fi dac\u0103 o vor cere situa\u0163ia \u015fi timpurile, \u00eenvrednice\u015fte-ne s\u0103 v\u0103rs\u0103m pentru tine \u015fi ultima pic\u0103tur\u0103 de s\u00e2nge.\u201d (Stare\u0163ul Efrem Filotheitul)<\/p>\n<p>&nbsp;<\/p>\n<p>\u201ePollyanna, flori de portocal\u201d<\/p>\n<p>&nbsp;<\/p>\n<p><a href=\"http:\/\/www.slineamt.ro\/apostolul\/wp-content\/uploads\/2018\/02\/12-ap207-foto2.jpg\"><img loading=\"lazy\" decoding=\"async\" class=\"size-medium wp-image-11257 alignright\" src=\"http:\/\/www.slineamt.ro\/apostolul\/wp-content\/uploads\/2018\/02\/12-ap207-foto2-195x300.jpg\" alt=\"\" width=\"195\" height=\"300\" srcset=\"http:\/\/www.slineamt.ro\/apostolul\/wp-content\/uploads\/2018\/02\/12-ap207-foto2-195x300.jpg 195w, http:\/\/www.slineamt.ro\/apostolul\/wp-content\/uploads\/2018\/02\/12-ap207-foto2-260x400.jpg 260w, http:\/\/www.slineamt.ro\/apostolul\/wp-content\/uploads\/2018\/02\/12-ap207-foto2-160x246.jpg 160w, http:\/\/www.slineamt.ro\/apostolul\/wp-content\/uploads\/2018\/02\/12-ap207-foto2.jpg 299w\" sizes=\"auto, (max-width: 195px) 100vw, 195px\" \/><\/a>Recomand\u0103m tinerilor cititori, \u015fi nu numai, cartea \u201ePollyanna, flori de portocal\u201d, ap\u0103rut\u0103 recent la Editura Sophia \u00een traducerea Emiliei Cristea, cel de-al treilea volum din seria semnat\u0103 de scriitoarea Harriet Lummis Smith.<\/p>\n<p>Nuvela \u201ePollyanna\u201d, scris\u0103 \u00een 1913 de \u00eendr\u0103gita scriitoare de literatur\u0103 pentru copii Eleanor H. Porter, a \u00eenregistrat un succes remarcabil, reprezent\u00e2nd, de altfel, \u00eenceputul unui lung \u015fir de povestiri. \u00cen 1915, Porter a publicat partea a doua a c\u0103r\u0163ii, \u201ePollyanna Grows Up\u201d. Alte 11 c\u0103r\u0163i despre Pollyanna, numite \u201eC\u0103r\u0163ile mul\u0163umirii\u201d (\u201eGlad Books\u201d), au fost publicate de-a lungul timpului, cele mai multe fiind scrise de Elizabeth Borton sau Harriet Lummis Smith.<\/p>\n<p>Ultima carte din aceast\u0103 serie a fost publicat\u0103 \u00een anii \u201990 de c\u0103tre Colleen L. Reece \u015fi se nume\u015fte \u201ePollyanna Plays the Game\u201d.<\/p>\n<p>Despre aceast\u0103 cuceritoare lectur\u0103, regretatul arhimandrit Teofil P\u0103r\u0103ian spunea: \u201eAceast\u0103 carte am cunoscut-o \u00een anul 1944. Aveam, pe atunci, cincisprezece ani. Ea mi-a fost de mare folos, mai cu seam\u0103 prin tema ei. Din ea am aflat c\u0103 un cre\u015ftin trebuie s\u0103 fie mereu mul\u0163umit, pentru c\u0103 Dumnezeu a\u015fa \u00eel vrea pe om, s\u0103 fie mul\u0163umit. Citind aceast\u0103 carte, am luat aminte la tema ei, am luat aminte la faptul de a fi mul\u0163umit \u015fi, cu toate c\u0103 nu mi-am urm\u0103rit mul\u0163umirea \u00een mod artificial, am avut \u00een vedere totdeauna s\u0103 m\u0103 mul\u0163umesc cu ce mi-a r\u00e2nduit Dumnezeu. Cartea mi-a pl\u0103cut mult atunci c\u00e2nd am citit-o pentru prima dat\u0103 \u015fi mi-a p\u0103rut r\u0103u c\u0103 n-am reg\u0103sit-o de-a lungul anilor ce au trecut, de\u015fi mereu m-am interesat de ea \u015fi am recomandat-o celor cu care am venit \u00een leg\u0103tur\u0103\u201d.<\/p>\n<p>&nbsp;<\/p>\n<p>Irina NASTASIU<\/p>\n","protected":false},"excerpt":{"rendered":"<p>\u201eNe vorbe\u015fte Stare\u0163ul Efrem Filotheitul \u2013 \u00a0Me\u015fte\u015fugul m\u00e2ntuirii\u201d Semnal\u0103m apari\u0163ia, la Editura Egumeni\u0163a, a c\u0103r\u0163ii \u201eNe vorbe\u015fte Stare\u0163ul Efrem Filotheitul \u2013 Me\u015fte\u015fugul m\u00e2ntuirii\u201d, volum tradus din limba greac\u0103 de ieromonahul Munteanu Teofan \u015fi de pr. Victor Manolache. Volumul are \u00een&hellip;<\/p>\n<p class=\"more-link-p\"><a class=\"more-link\" href=\"http:\/\/www.slineamt.ro\/apostolul\/nihil-sine-deo\/semnal-editorial\/\">Read more &rarr;<\/a><\/p>\n","protected":false},"author":1,"featured_media":0,"comment_status":"open","ping_status":"closed","sticky":false,"template":"","format":"standard","meta":{"footnotes":""},"categories":[22,310],"tags":[],"class_list":["post-11251","post","type-post","status-publish","format-standard","hentry","category-nihil-sine-deo","category-numarul-207"],"_links":{"self":[{"href":"http:\/\/www.slineamt.ro\/apostolul\/wp-json\/wp\/v2\/posts\/11251","targetHints":{"allow":["GET"]}}],"collection":[{"href":"http:\/\/www.slineamt.ro\/apostolul\/wp-json\/wp\/v2\/posts"}],"about":[{"href":"http:\/\/www.slineamt.ro\/apostolul\/wp-json\/wp\/v2\/types\/post"}],"author":[{"embeddable":true,"href":"http:\/\/www.slineamt.ro\/apostolul\/wp-json\/wp\/v2\/users\/1"}],"replies":[{"embeddable":true,"href":"http:\/\/www.slineamt.ro\/apostolul\/wp-json\/wp\/v2\/comments?post=11251"}],"version-history":[{"count":1,"href":"http:\/\/www.slineamt.ro\/apostolul\/wp-json\/wp\/v2\/posts\/11251\/revisions"}],"predecessor-version":[{"id":11260,"href":"http:\/\/www.slineamt.ro\/apostolul\/wp-json\/wp\/v2\/posts\/11251\/revisions\/11260"}],"wp:attachment":[{"href":"http:\/\/www.slineamt.ro\/apostolul\/wp-json\/wp\/v2\/media?parent=11251"}],"wp:term":[{"taxonomy":"category","embeddable":true,"href":"http:\/\/www.slineamt.ro\/apostolul\/wp-json\/wp\/v2\/categories?post=11251"},{"taxonomy":"post_tag","embeddable":true,"href":"http:\/\/www.slineamt.ro\/apostolul\/wp-json\/wp\/v2\/tags?post=11251"}],"curies":[{"name":"wp","href":"https:\/\/api.w.org\/{rel}","templated":true}]}}