{"id":13303,"date":"2018-09-28T17:03:34","date_gmt":"2018-09-28T17:03:34","guid":{"rendered":"http:\/\/www.slineamt.ro\/apostolul\/?p=13303"},"modified":"2018-09-28T17:03:34","modified_gmt":"2018-09-28T17:03:34","slug":"60-de-ani-de-la-prima-editie-a-concursului-enescu","status":"publish","type":"post","link":"http:\/\/www.slineamt.ro\/apostolul\/arte-si-meserii-muzica\/60-de-ani-de-la-prima-editie-a-concursului-enescu\/","title":{"rendered":"60 de ani de la prima edi\u0163ie a Concursului Enescu"},"content":{"rendered":"<p>&nbsp;<\/p>\n<p>Anul 2018 marcheaz\u0103 s\u0103rb\u0103torirea a 60 de ani de la prima edi\u0163ie a Concursului Interna\u0163ional \u201eGeorge Enescu\u201d (1-23 septembrie), \u00eentr-un moment cu valoare de simbol: 137 de ani de la na\u015fterea compozitorului rom\u00e2n Geor\u00adge Enescu (19 august), 105 ani de c\u00e2nd George Enescu \u00eenfiin\u0163a Premiul Na\u0163ional de Compozi\u0163ie, acordat p\u00e2n\u0103 \u00een 1946, \u015fi s\u0103rb\u0103toarea Anului Centenar.<\/p>\n<p>Construit pornind de la valorile \u00een care credea George Enescu, Concursul Interna\u0163ional \u201eGeorge Enescu\u201d a devenit de-a lungul timpului o adev\u0103rat\u0103 ramp\u0103 de lansare pentru mari nume ale muzicii clasice interna\u0163ionale de ast\u0103zi.<\/p>\n<p>\u00cen anul 1958, la trei ani de c\u00e2nd George Enescu ne p\u0103r\u0103sise, cu sprijinul cunoscutului s\u0103u discipol Yehudi Menuhin, la Bucure\u015fti a fost \u00eenfiin\u0163at Festivalul Interna\u0163ional \u201eGeorge Enescu\u201d, iar Con\u00adcursul Interna\u0163ional \u201eGeorge Enescu\u201d a fost lansat oficial ca parte a primei edi\u0163ii a Festivalului. Devenite cele mai importante evenimente culturale interna\u0163ionale organizate de Rom\u00e2nia, Concursul \u015fi Festivalul pun \u00een prim-plan misiunea de a duce mai departe numele, valorile \u015fi muzica lui George Enescu.<\/p>\n<p>De-a lungul timpului, \u015etefan Ruha, Dan Grigore, Alexandru Tomescu \u015fi Elisabeth Leonskaja au devenit laurea\u0163i ai Concursului Enescu, al c\u0103rui prestigiu a crescut exponen\u0163ial cu fiecare edi\u0163ie.<\/p>\n<p>Desf\u0103\u015furat ca eveniment de sine st\u0103t\u0103tor \u00eencep\u00e2nd cu edi\u0163ia 2014 \u015fi fiind deschis publicului larg, Concursul Interna\u0163ional \u201eGeorge Enescu\u201d a \u00eenregistrat cre\u015fteri constante ale num\u0103rului de tineri arti\u015fti \u00eenscri\u015fi \u00een competi\u0163ie. Edi\u0163ia 2018 a \u00eenregistrat un nou record \u2013 cu 400 de tineri muzicieni \u00eenscri\u015fi \u00een competi\u0163ie, dintre care, dup\u0103 selec\u0163ia juriului de specialitate, intr\u0103 \u00een concurs 270 de tineri muzicieni din 39 de \u0163\u0103ri. Num\u0103rul concuren\u0163ilor rom\u00e2ni \u00eenscri\u015fi \u00een competi\u0163ie s-a triplat.<\/p>\n<p>\u00cen cadrul Concursului Enescu sunt interpretate, ca parte a unui repertoriu obligatoriu pentru tinerii muzicieni, mai multe lucr\u0103ri de George Enescu, iar c\u00e2\u015ftig\u0103torii competi\u0163iei au posibilitatea de a participa la viitoarea edi\u0163ie a Festivalului Enescu, urc\u00e2nd pe scen\u0103 al\u0103turi de mari orchestre interna\u0163ionale.<\/p>\n<p>\u00centre 1 \u015fi 23 septembrie, edi\u0163ia 2018 a Concursului Enescu a adus publicului mai multe recitaluri extraordinare, concerte cu orchestr\u0103 \u015fi invita\u0163ia de a urm\u0103ri \u015fi de a sus\u0163ine pas cu pas, \u00een toate etapele de concurs, tinerii muzicieni care vor fi stelele muzicii interna\u0163ionale de m\u00e2ine. (N.R. \u00centruc\u00e2t la data intr\u0103rii revistei la tipar concursul era \u00een plin\u0103 desf\u0103\u015furare, vom reveni cu am\u0103nunte \u00een edi\u0163ia urm\u0103toare.)<\/p>\n<p>&nbsp;<\/p>\n<p><strong><em>Red.<\/em><\/strong><\/p>\n","protected":false},"excerpt":{"rendered":"<p>&nbsp; Anul 2018 marcheaz\u0103 s\u0103rb\u0103torirea a 60 de ani de la prima edi\u0163ie a Concursului Interna\u0163ional \u201eGeorge Enescu\u201d (1-23 septembrie), \u00eentr-un moment cu valoare de simbol: 137 de ani de la na\u015fterea compozitorului rom\u00e2n Geor\u00adge Enescu (19 august), 105 ani&hellip;<\/p>\n<p class=\"more-link-p\"><a class=\"more-link\" href=\"http:\/\/www.slineamt.ro\/apostolul\/arte-si-meserii-muzica\/60-de-ani-de-la-prima-editie-a-concursului-enescu\/\">Read more &rarr;<\/a><\/p>\n","protected":false},"author":1,"featured_media":0,"comment_status":"open","ping_status":"closed","sticky":false,"template":"","format":"standard","meta":{"footnotes":""},"categories":[193,340],"tags":[],"class_list":["post-13303","post","type-post","status-publish","format-standard","hentry","category-arte-si-meserii-muzica","category-numarul-213"],"_links":{"self":[{"href":"http:\/\/www.slineamt.ro\/apostolul\/wp-json\/wp\/v2\/posts\/13303","targetHints":{"allow":["GET"]}}],"collection":[{"href":"http:\/\/www.slineamt.ro\/apostolul\/wp-json\/wp\/v2\/posts"}],"about":[{"href":"http:\/\/www.slineamt.ro\/apostolul\/wp-json\/wp\/v2\/types\/post"}],"author":[{"embeddable":true,"href":"http:\/\/www.slineamt.ro\/apostolul\/wp-json\/wp\/v2\/users\/1"}],"replies":[{"embeddable":true,"href":"http:\/\/www.slineamt.ro\/apostolul\/wp-json\/wp\/v2\/comments?post=13303"}],"version-history":[{"count":1,"href":"http:\/\/www.slineamt.ro\/apostolul\/wp-json\/wp\/v2\/posts\/13303\/revisions"}],"predecessor-version":[{"id":13306,"href":"http:\/\/www.slineamt.ro\/apostolul\/wp-json\/wp\/v2\/posts\/13303\/revisions\/13306"}],"wp:attachment":[{"href":"http:\/\/www.slineamt.ro\/apostolul\/wp-json\/wp\/v2\/media?parent=13303"}],"wp:term":[{"taxonomy":"category","embeddable":true,"href":"http:\/\/www.slineamt.ro\/apostolul\/wp-json\/wp\/v2\/categories?post=13303"},{"taxonomy":"post_tag","embeddable":true,"href":"http:\/\/www.slineamt.ro\/apostolul\/wp-json\/wp\/v2\/tags?post=13303"}],"curies":[{"name":"wp","href":"https:\/\/api.w.org\/{rel}","templated":true}]}}