{"id":13309,"date":"2018-09-28T17:07:26","date_gmt":"2018-09-28T17:07:26","guid":{"rendered":"http:\/\/www.slineamt.ro\/apostolul\/?p=13309"},"modified":"2018-09-28T17:07:26","modified_gmt":"2018-09-28T17:07:26","slug":"cred-un-nou-proiect-pentru-perfectionarea-invatamantului-romanesc","status":"publish","type":"post","link":"http:\/\/www.slineamt.ro\/apostolul\/pasi-spre-europa\/cred-un-nou-proiect-pentru-perfectionarea-invatamantului-romanesc\/","title":{"rendered":"CRED \u2013 un nou proiect pentru perfec\u0163ionarea \u00eenv\u0103\u0163\u0103m\u00e2ntului rom\u00e2nesc"},"content":{"rendered":"<p><a href=\"http:\/\/www.slineamt.ro\/apostolul\/wp-content\/uploads\/2018\/09\/17-ap213-foto1.jpg\"><img loading=\"lazy\" decoding=\"async\" class=\"size-full wp-image-13312 alignleft\" src=\"http:\/\/www.slineamt.ro\/apostolul\/wp-content\/uploads\/2018\/09\/17-ap213-foto1.jpg\" alt=\"\" width=\"567\" height=\"318\" srcset=\"http:\/\/www.slineamt.ro\/apostolul\/wp-content\/uploads\/2018\/09\/17-ap213-foto1.jpg 567w, http:\/\/www.slineamt.ro\/apostolul\/wp-content\/uploads\/2018\/09\/17-ap213-foto1-300x168.jpg 300w, http:\/\/www.slineamt.ro\/apostolul\/wp-content\/uploads\/2018\/09\/17-ap213-foto1-560x314.jpg 560w, http:\/\/www.slineamt.ro\/apostolul\/wp-content\/uploads\/2018\/09\/17-ap213-foto1-260x146.jpg 260w, http:\/\/www.slineamt.ro\/apostolul\/wp-content\/uploads\/2018\/09\/17-ap213-foto1-160x90.jpg 160w\" sizes=\"auto, (max-width: 567px) 100vw, 567px\" \/><\/a>CURRICULUM RELEVANT, EDUCA\u0162IE DESCHIS\u0102 pentru to\u0163i (CRED) \u2013 este titlul unui nou proiect de perfec\u0163ionare a \u00eenv\u0103\u0163\u0103m\u00e2ntului primar \u015fi gimnazial ce va fi implementat p\u00e2n\u0103 \u00een anul 2021 de Ministerul Educa\u0163iei Na\u0163ionale \u00een parteneriat cu Institutul de \u015etiin\u0163e al Educa\u0163iei \u015fi cu o serie de Case ale Corpului Didactic \u015fi Inspectorate \u015ecolare Jude\u0163ene din \u0163ar\u0103.<\/p>\n<p>Obiectivul general al acestui proiect este prevenirea p\u0103r\u0103sirii timpurii a \u015fcolii prin m\u0103suri sistemice de aplicare inovativ\u0103 \u015fi sustenabil\u0103 a noului curriculum na\u0163ional, urm\u0103rind cre\u015fterea accesului la experien\u0163e de \u00eenv\u0103\u0163are de calitate pentru elevii din \u00eenv\u0103\u0163\u0103m\u00e2ntul preuniversitar primar \u015fi gimnazial.<\/p>\n<p>Unul din obiectivele specifice se refer\u0103 la abilitarea curricular\u0103 a 55.000 de cadre didactice din \u00eenv\u0103\u0163\u0103m\u00e2ntul primar \u015fi gimnazial pentru o abordare metodologic\u0103 centrat\u0103 pe competen\u0163e cheie, \u00een acord cu noul curriculum \u015fi adaptarea activit\u0103\u0163ilor de \u00eenv\u0103\u0163are la nevoile specifice fiec\u0103rui elev, inclusiv ale celor afla\u0163i \u00een risc de abandon \u015fcolar. Formarea celor 55.000 de cadre didactice debuteaz\u0103 cu un proces de selec\u0163ie pentru exper\u0163i formatori \u00een fiecare jude\u0163, care vor parcurge un program de 120 de ore \u00een 36 de luni, dintre care 60 ore fa\u0163\u0103 \u00een fa\u0163\u0103 \u015fi 60 ore on-line. Din jude\u0163ul Neam\u0163 vor fi selecta\u0163i 4 exper\u0163i pentru ciclul primar \u015fi 11 exper\u0163i pentru ciclul gimnazial, la urm\u0103toarele discipline: limba \u015fi literatura rom\u00e2n\u0103 (2), matematic\u0103 (2), limba englez\u0103 (1), limba francez\u0103 (1), fizic\u0103 (1), istorie (1), religie (1), educa\u0163ie fizic\u0103 \u015fi sport (1), educa\u0163ie tehnologic\u0103 \u015fi aplica\u0163ii practice (1).<\/p>\n<p>Pentru procesul de recrutare a exper\u0163ilor constituie avantaje la evaluarea dosarului: experien\u0163a \u00een formarea continu\u0103 a cadrelor didactice din \u00eenv\u0103\u0163\u0103m\u00e2ntul preuniversitar; studii postuniversitare (masterat, doctorat, postdoctorat); calitatea de membru \u00een echipe de implementare a programelor de formare continu\u0103 la nivel na\u0163ional; participarea la elaborarea de planuri\u2013cadru, programe \u015fcolare, manuale, ghiduri metodice; organizarea de workshop-uri\/simpozioane\/seminarii\/conferin\u0163e la nivel jude\u0163ean sau na\u0163ional, relevante pentru procesul de dezvoltare a noului curriculum; 90 de credite profesionale transferabile acumulate \u00een ultimii 5 ani; recomandare din partea unui furnizor cu program de formare continu\u0103 acreditat MEN.<\/p>\n<p>Dup\u0103 parcurgerea programului de formare, expertul trebuie s\u0103 se implice \u00een livrarea programului de formare continu\u0103 acreditat destinat cadrelor didactice din \u00eenv\u0103\u0163\u0103m\u00e2ntul primar \u015fi gimnazial, la nivelul jude\u0163ului pentru care a aplicat. Se vor viza trei componente majore: aspecte generale privind abordarea noului Curriculum na\u0163ional, aspecte specifice didacticii de specialitate precum \u015fi aspecte transversale (problematica Programului A doua \u015fans\u0103, dezvoltarea resurselor educa\u0163ionale deschise, consiliere \u015fi dezvoltare personal\u0103, elevi cu cerin\u0163e educa\u0163ionale speciale, managementul curriculumului).<\/p>\n<p>Grupul \u0163int\u0103 al programelor de formare continu\u0103 acreditate este format din 15.000 cadre didactice din \u00eenv\u0103\u0163\u0103m\u00e2ntul primar \u015fi 40.000 cadre didactice din \u00eenv\u0103\u0163\u0103m\u00e2ntul gimnazial.<\/p>\n<p>Metodologia de formare va avea \u00een vedere c\u00e2teva principii:<\/p>\n<p>&#8211; asumarea procesului de schimbare a practicilor didactice la clas\u0103, pornind de la o aplicare adecvat\u0103 a noului Curriculum na\u0163ional;<\/p>\n<p>&#8211; valorificarea experien\u0163elor \u015fi rezultatelor din cercetare, inclusiv a bunelor practici existente pe plan na\u0163ional \u015fi interna\u0163ional;<\/p>\n<p>&#8211; centrarea pe elev, \u00eenv\u0103\u0163area activ\u0103 \u015fi interactiv\u0103.<\/p>\n<p>Iat\u0103 deci un nou proiect de mare anvergur\u0103 care vizeaz\u0103 perfec\u0163ionarea \u00eenv\u0103\u0163\u0103m\u00e2ntului preuniversitar&#8230; Ne exprim\u0103m speran\u0163a c\u0103 \u00ee\u015fi va realiza obiectivele at\u00e2t de generoase (\u015fi \u00een special mult r\u00e2vnita \u00eenv\u0103\u0163are centrat\u0103 pe elev), c\u0103 nu se va cantona \u00een formalism, c\u0103 \u00ee\u015fi va pune o amprent\u0103 real\u0103 \u015fi benefic\u0103 asupra profesorilor \u015fi elevilor \u015fi nu va e\u015fua lamentabil doar \u00eentr-o modalitate de a ob\u0163ine ni\u015fte credite transferabile sau un surplus pentru curriculum vitae.<\/p>\n<p>&nbsp;<\/p>\n<p><strong><em>Gianina BURUIAN\u0102<\/em><\/strong><\/p>\n","protected":false},"excerpt":{"rendered":"<p>CURRICULUM RELEVANT, EDUCA\u0162IE DESCHIS\u0102 pentru to\u0163i (CRED) \u2013 este titlul unui nou proiect de perfec\u0163ionare a \u00eenv\u0103\u0163\u0103m\u00e2ntului primar \u015fi gimnazial ce va fi implementat p\u00e2n\u0103 \u00een anul 2021 de Ministerul Educa\u0163iei Na\u0163ionale \u00een parteneriat cu Institutul de \u015etiin\u0163e al Educa\u0163iei&hellip;<\/p>\n<p class=\"more-link-p\"><a class=\"more-link\" href=\"http:\/\/www.slineamt.ro\/apostolul\/pasi-spre-europa\/cred-un-nou-proiect-pentru-perfectionarea-invatamantului-romanesc\/\">Read more &rarr;<\/a><\/p>\n","protected":false},"author":1,"featured_media":0,"comment_status":"open","ping_status":"closed","sticky":false,"template":"","format":"standard","meta":{"footnotes":""},"categories":[9,340],"tags":[],"class_list":["post-13309","post","type-post","status-publish","format-standard","hentry","category-pasi-spre-europa","category-numarul-213"],"_links":{"self":[{"href":"http:\/\/www.slineamt.ro\/apostolul\/wp-json\/wp\/v2\/posts\/13309","targetHints":{"allow":["GET"]}}],"collection":[{"href":"http:\/\/www.slineamt.ro\/apostolul\/wp-json\/wp\/v2\/posts"}],"about":[{"href":"http:\/\/www.slineamt.ro\/apostolul\/wp-json\/wp\/v2\/types\/post"}],"author":[{"embeddable":true,"href":"http:\/\/www.slineamt.ro\/apostolul\/wp-json\/wp\/v2\/users\/1"}],"replies":[{"embeddable":true,"href":"http:\/\/www.slineamt.ro\/apostolul\/wp-json\/wp\/v2\/comments?post=13309"}],"version-history":[{"count":1,"href":"http:\/\/www.slineamt.ro\/apostolul\/wp-json\/wp\/v2\/posts\/13309\/revisions"}],"predecessor-version":[{"id":13315,"href":"http:\/\/www.slineamt.ro\/apostolul\/wp-json\/wp\/v2\/posts\/13309\/revisions\/13315"}],"wp:attachment":[{"href":"http:\/\/www.slineamt.ro\/apostolul\/wp-json\/wp\/v2\/media?parent=13309"}],"wp:term":[{"taxonomy":"category","embeddable":true,"href":"http:\/\/www.slineamt.ro\/apostolul\/wp-json\/wp\/v2\/categories?post=13309"},{"taxonomy":"post_tag","embeddable":true,"href":"http:\/\/www.slineamt.ro\/apostolul\/wp-json\/wp\/v2\/tags?post=13309"}],"curies":[{"name":"wp","href":"https:\/\/api.w.org\/{rel}","templated":true}]}}