{"id":13318,"date":"2018-09-28T17:08:56","date_gmt":"2018-09-28T17:08:56","guid":{"rendered":"http:\/\/www.slineamt.ro\/apostolul\/?p=13318"},"modified":"2018-09-28T17:08:56","modified_gmt":"2018-09-28T17:08:56","slug":"1918-2018-limba-romana-un-veac-din-eternitate","status":"publish","type":"post","link":"http:\/\/www.slineamt.ro\/apostolul\/arte-si-meseriii\/1918-2018-limba-romana-un-veac-din-eternitate\/","title":{"rendered":"1918-2018. Limba rom\u00e2n\u0103. Un veac din eternitate"},"content":{"rendered":"<p>&nbsp;<\/p>\n<p>Plenul Camerei Deputa\u0163ilor a adoptat, la 19 februarie 2013 (cu 312 voturi pentru, dou\u0103 \u00eempotriv\u0103 \u015fi cinci ab\u0163ineri), un proiect de lege, prin care se instituia ziua de 31 august ca \u201eZiua limbii rom\u00e2ne&#8217;\u201c. Legea a fost promulgat\u0103 de pre\u015fedintele Traian B\u0103sescu la 13 martie 2013 \u015fi publicat\u0103 \u00een Monitorul Oficial la 19 martie 2013. Astfel, \u00een Rom\u00e2nia, \u00een ultima zi de august Ziua Limbii Rom\u00e2ne ar trebui s\u0103 fie s\u0103rb\u0103torit\u0103 de autorit\u0103\u0163ile publice din Rom\u00e2nia \u015fi de reprezentan\u0163ele diplomatice din str\u0103in\u0103tate, inclusiv de Institutele Culturale ale Rom\u00e2niei sau alte institu\u0163ii rom\u00e2ne\u015fti din afara \u0163\u0103rii.<\/p>\n<p>\u00cen Republica Moldova, Ziua Limbii Rom\u00e2ne se s\u0103rb\u0103tore\u015fte \u00eencep\u00e2nd cu 31 august 1989, dat\u0103 la care a fost legiferat\u0103 trecerea la scrierea cu grafie latin\u0103. Potrivit deciziei din ziua de 5 decembrie 2013 a Cur\u0163ii Constitu\u0163ionale a Republicii Moldova, limba rom\u00e2n\u0103 este limba de stat \u00een st\u00e2nga Prutului. Curtea Constitu\u0163ional\u0103 a decis c\u0103 textul din Declara\u0163ia de Independen\u0163\u0103 prevaleaz\u0103 textului din Constitu\u0163ie, ceea ce \u00eenseamn\u0103 c\u0103 limba vorbit\u0103 \u00een Republica Moldova este rom\u00e2na, nu cea men\u0163ionat\u0103 \u00een Constitu\u0163ie \u2013 \u201e moldoveneasc\u0103\u201d.<\/p>\n<p>De c\u00e2\u0163iva ani buni, Chi\u015fin\u0103ul \u015fi Bucure\u015ftiul marcheaz\u0103 simultan aceast\u0103 s\u0103rb\u0103toare.<\/p>\n<p>Anul acesta, la Bucure\u015fti, sub Cupola de Sticl\u0103 a Bibliotecii Academiei au fost expuse patru dintre cele mai vechi manuscrise ce con\u0163in cele mai vechi texte rom\u00e2ne\u015fti: \u201ePsaltirea Hurmuzachi\u201d, \u201ePsaltirea Scheian\u0103\u201d, \u201eCodicele Vorone\u0163ean\u201d \u015fi \u201ePsaltirea Vorone\u0163ean\u0103\u201d. \u00cen afar\u0103 de acest eveniment, Muzeul Na\u0163ional al Literaturii Rom\u00e2ne a organizat o dezbatere intitulat\u0103 \u201e1918-2018 \u2013 Limba rom\u00e2n\u0103. Un veac din eternitate\u201d, eveniment \u00eenso\u0163it de un gr\u0103itor moment muzical.<\/p>\n<p>\u00cen Chi\u015fin\u0103u, \u00een cadrul unei manifest\u0103ri organizat\u0103 \u00een colaborare cu Academia de \u015etiin\u0163e a Moldovei, acad. Eugen Simion, pre\u015fedintele Sec\u0163iei de literatur\u0103 \u015fi filologie a Academiei Rom\u00e2ne a sus\u0163inut prelegerea intitulat\u0103 \u201eCultura na\u0163ional\u0103 \u015fi provoc\u0103rile globaliz\u0103rii\u201d .<\/p>\n<p>La Piatra-Neam\u0163 \u00eenc\u0103 nu s-a auzit de aceast\u0103 s\u0103rb\u0103toare.<\/p>\n<p><strong><em>Red.<\/em><\/strong><\/p>\n","protected":false},"excerpt":{"rendered":"<p>&nbsp; Plenul Camerei Deputa\u0163ilor a adoptat, la 19 februarie 2013 (cu 312 voturi pentru, dou\u0103 \u00eempotriv\u0103 \u015fi cinci ab\u0163ineri), un proiect de lege, prin care se instituia ziua de 31 august ca \u201eZiua limbii rom\u00e2ne&#8217;\u201c. Legea a fost promulgat\u0103 de&hellip;<\/p>\n<p class=\"more-link-p\"><a class=\"more-link\" href=\"http:\/\/www.slineamt.ro\/apostolul\/arte-si-meseriii\/1918-2018-limba-romana-un-veac-din-eternitate\/\">Read more &rarr;<\/a><\/p>\n","protected":false},"author":1,"featured_media":0,"comment_status":"open","ping_status":"closed","sticky":false,"template":"","format":"standard","meta":{"footnotes":""},"categories":[7,340],"tags":[],"class_list":["post-13318","post","type-post","status-publish","format-standard","hentry","category-arte-si-meseriii","category-numarul-213"],"_links":{"self":[{"href":"http:\/\/www.slineamt.ro\/apostolul\/wp-json\/wp\/v2\/posts\/13318","targetHints":{"allow":["GET"]}}],"collection":[{"href":"http:\/\/www.slineamt.ro\/apostolul\/wp-json\/wp\/v2\/posts"}],"about":[{"href":"http:\/\/www.slineamt.ro\/apostolul\/wp-json\/wp\/v2\/types\/post"}],"author":[{"embeddable":true,"href":"http:\/\/www.slineamt.ro\/apostolul\/wp-json\/wp\/v2\/users\/1"}],"replies":[{"embeddable":true,"href":"http:\/\/www.slineamt.ro\/apostolul\/wp-json\/wp\/v2\/comments?post=13318"}],"version-history":[{"count":1,"href":"http:\/\/www.slineamt.ro\/apostolul\/wp-json\/wp\/v2\/posts\/13318\/revisions"}],"predecessor-version":[{"id":13321,"href":"http:\/\/www.slineamt.ro\/apostolul\/wp-json\/wp\/v2\/posts\/13318\/revisions\/13321"}],"wp:attachment":[{"href":"http:\/\/www.slineamt.ro\/apostolul\/wp-json\/wp\/v2\/media?parent=13318"}],"wp:term":[{"taxonomy":"category","embeddable":true,"href":"http:\/\/www.slineamt.ro\/apostolul\/wp-json\/wp\/v2\/categories?post=13318"},{"taxonomy":"post_tag","embeddable":true,"href":"http:\/\/www.slineamt.ro\/apostolul\/wp-json\/wp\/v2\/tags?post=13318"}],"curies":[{"name":"wp","href":"https:\/\/api.w.org\/{rel}","templated":true}]}}