{"id":13324,"date":"2018-09-28T17:10:41","date_gmt":"2018-09-28T17:10:41","guid":{"rendered":"http:\/\/www.slineamt.ro\/apostolul\/?p=13324"},"modified":"2018-09-28T17:10:41","modified_gmt":"2018-09-28T17:10:41","slug":"profesorii-nostri-maria%e2%80%88rugina","status":"publish","type":"post","link":"http:\/\/www.slineamt.ro\/apostolul\/cronica-literara\/profesorii-nostri-maria%e2%80%88rugina\/","title":{"rendered":"Profesorii no\u015ftri: MARIA\u2008RUGIN\u0102"},"content":{"rendered":"<p><a href=\"http:\/\/www.slineamt.ro\/apostolul\/wp-content\/uploads\/2018\/09\/15-ap213-foto1.jpg\"><img loading=\"lazy\" decoding=\"async\" class=\"size-full wp-image-13327 alignleft\" src=\"http:\/\/www.slineamt.ro\/apostolul\/wp-content\/uploads\/2018\/09\/15-ap213-foto1.jpg\" alt=\"\" width=\"310\" height=\"425\" srcset=\"http:\/\/www.slineamt.ro\/apostolul\/wp-content\/uploads\/2018\/09\/15-ap213-foto1.jpg 310w, http:\/\/www.slineamt.ro\/apostolul\/wp-content\/uploads\/2018\/09\/15-ap213-foto1-219x300.jpg 219w, http:\/\/www.slineamt.ro\/apostolul\/wp-content\/uploads\/2018\/09\/15-ap213-foto1-260x356.jpg 260w, http:\/\/www.slineamt.ro\/apostolul\/wp-content\/uploads\/2018\/09\/15-ap213-foto1-160x219.jpg 160w\" sizes=\"auto, (max-width: 310px) 100vw, 310px\" \/><\/a>Maria Rugin\u0103 a fost profesoar\u0103 de istorie la \u015ecoala General\u0103 Nr. 12 din Piatra-Neam\u0163. \u015etiam despre ea, dar o discu\u0163ie cu dumneaei, indiferent de problem\u0103, nu am avut p\u00e2n\u0103 de cur\u00e2nd, c\u00e2nd am editat cartea <em>Profesorii<\/em>. \u00cen memorie p\u0103stram\/p\u0103strez \u00eens\u0103 un eveniment de la un cerc pedagogic al profesorilor de \u015ftiin\u0163e sociale (economie politic\u0103 \u015fi filosofie) \u015fi de istorie. Locul de desf\u0103\u015furarea al activit\u0103\u0163ii a fost sala mare a Sfatului Popular Jude\u0163ean. De re\u0163inut, activitatea profesorilor aminti\u0163i st\u0103tea \u00een aten\u0163ia organelor de partid, dup\u0103 cum \u015ftiu cei mai \u00een v\u00e2rst\u0103, iar \u015fedin\u0163ele cercurilor acestora erau <em>onorate<\/em> nu de pu\u0163ine ori de prezen\u0163a multor activi\u015fti de cel mai \u00eenalt rang.<\/p>\n<p>La una dintre \u015fedin\u0163e a urcat la tribun\u0103, voluntar sau obligat\u0103 (mai mult ca sigur) profesoara Maria Rugin\u0103. Vorbea despre eforturile pe care le fac profesorii \u00een educa\u0163ia patriotic\u0103 a elevilor \u015fi ca s\u0103 \u00eenl\u0103ture o repeti\u0163ie \u00een exprimare a pronun\u0163at cuv\u00e2ntul <em>travaliu<\/em>. Ca ars\u0103, Maria Gheorghe, prim-secretar al comitetului jude\u0163ean a partidului, a<em> corectat-o<\/em> pe loc: <em>Travaliu fac doar femeile c\u00e2nd nasc<\/em>. A \u00eencercat Maria Rugin\u0103 s\u0103-i vorbeasc\u0103 despre cuvintele sinonime, dar a fost \u00een z\u0103dar, <em>academiciana<\/em> nem\u0163ean\u0103 nu s-a l\u0103sat l\u0103murit\u0103.<\/p>\n<p>Maria Rugin\u0103 este originar\u0103 din comuna Bozieni, Jude\u0163ul Neam\u0163. Dup\u0103 terminarea clasei a IV-a primar\u0103 a urmat cursurile \u015ecolii Pedagogice de Fete din Piatra-Neam\u0163. Apoi, ale Facult\u0103\u0163ii de Istorie, Universitatea \u201eAlexandru Ioan Cuza\u201d din Ia\u015fi. Are o v\u00e2rst\u0103 frumu\u015fic\u0103 \u015fi se \u00eencadreaz\u0103 \u00een categoria acelor <em>homo sapiens<\/em> pensionari care nu las\u0103 timpul s\u0103 treac\u0103 pe l\u00e2ng\u0103 ei ca apa pe l\u00e2ng\u0103 un corp uns cu gr\u0103simi, ci \u00eel folosesc \u00een interesul lor \u015fi al altora.<\/p>\n<p>Maria Rugin\u0103 a publicat p\u00e2n\u0103 \u00een prezent volumele <em>Iubirea de idee, ideea de iubire<\/em> (2009); <em>Cartea nerostirii<\/em> (2012); <em>Neajungerea de sine<\/em> (2014) \u015fi <em>Adev\u0103rul, \u201epunctul fix\u201d al neopririi<\/em> (anul acesta), la Editura \u201eCetatea Doamnei\u201d. \u00cen preg\u0103tire, ne spune autoarea, are: <em>Apa vie din cuv\u00e2nt<\/em> (versuri); <em>Binele \u2013 \u201eLumin\u0103 din lumin\u0103\u201d<\/em> (versuri) \u015fi <em>Impresii literare<\/em> (cronici).<\/p>\n<p>S\u0103 z\u0103bovim pu\u0163in asupra ultimei apari\u0163ii literare \u015fi al sintagmei, <em>punctul fix \u015fi neoprirea<\/em> \u2013 dou\u0103 no\u0163iuni care par a se exclude reciproc. Dac\u0103 n-ar exista \u015fi cel\u0103lalt cuv\u00e2nt, <em>adev\u0103rul<\/em>, s-ar putea discuta despre o problem\u0103 de ontologie, despre fiin\u0163area \u00een continu\u0103 mi\u015fcare a existen\u0163ei iar aceasta se poate cunoa\u015fte doar prin existen\u0163a repausului.<\/p>\n<p>Introducerea conceptului <em>adev\u0103r<\/em> schimb\u0103 datele problemei, autoarea abordeaz\u0103 o chestiune de gnoseologie social\u0103, societatea este o realitate <em>panta rhey<\/em>, o realitate care curge, se transform\u0103. Aceast\u0103 curgere \u00een viziunea doamnei Maria Rugin\u0103, nu este pozitiv\u0103, ci negativ\u0103. For\u0163\u00e2nd pu\u0163in lucrurile, am include g\u00e2ndurile doamnei Rugin\u0103 \u00eentr-o viziune schopenhaurian\u0103, c\u0103 suferin\u0163ele sunt pozitive, pl\u0103cerile temporare. Depist\u0103m \u00een scrierile sale, de asemenea, multe accente de revolt\u0103 asupra situa\u0163iei de azi a Rom\u00e2niei, \u00eenscris\u0103 pe coordonatele globaliz\u0103rii,<\/p>\n<p>Cele spuse sunt subiectivismul meu despre unele exprim\u0103ri \u00een scris ale doamnei Rugin\u0103. \u00cen realitate, doamna Rugin\u0103 este o optimist\u0103 incurabil\u0103 \u015fi \u00een discu\u0163ii te face s\u0103-\u0163i schimbi uneori g\u00e2ndurile. Te impresioneaz\u0103 cum vede dumneaei senectutea, cum a trecut \u015fi trece peste greut\u0103\u0163ile inerente ale acestei v\u00e2rste, cum percepe orizontul propriei vie\u0163i.<\/p>\n<p>F\u0103r\u0103 a avea preten\u0163ia unei analize exhaustive a scrierilor doamnei Rugin\u0103, problematica abordat\u0103 \u00een poeziile dumneaei reclam\u00e2nd o insisten\u0163\u0103 mai \u00eendelungat\u0103 de medita\u0163i, o s\u0103 subliniez doar c\u0103, dac\u0103 transform\u0103m multe din g\u00e2ndurile sale exprimate \u00een versuri \u015fi figuri de stil \u00een proz\u0103, Maria Rugin\u0103 poate fi definit\u0103 \u015fi ca o eseist\u0103, \u015fi nu una de m\u00e2na a doua, ci una de profunzime. \u015ei a\u015fa este: o eseist\u0103 oarecum aparte, cu g\u00e2nduri redate prin metafore.<\/p>\n<p>Ca majoritatea celor care s-au apucat de scris la anii senectu\u0163ii, doamn\u0103 Rugin\u0103 nu-\u015fi vinde c\u0103r\u0163ile, prin activitatea sa nu urm\u0103re\u015fte \u00eendeplinirea unui proiect pecuniar, ci le ofer\u0103 gratis colegilor, cuno\u015ftin\u0163elor, institu\u0163iilor de cultur\u0103. Apoi, dac\u0103 \u00een lumea litera\u0163ilor nem\u0163eni este mai pu\u0163in cunoscut\u0103, pe facebook face parte dintr-o familie numeroas\u0103, ai c\u0103rei membri o apreciaz\u0103 \u015fi cu care discut\u0103 ces\u00adtiuni literare sau politice, tot cu ajutorul metaforelor.<\/p>\n<p>&nbsp;<\/p>\n<p><strong><em>Emil BUCURE\u015eTEANU<\/em><\/strong><\/p>\n","protected":false},"excerpt":{"rendered":"<p>Maria Rugin\u0103 a fost profesoar\u0103 de istorie la \u015ecoala General\u0103 Nr. 12 din Piatra-Neam\u0163. \u015etiam despre ea, dar o discu\u0163ie cu dumneaei, indiferent de problem\u0103, nu am avut p\u00e2n\u0103 de cur\u00e2nd, c\u00e2nd am editat cartea Profesorii. \u00cen memorie p\u0103stram\/p\u0103strez \u00eens\u0103&hellip;<\/p>\n<p class=\"more-link-p\"><a class=\"more-link\" href=\"http:\/\/www.slineamt.ro\/apostolul\/cronica-literara\/profesorii-nostri-maria%e2%80%88rugina\/\">Read more &rarr;<\/a><\/p>\n","protected":false},"author":1,"featured_media":0,"comment_status":"open","ping_status":"closed","sticky":false,"template":"","format":"standard","meta":{"footnotes":""},"categories":[16,340],"tags":[],"class_list":["post-13324","post","type-post","status-publish","format-standard","hentry","category-cronica-literara","category-numarul-213"],"_links":{"self":[{"href":"http:\/\/www.slineamt.ro\/apostolul\/wp-json\/wp\/v2\/posts\/13324","targetHints":{"allow":["GET"]}}],"collection":[{"href":"http:\/\/www.slineamt.ro\/apostolul\/wp-json\/wp\/v2\/posts"}],"about":[{"href":"http:\/\/www.slineamt.ro\/apostolul\/wp-json\/wp\/v2\/types\/post"}],"author":[{"embeddable":true,"href":"http:\/\/www.slineamt.ro\/apostolul\/wp-json\/wp\/v2\/users\/1"}],"replies":[{"embeddable":true,"href":"http:\/\/www.slineamt.ro\/apostolul\/wp-json\/wp\/v2\/comments?post=13324"}],"version-history":[{"count":1,"href":"http:\/\/www.slineamt.ro\/apostolul\/wp-json\/wp\/v2\/posts\/13324\/revisions"}],"predecessor-version":[{"id":13330,"href":"http:\/\/www.slineamt.ro\/apostolul\/wp-json\/wp\/v2\/posts\/13324\/revisions\/13330"}],"wp:attachment":[{"href":"http:\/\/www.slineamt.ro\/apostolul\/wp-json\/wp\/v2\/media?parent=13324"}],"wp:term":[{"taxonomy":"category","embeddable":true,"href":"http:\/\/www.slineamt.ro\/apostolul\/wp-json\/wp\/v2\/categories?post=13324"},{"taxonomy":"post_tag","embeddable":true,"href":"http:\/\/www.slineamt.ro\/apostolul\/wp-json\/wp\/v2\/tags?post=13324"}],"curies":[{"name":"wp","href":"https:\/\/api.w.org\/{rel}","templated":true}]}}