{"id":13333,"date":"2018-09-28T17:12:41","date_gmt":"2018-09-28T17:12:41","guid":{"rendered":"http:\/\/www.slineamt.ro\/apostolul\/?p=13333"},"modified":"2018-09-28T17:13:05","modified_gmt":"2018-09-28T17:13:05","slug":"semnal-hai-cu-noi","status":"publish","type":"post","link":"http:\/\/www.slineamt.ro\/apostolul\/cronica-literara\/semnal-hai-cu-noi\/","title":{"rendered":"SEMNAL    \u201eHai cu noi!\u201d"},"content":{"rendered":"<p><a href=\"http:\/\/www.slineamt.ro\/apostolul\/wp-content\/uploads\/2018\/09\/14-ap213-foto2.jpg\"><img loading=\"lazy\" decoding=\"async\" class=\"size-full wp-image-13336 alignleft\" src=\"http:\/\/www.slineamt.ro\/apostolul\/wp-content\/uploads\/2018\/09\/14-ap213-foto2.jpg\" alt=\"\" width=\"301\" height=\"425\" srcset=\"http:\/\/www.slineamt.ro\/apostolul\/wp-content\/uploads\/2018\/09\/14-ap213-foto2.jpg 301w, http:\/\/www.slineamt.ro\/apostolul\/wp-content\/uploads\/2018\/09\/14-ap213-foto2-212x300.jpg 212w, http:\/\/www.slineamt.ro\/apostolul\/wp-content\/uploads\/2018\/09\/14-ap213-foto2-260x367.jpg 260w, http:\/\/www.slineamt.ro\/apostolul\/wp-content\/uploads\/2018\/09\/14-ap213-foto2-160x226.jpg 160w\" sizes=\"auto, (max-width: 301px) 100vw, 301px\" \/><\/a>\u00cendemnul de mai sus reprezint\u0103 titlul unei reviste pe care am primit-o recent, prin bun\u0103voin\u0163a unei foste colaboratoare a redac\u0163iei noastre. Publica\u0163ia la care ne vom referi \u00een cele ce urmeaz\u0103 apare \u00een Parohia ortodox\u0103 \u201eSfin\u0163ii Voievozi\u201d din S\u0103vine\u015fti, comun\u0103 suburban\u0103 a Municipiului Piatra-Neam\u0163 \u015fi este condus\u0103 de un colectiv redac\u0163ional coordonat de preotul paroh Petru Munteanu.<\/p>\n<p>Tehnoredactat\u0103 \u00een format A5 publica\u0163ia con\u0163ine 64 de pagini \u015fi este structurat\u0103 \u00een mai multe compartimente (<em>Catehez\u0103, Ne scriu cititorii, Un strop de s\u0103n\u0103tate, Rubrica Poft\u0103 Bun\u0103!; Cuvinte \u00eencruci\u015fate, Pagina tinerilor, Pagina Copiilor, Cine \u015ftie, r\u0103spunde!, Din comunitate<\/em>), precedate \u00een num\u0103rul 54, din iulie 2018, de editorialul \u201eOmul singuratic\u201d semnat de preotul paroh Petru Munteanu.<\/p>\n<p>Prin con\u0163inutul divers \u015fi bogat din punct de vedere tematic, cititorului din parohie sau din alte p\u0103r\u0163i \u00eei sunt oferite at\u00e2t cuno\u015ftin\u0163e despre via\u0163a religioas\u0103 c\u00e2t \u015fi diverse referiri la aspecte ale vie\u0163ii comunit\u0103\u0163ii din care face parte. Demne de men\u0163ionat sunt informa\u0163iile asupra multor ini\u0163iative ale preotului paroh Petru Munteanu, ini\u0163iative care s-au concretizat \u00een activit\u0103\u0163i desf\u0103\u015furate \u00een folosul comunit\u0103\u0163ii pe care o p\u0103store\u015fte \u015fi la care sunt antrena\u0163i enoria\u015fi \u015fi sponsori. Toate acestea sunt organizate \u015fi desf\u0103\u015furate prin intermediul Funda\u0163iei \u201e\u00cempreun\u0103 pentru Solidaritate Social\u0103\u201d.<\/p>\n<p>La acestea se adaug\u0103 \u015fi o ilustra\u0163ie par\u0163ial color care reproduce \u00een primul r\u00e2nd imagini din iconografia ortodox\u0103, precum \u015fi imagini reprezent\u00e2nd aspecte ale activit\u0103\u0163ii desf\u0103\u015furate de funda\u0163ie.<\/p>\n<p>\u00cencheiem aceast\u0103 not\u0103-semnal \u015fi cu o sugestie pentru colectivul redac\u0163ional c\u00e2t \u015fi pentru al\u0163i ini\u0163iatori de publica\u0163ii. Este bine ca fiecare num\u0103r al unei astfel de \u00eentreprinderi s\u0103 con\u0163in\u0103 c\u00e2teva elemente absolut necesare care s\u0103 fie \u00eenscrise imediat sub titlul: periodicitatea publica\u0163iei (s\u0103pt\u0103m\u00e2nal, bilunar, lunar, trimestrial, anual), anul la care a ajuns num\u0103rul respectiv \u015fi num\u0103rul.<\/p>\n<p>&nbsp;<\/p>\n<p><strong><em>Constantin TOM\u015eA<\/em><\/strong><\/p>\n","protected":false},"excerpt":{"rendered":"<p>\u00cendemnul de mai sus reprezint\u0103 titlul unei reviste pe care am primit-o recent, prin bun\u0103voin\u0163a unei foste colaboratoare a redac\u0163iei noastre. Publica\u0163ia la care ne vom referi \u00een cele ce urmeaz\u0103 apare \u00een Parohia ortodox\u0103 \u201eSfin\u0163ii Voievozi\u201d din S\u0103vine\u015fti, comun\u0103&hellip;<\/p>\n<p class=\"more-link-p\"><a class=\"more-link\" href=\"http:\/\/www.slineamt.ro\/apostolul\/cronica-literara\/semnal-hai-cu-noi\/\">Read more &rarr;<\/a><\/p>\n","protected":false},"author":1,"featured_media":0,"comment_status":"open","ping_status":"closed","sticky":false,"template":"","format":"standard","meta":{"footnotes":""},"categories":[16,340],"tags":[],"class_list":["post-13333","post","type-post","status-publish","format-standard","hentry","category-cronica-literara","category-numarul-213"],"_links":{"self":[{"href":"http:\/\/www.slineamt.ro\/apostolul\/wp-json\/wp\/v2\/posts\/13333","targetHints":{"allow":["GET"]}}],"collection":[{"href":"http:\/\/www.slineamt.ro\/apostolul\/wp-json\/wp\/v2\/posts"}],"about":[{"href":"http:\/\/www.slineamt.ro\/apostolul\/wp-json\/wp\/v2\/types\/post"}],"author":[{"embeddable":true,"href":"http:\/\/www.slineamt.ro\/apostolul\/wp-json\/wp\/v2\/users\/1"}],"replies":[{"embeddable":true,"href":"http:\/\/www.slineamt.ro\/apostolul\/wp-json\/wp\/v2\/comments?post=13333"}],"version-history":[{"count":2,"href":"http:\/\/www.slineamt.ro\/apostolul\/wp-json\/wp\/v2\/posts\/13333\/revisions"}],"predecessor-version":[{"id":13348,"href":"http:\/\/www.slineamt.ro\/apostolul\/wp-json\/wp\/v2\/posts\/13333\/revisions\/13348"}],"wp:attachment":[{"href":"http:\/\/www.slineamt.ro\/apostolul\/wp-json\/wp\/v2\/media?parent=13333"}],"wp:term":[{"taxonomy":"category","embeddable":true,"href":"http:\/\/www.slineamt.ro\/apostolul\/wp-json\/wp\/v2\/categories?post=13333"},{"taxonomy":"post_tag","embeddable":true,"href":"http:\/\/www.slineamt.ro\/apostolul\/wp-json\/wp\/v2\/tags?post=13333"}],"curies":[{"name":"wp","href":"https:\/\/api.w.org\/{rel}","templated":true}]}}