{"id":13351,"date":"2018-09-28T17:14:18","date_gmt":"2018-09-28T17:14:18","guid":{"rendered":"http:\/\/www.slineamt.ro\/apostolul\/?p=13351"},"modified":"2018-09-28T17:14:18","modified_gmt":"2018-09-28T17:14:18","slug":"eugen-verman-noi-cei-de-pe-lapusneanu","status":"publish","type":"post","link":"http:\/\/www.slineamt.ro\/apostolul\/lectia-de-istorie\/eugen-verman-noi-cei-de-pe-lapusneanu\/","title":{"rendered":"Eugen Verman: Noi, cei de pe \u201eL\u0103pu\u015fneanu\u201d"},"content":{"rendered":"<p>&nbsp;<\/p>\n<p>&nbsp;<\/p>\n<p><a href=\"http:\/\/www.slineamt.ro\/apostolul\/wp-content\/uploads\/2018\/09\/14-ap213-foto1.jpg\"><img loading=\"lazy\" decoding=\"async\" class=\"size-full wp-image-13339 alignleft\" src=\"http:\/\/www.slineamt.ro\/apostolul\/wp-content\/uploads\/2018\/09\/14-ap213-foto1.jpg\" alt=\"\" width=\"294\" height=\"413\" srcset=\"http:\/\/www.slineamt.ro\/apostolul\/wp-content\/uploads\/2018\/09\/14-ap213-foto1.jpg 294w, http:\/\/www.slineamt.ro\/apostolul\/wp-content\/uploads\/2018\/09\/14-ap213-foto1-214x300.jpg 214w, http:\/\/www.slineamt.ro\/apostolul\/wp-content\/uploads\/2018\/09\/14-ap213-foto1-260x365.jpg 260w, http:\/\/www.slineamt.ro\/apostolul\/wp-content\/uploads\/2018\/09\/14-ap213-foto1-160x225.jpg 160w\" sizes=\"auto, (max-width: 294px) 100vw, 294px\" \/><\/a>Scriitorul Eugen Verman (n.13.12.1937, Piatra-Neam\u0163), \u015fi-a lansat, \u00een iunie 2017, la Muzeul Memorial \u201eCalistrat Hoga\u015f\u201d din ora\u015ful natal, \u00een prezen\u0163a fo\u015ftilor prieteni \u015fi colegi din copil\u0103rie \u015fi adolescen\u0163\u0103, volumul intitulat <em>Noi, cei de pe \u201eL\u0103pu\u015fneanu\u201d.<\/em><\/p>\n<p>Aceast\u0103 carte, publicat\u0103 sub emblema Editurii <em>Corgal Press<\/em>, din Bac\u0103u (manager Cornel Galben) este prefa\u0163at\u0103 de cunoscutul \u015fi distinsul om de cultur\u0103, Constantin C\u0103lin \u00eentr-un text cu un titlul sugestiv \u2013 <em>Un autor captivant<\/em> \u2013 \u00een care, asigur\u0103 pe poten\u0163ialii cititori c\u0103 proza lui Eugen Verman merit\u0103 citit\u0103.<\/p>\n<p>Tot \u00eentr-un text preliminar \u2013 <em>Am fost \u015fi noi, odat\u0103, copii<\/em> \u2013, autorul dezv\u0103luie cititorului faptul c\u0103 o afirma\u0163ie a lui Jean Paul (<em>Amintirile sunt unicul rai din care nimeni nu ne poate izgoni<\/em>) l-a determinat s\u0103 scrie despre copil\u0103rie<em>:\u2026amintirile acelea pe care suntem, cu to\u0163ii, st\u0103p\u00e2ni, c\u0103ci, dac\u0103 orice ne poate fi luat, ne poate fi maltratat sau ucis, tr\u0103irile noastre trecute, \u00eencep\u00e2nd cu primele momente ale cunoa\u015fterii de sine \u015fi ale recunoa\u015fterii lumii \u00een care am ap\u0103rut din nimic, fac parte din fiin\u0163a noastr\u0103<\/em>.<\/p>\n<p>Cele 30 proze ce alc\u0103tuiesc cartea lui Eugen Verman sunt tot at\u00e2tea secven\u0163e care ilustreaz\u0103, reconstituind \u00een acela\u015fi timp, pe baza amintirilor din copil\u0103rie \u015fi adolescen\u0163\u0103, imaginea unei str\u0103zi din ora\u015ful natal care a purtat de-a lungul anilor mai multe nume <strong>(Alexandru L\u0103pu\u015fneanu, 13 Decembrie, Speran\u0163ei, \u015fi din nou Alexandru L\u0103pu\u015fneanu<\/strong>), strad\u0103 cu o popula\u0163ie pestri\u0163\u0103 \u00een func\u0163ie de \u00eendeletnicirile celor care o locuiau, de la cei mai s\u0103raci la cei mai \u00eenst\u0103ri\u0163i, o strad\u0103 cu mul\u0163i copii de v\u00e2rste apropiate, \u00een mijlocul c\u0103rora a crescut \u015fi povestitorul.<\/p>\n<p>Astfel putem considera cartea lui Eugen Verman un veritabil bildungsroman scris cu m\u0103iestria pe care autorul a demonstrat-o \u015fi \u00een c\u0103r\u0163ile anterioare (<em>Robu<\/em>, 1999, Editura De\u015fteptarea, Bac\u0103u; <em>Destin<\/em>, 2001, Editura Studion, Bac\u0103u; <em>Culai<\/em>, 2005, Editura Casa Scriitorilor, Bac\u0103u; <em>Liliacul Alb. Zborul num\u0103rul trei<\/em>, 2007, Editura Corgal Press, Bac\u0103u; <em>Miezul vie\u0163ii. Oameni \u015fi destine<\/em>, 2009, Editura Corgal Press, Bac\u0103u; <em>Culai<\/em>, 2009, edi\u0163ia a doua rev\u0103zut\u0103 \u015fi completat\u0103, Editura Corgal Press, Bac\u0103u; <em>Z\u0103pezi murdare \u015fi alte povestiri<\/em>, 2015, Editura Corgal Press, Bac\u0103u) ce au la baz\u0103 acelea\u015fi amintiri ce st\u0103ruie cu insisten\u0163\u0103 \u00een mintea sa \u015fi \u00eel urm\u0103resc \u015fi la v\u00e2rsta senectu\u0163ii.<\/p>\n<p>M\u0103iestria autorului este prezent\u0103 \u00een mai multe componente ale construc\u0163iei narative \u2013 precum descrierile de natur\u0103 \u00een diferite anotimpuri \u015fi momente ale zilei; \u00een alc\u0103tuirea unor portrete ale copiilor \u00eentre care se deta\u015feaz\u0103 personajul principal, povestitorul, care la un moment dat chiar men\u0163ioneaz\u0103 c\u0103 el este liderul grupului de copii de pe strada L\u0103pu\u015fneanu; nu lipsesc nici portretele celor maturi un loc aparte ocup\u00e2ndu-l cei doi p\u0103rin\u0163i ai s\u0103i \u015fi mai ales bunica matern\u0103, o \u0163\u0103ranc\u0103 \u00een\u0163eleapt\u0103 cunosc\u0103toare a multor pove\u015fti precum \u015fi o bun\u0103 gospodin\u0103 mai ales \u00een arta culinar\u0103; sunt prezente \u015fi se re\u0163in c\u00e2teva portrete ale unor \u201epersonalit\u0103\u0163i\u201d din strada L\u0103pu\u015fneanu precum evreica ce de\u0163ine o b\u0103c\u0103nie, cizmarul Durican sau directorul \u201espa\u0163iului locativ\u201d locatar al unei case na\u0163ionalizate \u015f. a.<\/p>\n<p>\u00centreaga ac\u0163iune din cartea lui Eugen Verman cuprinde perioada din primele dou\u0103 decenii de dup\u0103 Al Doilea R\u0103zboi Mondial, f\u0103r\u0103 o insisten\u0163\u0103 ostentativ\u0103 asupra evenimentelor politice din perioada cunoscut\u0103 sub sintagma pe care a atribuit-o Marin Preda: obsedantul deceniu. Acestea \u015fi \u00eenc\u0103 multe alte virtu\u0163i ale c\u0103r\u0163ii semnate de Eugen Verman o a\u015feaz\u0103 \u00een r\u00e2ndul literaturii care are \u00een centrul ei copil\u0103ria, cea mai frumoas\u0103 perioad\u0103 din via\u0163a omului.<\/p>\n<p>&nbsp;<\/p>\n<p><strong><em>Constantin TOM\u015eA<\/em><\/strong><\/p>\n","protected":false},"excerpt":{"rendered":"<p>&nbsp; &nbsp; Scriitorul Eugen Verman (n.13.12.1937, Piatra-Neam\u0163), \u015fi-a lansat, \u00een iunie 2017, la Muzeul Memorial \u201eCalistrat Hoga\u015f\u201d din ora\u015ful natal, \u00een prezen\u0163a fo\u015ftilor prieteni \u015fi colegi din copil\u0103rie \u015fi adolescen\u0163\u0103, volumul intitulat Noi, cei de pe \u201eL\u0103pu\u015fneanu\u201d. Aceast\u0103 carte, publicat\u0103&hellip;<\/p>\n<p class=\"more-link-p\"><a class=\"more-link\" href=\"http:\/\/www.slineamt.ro\/apostolul\/lectia-de-istorie\/eugen-verman-noi-cei-de-pe-lapusneanu\/\">Read more &rarr;<\/a><\/p>\n","protected":false},"author":1,"featured_media":0,"comment_status":"open","ping_status":"closed","sticky":false,"template":"","format":"standard","meta":{"footnotes":""},"categories":[6],"tags":[],"class_list":["post-13351","post","type-post","status-publish","format-standard","hentry","category-lectia-de-istorie"],"_links":{"self":[{"href":"http:\/\/www.slineamt.ro\/apostolul\/wp-json\/wp\/v2\/posts\/13351","targetHints":{"allow":["GET"]}}],"collection":[{"href":"http:\/\/www.slineamt.ro\/apostolul\/wp-json\/wp\/v2\/posts"}],"about":[{"href":"http:\/\/www.slineamt.ro\/apostolul\/wp-json\/wp\/v2\/types\/post"}],"author":[{"embeddable":true,"href":"http:\/\/www.slineamt.ro\/apostolul\/wp-json\/wp\/v2\/users\/1"}],"replies":[{"embeddable":true,"href":"http:\/\/www.slineamt.ro\/apostolul\/wp-json\/wp\/v2\/comments?post=13351"}],"version-history":[{"count":1,"href":"http:\/\/www.slineamt.ro\/apostolul\/wp-json\/wp\/v2\/posts\/13351\/revisions"}],"predecessor-version":[{"id":13354,"href":"http:\/\/www.slineamt.ro\/apostolul\/wp-json\/wp\/v2\/posts\/13351\/revisions\/13354"}],"wp:attachment":[{"href":"http:\/\/www.slineamt.ro\/apostolul\/wp-json\/wp\/v2\/media?parent=13351"}],"wp:term":[{"taxonomy":"category","embeddable":true,"href":"http:\/\/www.slineamt.ro\/apostolul\/wp-json\/wp\/v2\/categories?post=13351"},{"taxonomy":"post_tag","embeddable":true,"href":"http:\/\/www.slineamt.ro\/apostolul\/wp-json\/wp\/v2\/tags?post=13351"}],"curies":[{"name":"wp","href":"https:\/\/api.w.org\/{rel}","templated":true}]}}