{"id":1358,"date":"2012-05-03T14:59:18","date_gmt":"2012-05-03T14:59:18","guid":{"rendered":"http:\/\/www.cnrv.ro\/apostolul\/?p=1358"},"modified":"2012-05-03T14:59:18","modified_gmt":"2012-05-03T14:59:18","slug":"concurs-video-pentru-tineri-generatia-92","status":"publish","type":"post","link":"http:\/\/www.slineamt.ro\/apostolul\/scoala-nemteana-la-zi\/concurs-video-pentru-tineri-generatia-92\/","title":{"rendered":"Concurs video pentru tineri \u201eGenera\u0163ia &#8217;92\u201d"},"content":{"rendered":"<p>Care este viziunea ta despre un stil de via\u0163\u0103 durabil peste 20 de ani? La aceast\u0103 \u00eentrebare ar trebui s\u0103 r\u0103spund\u0103, \u00een cadrul Concursului &#8222;Genera\u0163ia &#8217;92&#8221;,\u00a0 tinerii europeni n\u0103scu\u0163i \u00een 1991, 1992 sau 1993 printr-un material video care s\u0103 prezinte viziunea lor. Materialele video trebuiaui trimise \u00een perioada 1 martie &#8211; 2 aprilie.<\/p>\n<p>C\u00ee\u015ftig\u0103torii concursului vor fi invita\u0163i s\u0103 participe la un eveniment dedicat dezvolt\u0103rii durabile care va avea loc la Copenhaga, pe data de 5 iunie, c\u00eend vor primi \u015fi premiile. Premiile sunt destul de atractive: premiul I -3.000 de euro \u015fi medalie; premiul II -2.000 de euro \u015fi medalie; premiul III &#8211; 1.000 de euro \u015fi medalie, \u00een timp ce prefera\u0163ii publicului vor fi r\u0103spl\u0103ti\u0163i doar cu o medalie.<\/p>\n<p>&#8222;\u00cen urm\u0103 cu dou\u0103zeci de ani, \u015fefii de stat s-au reunit la Rio de Janeiro pentru primul &#8222;Summit al P\u0103m\u00eentului&#8221;. Conferin\u0163a a reprezentat un eveniment istoric, duc\u00eend la o serie de tratate \u00een domeniul mediului. \u00cen luna iunie a acestui an, \u015fefii de stat se vor \u00eent\u00eelni din nou, \u00een speran\u0163a c\u0103 aceast\u0103 \u00eent\u00eelnire va marca un alt moment de cotitur\u0103 cu consecin\u0163e pozitive pentru mediu, Agen\u0163ia European\u0103 de Mediu (AEM) dore\u015fte s\u0103 g\u0103seasc\u0103 tineri cu o viziune proasp\u0103t\u0103 despre modul \u00een care pot fi solu\u0163ionate cele mai acute probleme de mediu&#8221; precizeaz\u0103 organizatorii.<\/p>\n<p>Materialele video trebuie s\u0103 aib\u0103 durata \u00eentre 30 de secunde \u015fi 2 minute \u015fi s\u0103 prezinte viziunea personal\u0103 a concuren\u0163ilor despre un stil de via\u0163\u0103 durabil. Concuren\u0163ii pot prezenta, de exemplu, principalele probleme de mediu din \u0163ara lor \u015fi viziunea lor despre modul de solu\u0163ionare a acestora. O alt\u0103 posibilitate ar fi ca ei s\u0103 se concentreze asupra modului \u00een care genera\u0163ia lor ar putea orienta transformarea Europei spre un stil de via\u0163\u0103 mai durabil.<\/p>\n<p>\u00cen concurs sunt\u00a0 acceptate o varietate de moduri de prezentare, de exemplu concuren\u0163ii pot alege \u00eentre jurnalism \u015fi fic\u0163iune, ac\u0163iune \u00een direct \u015fi anima\u0163ie, interviuri \u015fi imagini. Dac\u0103 materialele video sunt prezentate \u00een alt\u0103 limb\u0103 dec\u00eet englez\u0103, acestea trebuie s\u0103 con\u0163in\u0103 subtitrare \u00een englez\u0103.<\/p>\n<p>Publicul va avea la r\u00eendul lui ocazia s\u0103 voteze materialul video preferat pentru premiul &#8222;buzz&#8221; prin intermediul mijloacelor de comunicare social\u0103.<\/p>\n<p>&nbsp;<\/p>\n","protected":false},"excerpt":{"rendered":"<p>Care este viziunea ta despre un stil de via\u0163\u0103 durabil peste 20 de ani? La aceast\u0103 \u00eentrebare ar trebui s\u0103 r\u0103spund\u0103, \u00een cadrul Concursului &#8222;Genera\u0163ia &#8217;92&#8221;,\u00a0 tinerii europeni n\u0103scu\u0163i \u00een 1991, 1992 sau 1993 printr-un material video care s\u0103 prezinte&hellip;<\/p>\n<p class=\"more-link-p\"><a class=\"more-link\" href=\"http:\/\/www.slineamt.ro\/apostolul\/scoala-nemteana-la-zi\/concurs-video-pentru-tineri-generatia-92\/\">Read more &rarr;<\/a><\/p>\n","protected":false},"author":1,"featured_media":0,"comment_status":"closed","ping_status":"closed","sticky":false,"template":"","format":"standard","meta":{"footnotes":""},"categories":[10,32],"tags":[],"class_list":["post-1358","post","type-post","status-publish","format-standard","hentry","category-scoala-nemteana-la-zi","category-numarul-144"],"_links":{"self":[{"href":"http:\/\/www.slineamt.ro\/apostolul\/wp-json\/wp\/v2\/posts\/1358","targetHints":{"allow":["GET"]}}],"collection":[{"href":"http:\/\/www.slineamt.ro\/apostolul\/wp-json\/wp\/v2\/posts"}],"about":[{"href":"http:\/\/www.slineamt.ro\/apostolul\/wp-json\/wp\/v2\/types\/post"}],"author":[{"embeddable":true,"href":"http:\/\/www.slineamt.ro\/apostolul\/wp-json\/wp\/v2\/users\/1"}],"replies":[{"embeddable":true,"href":"http:\/\/www.slineamt.ro\/apostolul\/wp-json\/wp\/v2\/comments?post=1358"}],"version-history":[{"count":0,"href":"http:\/\/www.slineamt.ro\/apostolul\/wp-json\/wp\/v2\/posts\/1358\/revisions"}],"wp:attachment":[{"href":"http:\/\/www.slineamt.ro\/apostolul\/wp-json\/wp\/v2\/media?parent=1358"}],"wp:term":[{"taxonomy":"category","embeddable":true,"href":"http:\/\/www.slineamt.ro\/apostolul\/wp-json\/wp\/v2\/categories?post=1358"},{"taxonomy":"post_tag","embeddable":true,"href":"http:\/\/www.slineamt.ro\/apostolul\/wp-json\/wp\/v2\/tags?post=1358"}],"curies":[{"name":"wp","href":"https:\/\/api.w.org\/{rel}","templated":true}]}}