{"id":1362,"date":"2012-05-03T15:00:31","date_gmt":"2012-05-03T15:00:31","guid":{"rendered":"http:\/\/www.cnrv.ro\/apostolul\/?p=1362"},"modified":"2012-05-03T15:00:31","modified_gmt":"2012-05-03T15:00:31","slug":"pregatirea-admiterii-computerizate-pentru-anul-scolar-2012-2013","status":"publish","type":"post","link":"http:\/\/www.slineamt.ro\/apostolul\/scoala-nemteana-la-zi\/pregatirea-admiterii-computerizate-pentru-anul-scolar-2012-2013\/","title":{"rendered":"Preg\u0103tirea admiterii computerizate pentru anul \u015fcolar 2012 &#8211; 2013"},"content":{"rendered":"<p>Comisia jude\u0163ean\u0103 de admitere la liceu din cadrul Inspectoratului \u015ecolar al Jude\u0163ului Neam\u0163, prezidat\u0103 de inspectorul \u015fcolar general adjunct Liliana Georgescu a f\u0103cut publice cele 24 de centre zonale de \u00eenscriere la admiterea computerizat\u0103 pentru anul \u015fcolar 2012-2013. Dou\u0103 dintre aceste centre vor fi la Piatra Neam\u0163, la \u015ecoala Elena Cuza \u015fi la Colegiul Na\u0163ional de Informatic\u0103, trei \u00een municipiul Roman &#8211; \u015ecoala Vasile Alecsandri, Colegiul Na\u0163ional Roman-Vod\u0103 \u015fi \u015ecoala Alexandru Ioan Cuza -, alte trei centre fiind constituite la T\u00eergu Neam\u0163 la Liceul Economic Vasile Conta, Colegiul Na\u0163ional \u015etefan cel Mare \u015fi la Colegiul Tehnic Ion Creang\u0103.<\/p>\n<p>1 mai 2012 este data limit\u0103 pentru afi\u015farea ofertei de \u015fcolarizare concretizat\u0103 \u00een profiluri, domenii \u015fi calific\u0103ri profesionale, pentru \u00eenv\u0103\u0163\u0103m\u00eentul liceal, filiera tehnologic\u0103, stabilirea codurilor pentru fiecare unitate, pe filiere, profiluri, specializ\u0103ri \u015fi pentru crearea bazei de date la nivelul fiec\u0103rei unit\u0103\u0163i gimnaziale \u015fi la nivel jude\u0163ean, cu datele personale ale elevilor de clasa a VIII-a. \u00cen aceea\u015fi perioad\u0103 urmeaz\u0103 s\u0103 fie editat\u0103 bro\u015fura cu informa\u0163iile despre admitere, iar p\u00een\u0103 pe 5 mai, \u00een fiecare \u015fcoal\u0103 trebuie s\u0103 ajung\u0103 bro\u015furile \u015fi lista cu centrele de \u00eenscriere precum \u015fi \u015fcolile arondate lor. \u00cen acest timp, unit\u0103\u0163ile de \u00eenv\u0103\u0163\u0103m\u00eent vor afi\u015fa graficul \u015fedin\u0163elor de completare a op\u0163iunilor de c\u0103tre absolven\u0163i \u015fi p\u0103rin\u0163ii lor.<\/p>\n<p>\u00cen perioada 7 mai &#8211; 1 iunie, vor avea loc sedin\u0163ele de instruire cu p\u0103rin\u0163ii \u015fi elevii pentru prezentarea procedurilor de admitere \u015fi a planului de \u015fcolarizare \u00een baza c\u0103rora \u00ee\u015fi vor exprima op\u0163iunile.<\/p>\n","protected":false},"excerpt":{"rendered":"<p>Comisia jude\u0163ean\u0103 de admitere la liceu din cadrul Inspectoratului \u015ecolar al Jude\u0163ului Neam\u0163, prezidat\u0103 de inspectorul \u015fcolar general adjunct Liliana Georgescu a f\u0103cut publice cele 24 de centre zonale de \u00eenscriere la admiterea computerizat\u0103 pentru anul \u015fcolar 2012-2013. Dou\u0103 dintre&hellip;<\/p>\n<p class=\"more-link-p\"><a class=\"more-link\" href=\"http:\/\/www.slineamt.ro\/apostolul\/scoala-nemteana-la-zi\/pregatirea-admiterii-computerizate-pentru-anul-scolar-2012-2013\/\">Read more &rarr;<\/a><\/p>\n","protected":false},"author":1,"featured_media":0,"comment_status":"closed","ping_status":"closed","sticky":false,"template":"","format":"standard","meta":{"footnotes":""},"categories":[10,32],"tags":[],"class_list":["post-1362","post","type-post","status-publish","format-standard","hentry","category-scoala-nemteana-la-zi","category-numarul-144"],"_links":{"self":[{"href":"http:\/\/www.slineamt.ro\/apostolul\/wp-json\/wp\/v2\/posts\/1362","targetHints":{"allow":["GET"]}}],"collection":[{"href":"http:\/\/www.slineamt.ro\/apostolul\/wp-json\/wp\/v2\/posts"}],"about":[{"href":"http:\/\/www.slineamt.ro\/apostolul\/wp-json\/wp\/v2\/types\/post"}],"author":[{"embeddable":true,"href":"http:\/\/www.slineamt.ro\/apostolul\/wp-json\/wp\/v2\/users\/1"}],"replies":[{"embeddable":true,"href":"http:\/\/www.slineamt.ro\/apostolul\/wp-json\/wp\/v2\/comments?post=1362"}],"version-history":[{"count":0,"href":"http:\/\/www.slineamt.ro\/apostolul\/wp-json\/wp\/v2\/posts\/1362\/revisions"}],"wp:attachment":[{"href":"http:\/\/www.slineamt.ro\/apostolul\/wp-json\/wp\/v2\/media?parent=1362"}],"wp:term":[{"taxonomy":"category","embeddable":true,"href":"http:\/\/www.slineamt.ro\/apostolul\/wp-json\/wp\/v2\/categories?post=1362"},{"taxonomy":"post_tag","embeddable":true,"href":"http:\/\/www.slineamt.ro\/apostolul\/wp-json\/wp\/v2\/tags?post=1362"}],"curies":[{"name":"wp","href":"https:\/\/api.w.org\/{rel}","templated":true}]}}