{"id":1366,"date":"2012-05-03T15:01:31","date_gmt":"2012-05-03T15:01:31","guid":{"rendered":"http:\/\/www.cnrv.ro\/apostolul\/?p=1366"},"modified":"2012-05-03T15:01:31","modified_gmt":"2012-05-03T15:01:31","slug":"multe-comisii-si-comitete-putine-efecte","status":"publish","type":"post","link":"http:\/\/www.slineamt.ro\/apostolul\/scoala-nemteana-la-zi\/multe-comisii-si-comitete-putine-efecte\/","title":{"rendered":"Multe comisii \u015fi comitete, pu\u0163ine efecte"},"content":{"rendered":"<p>\u00cen plus, de c\u00ee\u0163iva ani, Centru Na\u0163ional de Dezvoltare a \u00cenv\u0103\u0163\u0103m\u00eentului Profesional \u015fi Tehnic implementeaz\u0103 mai multe proiecte ce beneficiaz\u0103 de cofinan\u0163are european\u0103, cum ar fi &#8222;Corelarea ofertei educa\u0163ionale a \u00eenv\u0103\u0163\u0103m\u00eentului profesional \u015fi tehnic cu cerin\u0163ele pie\u0163ei muncii&#8221;, \u00een parteneriat cu\u00a0 ISCTE-IUL Instituto Universit\u00e1rio de Lisboa, Federa\u0163ia Sindicatelor Libere din \u00cenv\u0103\u0163\u0103m\u00eent \u015fi Institutul Na\u0163ional de Cercetare \u015etiin\u0163ific\u0103 \u00een Domeniul Muncii \u015fi Protec\u0163iei Sociale. Proiectul \u00ee\u015fi propune &#8222;cre\u015fterea relevan\u0163ei ofertei de formare profesional\u0103 ini\u0163ial\u0103 prin \u00eenv\u0103\u0163\u0103m\u00eentul profesional \u015fi tehnic preuniveritar (IPT) \u00een raport cu nevoile pie\u0163ei muncii \u015fi cerin\u0163ele de dezvoltare economic\u0103 \u015fi social\u0103, din perspectiva societ\u0103\u0163ii bazate pe cunoa\u015ftere, prin \u00eembun\u0103t\u0103\u0163irea documentelor de planificare strategic\u0103 \u00een IPT la nivel judetean \u015fi local&#8221;.<\/p>\n<p>Grupul \u0163int\u0103 al proiectului este reprezentat de directorii unit\u0103\u0163ilor de \u00eenv\u0103\u0163\u0103m\u00eent profesional \u015fi tehnic, iar relevante ar fi obiectivele specifice ale acestui proiect, dac\u0103 ele s-ar pune \u015fi \u00een practic\u0103 \u015fi nu ar r\u0103m\u00eene la stadiul de dezbatere&#8230; pe h\u00eertie. Astfel, se vorbe\u015fte despre &#8222;cre\u015fterea relevan\u0163ei Planurilor Locale de Ac\u0163iune \u00een \u00cenv\u0103\u0163\u0103m\u00eentul profesional \u015fi tehnic (PLAI) \u00een raport cu nevoile de educa\u0163ie \u015fi formare profesional\u0103 previzionate la nivel regional \u015fi jude\u0163ean; cre\u015fterea coeren\u0163ei \u00eentre nivelurile regional \u015fi jude\u0163ean de planificare strategic\u0103 printr-o mai bun\u0103 integrare \u00een PLAI a priorit\u0103\u0163ilor stabilite la nivel regional (PRAI) \u015fi a recomand\u0103rilor rezultate din monitorizarea progresului \u00een implementarea PLAI; cre\u015fterea coeren\u0163ei \u00eentre nivelurile jude\u0163ean \u015fi local de planificare strategic\u0103 prin monitorizarea de c\u0103tre CLDPS a Planurilor de Ac\u0163iune ale \u015fcolilor (PAS) \u015fi cre\u015fterea comparabilit\u0103\u0163ii \u00eentre Planurile Locale de Ac\u0163iune \u00een \u00cenv\u0103\u0163\u0103m\u00eentul profesional \u015fi tehnic (PLAI) prin adoptarea unor abord\u0103ri comune facilitate de schimburile de experien\u0163\u0103 transna\u0163ionale (vizite de studii \u00een \u0163\u0103ri ale UE) \u015fi schimburile de experien\u0163\u0103 interjude\u0163ene (activit\u0103\u0163ile de Peer learning \u00eentre CLDPS)\u201d.<\/p>\n<p>Bine ar fi dac\u0103 lucrurile acestea s-ar pune \u00een practic\u0103 cu adev\u0103rat \u015fi dac\u0103 elevii care vor merge c\u0103tre aceste clase profesionale, din varii motive (unii pur \u015fi simplu c\u0103-i \u015fcoala aproape de domiciliu, al\u0163ii ca s\u0103 nu se omoare cu \u00eenv\u0103\u0163atul!), ar avea siguran\u0163a c\u0103 meseria pe care o \u00eenva\u0163\u0103 \u00een liceul tehnologic \u015fi \u00een care efectueaz\u0103 practic\u0103 \u00een produc\u0163ie o vor putea practica ca anagaja\u0163i, la absolvire.<\/p>\n<p>Angela BRUDARU<\/p>\n","protected":false},"excerpt":{"rendered":"<p>\u00cen plus, de c\u00ee\u0163iva ani, Centru Na\u0163ional de Dezvoltare a \u00cenv\u0103\u0163\u0103m\u00eentului Profesional \u015fi Tehnic implementeaz\u0103 mai multe proiecte ce beneficiaz\u0103 de cofinan\u0163are european\u0103, cum ar fi &#8222;Corelarea ofertei educa\u0163ionale a \u00eenv\u0103\u0163\u0103m\u00eentului profesional \u015fi tehnic cu cerin\u0163ele pie\u0163ei muncii&#8221;, \u00een parteneriat&hellip;<\/p>\n<p class=\"more-link-p\"><a class=\"more-link\" href=\"http:\/\/www.slineamt.ro\/apostolul\/scoala-nemteana-la-zi\/multe-comisii-si-comitete-putine-efecte\/\">Read more &rarr;<\/a><\/p>\n","protected":false},"author":1,"featured_media":0,"comment_status":"closed","ping_status":"closed","sticky":false,"template":"","format":"standard","meta":{"footnotes":""},"categories":[10,32],"tags":[],"class_list":["post-1366","post","type-post","status-publish","format-standard","hentry","category-scoala-nemteana-la-zi","category-numarul-144"],"_links":{"self":[{"href":"http:\/\/www.slineamt.ro\/apostolul\/wp-json\/wp\/v2\/posts\/1366","targetHints":{"allow":["GET"]}}],"collection":[{"href":"http:\/\/www.slineamt.ro\/apostolul\/wp-json\/wp\/v2\/posts"}],"about":[{"href":"http:\/\/www.slineamt.ro\/apostolul\/wp-json\/wp\/v2\/types\/post"}],"author":[{"embeddable":true,"href":"http:\/\/www.slineamt.ro\/apostolul\/wp-json\/wp\/v2\/users\/1"}],"replies":[{"embeddable":true,"href":"http:\/\/www.slineamt.ro\/apostolul\/wp-json\/wp\/v2\/comments?post=1366"}],"version-history":[{"count":0,"href":"http:\/\/www.slineamt.ro\/apostolul\/wp-json\/wp\/v2\/posts\/1366\/revisions"}],"wp:attachment":[{"href":"http:\/\/www.slineamt.ro\/apostolul\/wp-json\/wp\/v2\/media?parent=1366"}],"wp:term":[{"taxonomy":"category","embeddable":true,"href":"http:\/\/www.slineamt.ro\/apostolul\/wp-json\/wp\/v2\/categories?post=1366"},{"taxonomy":"post_tag","embeddable":true,"href":"http:\/\/www.slineamt.ro\/apostolul\/wp-json\/wp\/v2\/tags?post=1366"}],"curies":[{"name":"wp","href":"https:\/\/api.w.org\/{rel}","templated":true}]}}