{"id":13666,"date":"2018-10-28T10:42:38","date_gmt":"2018-10-28T10:42:38","guid":{"rendered":"http:\/\/www.slineamt.ro\/apostolul\/?p=13666"},"modified":"2018-10-28T10:42:38","modified_gmt":"2018-10-28T10:42:38","slug":"neamt-music-festival-un-eveniment-de-elita-singular-in-spatiul-cultural-nemtean","status":"publish","type":"post","link":"http:\/\/www.slineamt.ro\/apostolul\/eveniment\/neamt-music-festival-un-eveniment-de-elita-singular-in-spatiul-cultural-nemtean\/","title":{"rendered":"Neam\u0163 Music Festival  Un eveniment de elit\u0103, singular \u00een spa\u0163iul cultural nem\u0163ean"},"content":{"rendered":"<p><strong>Ochiul de sticl\u0103. Deschis.<\/strong><\/p>\n<p>&nbsp;<\/p>\n<p>Se dilat\u0103, oarecum dureros, retina fl\u0103m\u00e2nd\u0103 \u00eencearc\u0103 s\u0103 se concentreze pe unghiul esen\u0163ial, imaginea e prea mic\u0103 \u015fi sim\u0163i perpetuu tenta\u0163ia de neoprit de a te apropia, uneori periculos de mult, de m\u00e2inile ce se agit\u0103 asupra claviaturii \u00eentr-un travaliu frenetic \u015fi agil vegheat de mimica incomparabil\u0103 a celui care, sub ochii privitorilor, alc\u0103tuie\u015fte priveli\u015fti sonore inedite.<\/p>\n<p>Da, a\u015fa am v\u0103zut \u015fi am auzit eu, \u00een cea mai mare parte, ofrandele sonore ale \u201eNeam\u0163 Music Festival\u201d. \u00centr-un fel artificios \u015fi \u00eempov\u0103rat de rigoarea tehnicit\u0103\u0163ii; ca printr-o fereastr\u0103 aburit\u0103 ce se ml\u0103dia onctuos asupra protagoni\u015ftilor, care uneori p\u0103reau departe, alteori se apropiau \u00eenfrico\u015f\u0103tor, \u00een gros-plan.<\/p>\n<p>Trei zile ale \u00eenceputului de septembrie marcate \u00eentr-un fel distinct, personal \u015fi inedit \u00een spa\u0163iul, mai pu\u0163in conven\u0163ional, al unui l\u0103ca\u015f de cult.<\/p>\n<p>Privite din fa\u0163\u0103, coloanele av\u00e2ntate c\u0103tre ceruri ale Catedralei Romano-Catolice \u201eSf. Iosif\u201d din Piatra-Neam\u0163 sugereaz\u0103, \u00een modul cel mai elocvent, aspira\u0163ia c\u0103tre ceruri.<\/p>\n<p>&nbsp;<\/p>\n<p><a href=\"http:\/\/www.slineamt.ro\/apostolul\/wp-content\/uploads\/2018\/10\/08-ap214-foto1.jpg\"><img loading=\"lazy\" decoding=\"async\" class=\"size-full wp-image-13669 alignleft\" src=\"http:\/\/www.slineamt.ro\/apostolul\/wp-content\/uploads\/2018\/10\/08-ap214-foto1.jpg\" alt=\"\" width=\"491\" height=\"328\" srcset=\"http:\/\/www.slineamt.ro\/apostolul\/wp-content\/uploads\/2018\/10\/08-ap214-foto1.jpg 491w, http:\/\/www.slineamt.ro\/apostolul\/wp-content\/uploads\/2018\/10\/08-ap214-foto1-300x200.jpg 300w, http:\/\/www.slineamt.ro\/apostolul\/wp-content\/uploads\/2018\/10\/08-ap214-foto1-260x174.jpg 260w, http:\/\/www.slineamt.ro\/apostolul\/wp-content\/uploads\/2018\/10\/08-ap214-foto1-160x107.jpg 160w\" sizes=\"auto, (max-width: 491px) 100vw, 491px\" \/><\/a>V\u0103zut\u0103 dintr-o latur\u0103, biserica seam\u0103n\u0103 cu un ca\u015falot. Sau cu o balen\u0103 \u00een p\u00e2ntecele c\u0103reia se topesc \u00een lini\u015fte \u00eentreb\u0103rile \u015fi nedumeririle lui Iona. Arcadele de lemn, prelung \u015fi frumos arcuite, sume\u0163ite c\u0103tre \u00eenalturi, dau un aer m\u0103re\u0163 alc\u0103tuirii ce a g\u0103zduit o ofrand\u0103 sonor\u0103 de cea mai \u00eenalt\u0103 calitate.<\/p>\n<p>&nbsp;<\/p>\n<p>&nbsp;<\/p>\n<p>&nbsp;<\/p>\n<p>&nbsp;<\/p>\n<p>&nbsp;<\/p>\n<p><strong>Avocatul lui Tarzan<\/strong><\/p>\n<p>&nbsp;<\/p>\n<p><a href=\"http:\/\/www.slineamt.ro\/apostolul\/wp-content\/uploads\/2018\/10\/08-ap214-foto2.jpg\"><img loading=\"lazy\" decoding=\"async\" class=\"size-full wp-image-13672 alignright\" src=\"http:\/\/www.slineamt.ro\/apostolul\/wp-content\/uploads\/2018\/10\/08-ap214-foto2.jpg\" alt=\"\" width=\"391\" height=\"285\" srcset=\"http:\/\/www.slineamt.ro\/apostolul\/wp-content\/uploads\/2018\/10\/08-ap214-foto2.jpg 391w, http:\/\/www.slineamt.ro\/apostolul\/wp-content\/uploads\/2018\/10\/08-ap214-foto2-300x219.jpg 300w, http:\/\/www.slineamt.ro\/apostolul\/wp-content\/uploads\/2018\/10\/08-ap214-foto2-260x190.jpg 260w, http:\/\/www.slineamt.ro\/apostolul\/wp-content\/uploads\/2018\/10\/08-ap214-foto2-160x117.jpg 160w\" sizes=\"auto, (max-width: 391px) 100vw, 391px\" \/><\/a>Maya Brandenberger, director fondator al Funda\u0163iei Johanna Stiftung pentru tinerii muzicieni \u015fi Robert Hodes \u2013 CEO Edgar Rice Burroughs, locuiesc la Appenzell. Ei sunt cei mai \u00een m\u0103sur\u0103, zic eu, s\u0103 descrie conving\u0103tor traseul destinului artistic al pianistului Daniel Petric\u0103 Ciobanu, ini\u0163iatorul \u015fi directorul manifest\u0103rii pietrene. C\u00e2nd l-am cunoscut \u015fi am stat de vorb\u0103 prima oar\u0103 \u2013 \u00een martie 2007 \u2013 Robert Hodes avea \u015faptezeci \u015fi \u015fase de ani. Ca \u015fi anul trecut, cei doi s-au aflat \u015fi anul acesta, din nou, \u00een Rom\u00e2nia. Solid, impun\u0103tor \u015fi st\u0103p\u00e2n pe sine, cu un spirit sportiv disciplinat de reguli asumate, Robert Hodes vorbe\u015fte rar, clar \u015fi coerent, con\u015ftient de propria sa libertate de g\u00e2ndire \u015fi ac\u0163iune. Consider\u0103 spiritul american ca vie\u0163uind \u00een New York \u015fi nu oriunde, ci \u00een Brooklyn, cartierul celebru de unde-\u015fi trage r\u0103d\u0103cinile. A fost avocat \u00een New York \u015fi al vedetelor hollywood-iene, a condus vreme de un deceniu \u015fi jum\u0103tate Compania \u201eTarzan\u201d, ap\u0103r\u00e2nd drepturile de autor ale celebrului nostru cona\u0163ional \u015fi a dezvoltat o enorm\u0103 afacere cu seria de filme despre omul junglei. \u00cen cele din urm\u0103 s-a retras \u00een Elve\u0163ia unde, al\u0103turi de so\u0163ia sa, Maria Brandenberger, prin intermediul Funda\u0163iei \u201eJohanna\u201d, se ocup\u0103 cu activit\u0103\u0163i de ajutorare a copiilor.<\/p>\n<p>Aflat \u00een Rom\u00e2nia pentru a augmenta leg\u0103turile de suflet cu proteja\u0163ii s\u0103i, Robert Hodes colaboreaz\u0103 \u00eentru oferirea unei \u015fanse copiilor de aici. \u015eans\u0103 de care s-a bucurat \u015fi pianistul Daniel Petric\u0103 Ciobanu.<\/p>\n<p>,,<em>\u00cencep\u00e2nd cu 15 ani \u00een urm\u0103, am \u00eenceput colaborarea \u015fi acordarea de sprijin financiar profesorului Iulian Trofin din Bude\u015fti, care adunase un mic grup de piani\u015fti foarte talenta\u0163i \u015fi foarte tineri c\u0103rora le-a oferit cursuri de master.<\/em><\/p>\n<p><em>Am creat o funda\u0163ie cu scopul de a sus\u0163ine ace\u015fti tineri pentru a studia \u00een \u015fcolile din Europa, \u015fi a le oferi \u015fansa unei cariere muzicale.<\/em><\/p>\n<p><em>C\u0103l\u0103toria lor a \u00eenceput la Edinburgh \u015fi apoi la Conservatorul regal sco\u0163ian din Glasgow, unde au ob\u0163inut burse complete.<\/em><\/p>\n<p><em>Primul care a absolvit Conservatorul, cu cele mai \u00eenalte onoruri, este Daniel Petric\u0103 Ciobanu. Cu o creativitate imens\u0103, talent \u015fi d\u0103ruire el a pus \u00een oper\u0103 primul festival de pian din Neam\u0163<\/em>\u201d.<\/p>\n<p>&nbsp;<\/p>\n<p><strong>L\u0103muriri \u015fi deslu\u015firi<\/strong><\/p>\n<p>&nbsp;<\/p>\n<p>Pentru c\u0103 unele lucruri nu p\u0103reau a fi \u00een\u0163elese corect, ne-am \u00eent\u00e2lnit undeva la marginea apei, pe un ponton de care se sp\u0103rgeau mici valuri tulburate \u015fi de unde priveli\u015ftea ora\u015fului natal se dezv\u0103luia miraculos \u00een splendoarea amurgului.<\/p>\n<p>\u2013 Daniel, atunci c\u00e2nd a\u015fteptam edi\u0163ia a doua a ceea ce s-a numit anul trecut \u201eNeam\u0163 Piano Festival\u201d, ai venit, inopinat, cu o noutate. Este o augmentare, b\u0103nuiesc, a primei manifest\u0103ri, sub un alt generic.<\/p>\n<p>\u2013 <em>\u201eNeam\u0163 Music Festival\u201d s-a n\u0103scut anul acesta ca un r\u0103spuns al succesului r\u0103sun\u0103tor al edi\u0163iei inaugurale \u201eNeam\u0163 Piano Festival\u201d din luna septembrie 2017. <\/em><\/p>\n<p><em>Edi\u0163ia OPUS, care debuteaz\u0103 anul acesta, \u015fi-a propus a fi o edi\u0163ie paralel\u0103 Festivalului de Pian, altern\u00e2nd astfel dou\u0103 festivaluri de muzic\u0103 clasic\u0103, coordonate artistic de mine, dar cu ingrediente muzicale diverse<\/em>.<\/p>\n<p>\u2013 O schimbare oarecum radical\u0103 de concep\u0163ie.<\/p>\n<p>\u2013 <em>Aceast\u0103 edi\u0163ie \u201eOPUS\u201d intermediar\u0103 edi\u0163iei bienale de Pian, are ca scop de viitor l\u0103rgirea orizonturilor \u201eclasice\u201d \u00eendeosebi a concertelor stereotipice ca structur\u0103 \u015fi aranjament, anul acesta av\u00e2nd ca tem\u0103 conceptul de Crescendo instrumental \u00een care vom face o ascensiune a mai multor tipuri de ansambluri muzicale; \u00een sine, un crescendo de la un pian singuratic la for\u0163e simfonice. Edi\u0163ia din acest an a Festivalului de muzic\u0103 Neam\u0163 Opus 1 demons\u00ad- treaz\u0103 felul \u00een care se amplific\u0103 muzica, cum se dezvolt\u0103 \u015fi se fertilizeaz\u0103 ideile, corelarea \u00eencruci\u015fat\u0103 a influen\u0163elor \u015fi aromei<\/em>.<\/p>\n<p>&nbsp;<\/p>\n<p><strong>Arome sonore<\/strong><\/p>\n<p>&nbsp;<\/p>\n<p><a href=\"http:\/\/www.slineamt.ro\/apostolul\/wp-content\/uploads\/2018\/10\/08-ap214-foto3.jpg\"><img loading=\"lazy\" decoding=\"async\" class=\"size-full wp-image-13675 alignleft\" src=\"http:\/\/www.slineamt.ro\/apostolul\/wp-content\/uploads\/2018\/10\/08-ap214-foto3.jpg\" alt=\"\" width=\"482\" height=\"321\" srcset=\"http:\/\/www.slineamt.ro\/apostolul\/wp-content\/uploads\/2018\/10\/08-ap214-foto3.jpg 482w, http:\/\/www.slineamt.ro\/apostolul\/wp-content\/uploads\/2018\/10\/08-ap214-foto3-300x200.jpg 300w, http:\/\/www.slineamt.ro\/apostolul\/wp-content\/uploads\/2018\/10\/08-ap214-foto3-260x173.jpg 260w, http:\/\/www.slineamt.ro\/apostolul\/wp-content\/uploads\/2018\/10\/08-ap214-foto3-160x107.jpg 160w\" sizes=\"auto, (max-width: 482px) 100vw, 482px\" \/><\/a>Interesant este faptul c\u0103, vorbind despre muzic\u0103, Daniel folose\u015fte cuv\u00e2ntul arom\u0103. Este un semn c\u0103, uneori, cuv\u00e2ntul articulat se c\u0103zne\u015fte a c\u0103uta noi sensuri pentru ceea ce mul\u0163i au numit inefabilul muzicii. \u015ei, totodat\u0103, este un semn c\u0103 prive\u015fte muzica ca pe un deliciu izvor\u00e2t din trud\u0103; care, pe podiumul de concert poate nu se percepe la adev\u0103rata lui dimensiune. Despre calitatea aromei ne-a vorbit \u00een prima sear\u0103. Un program sub genericul dur \u201eRug\u0103ciuni de o\u0163el\u201d sortit s\u0103 marcheze cei 100 ani de la sf\u00e2r\u015fitul primului r\u0103zboi mondial. Un concert care a comemorat momentele tragice din istoria umanit\u0103\u0163ii, culmin\u00e2nd cu r\u0103zboaiele mondiale \u015fi, nu de pu\u0163ine ori, cu ur\u00e2\u0163enia care \u00eenconjoar\u0103 comportamentul uman. \u015ei care, nu o singur\u0103 dat\u0103 \u00een istoria omenirii, a dus la astfel de atrocit\u0103\u0163i.<\/p>\n<p>&nbsp;<\/p>\n<p><strong>Lamenta\u0163ie \u015fi ferocitate<\/strong><\/p>\n<p>&nbsp;<\/p>\n<p>De la prima mi\u015fcare din Sonata opus 27. No. 2 \u201eMoonlight Sonata\u201d, poate cea mai cunoscut\u0103 lucrare de gen a lui Beethoven, trec\u00e2nd prin acea izbucnire de furie de neoprit \u015fi turbulen\u0163e ale mi\u015fc\u0103rii a 3-a, perceput\u0103 de Charles Rosen ca fiind \u201ecea mai nest\u0103p\u00e2nit\u0103 \u00een reprezentarea emo\u0163iei, de o ferocitate uimitoare\u201d, de la \u201eAndante Spianatto &amp; Grande Poloneza Brillante\u201d, ale lui Frederic Chopin la armisti\u0163iul muzical \u015fi coniven\u0163a sonor\u0103 dintre preludiile acestuia \u015fi Aleksander Scriabin, de la traumele pe care aceste evenimente le produc \u00een spa\u0163iul interior \u015fi, implicit, emo\u0163ional al fiin\u0163elor umane, prin Sonata nr. 2 a lui Prokofiev \u015fi p\u00e2n\u0103 la trezirea spiritual\u0103 din celebra \u201eFirebird\u201d a lui Igor Stravinsky, (\u00eentr-un aranjament inedit pentru piano solo alc\u0103tuit de Guido Agosti), pianistul Daniel Petric\u0103 Ciobanu se prezint\u0103 ca un artist de excep\u0163ie, reprezentativ pentru noua genera\u0163ie de interpre\u0163i preg\u0103ti\u0163i \u00een spirit european \u015fi, nu exager\u0103m deloc, mondial.<\/p>\n<p>&nbsp;<\/p>\n<p>+foto:08-ap214-foto4.jpg<\/p>\n<p>&nbsp;<\/p>\n<p><a href=\"http:\/\/www.slineamt.ro\/apostolul\/wp-content\/uploads\/2018\/10\/08-ap214-foto4.jpg\"><img loading=\"lazy\" decoding=\"async\" class=\"size-full wp-image-13678 alignright\" src=\"http:\/\/www.slineamt.ro\/apostolul\/wp-content\/uploads\/2018\/10\/08-ap214-foto4.jpg\" alt=\"\" width=\"424\" height=\"309\" srcset=\"http:\/\/www.slineamt.ro\/apostolul\/wp-content\/uploads\/2018\/10\/08-ap214-foto4.jpg 424w, http:\/\/www.slineamt.ro\/apostolul\/wp-content\/uploads\/2018\/10\/08-ap214-foto4-300x219.jpg 300w, http:\/\/www.slineamt.ro\/apostolul\/wp-content\/uploads\/2018\/10\/08-ap214-foto4-260x189.jpg 260w, http:\/\/www.slineamt.ro\/apostolul\/wp-content\/uploads\/2018\/10\/08-ap214-foto4-160x117.jpg 160w\" sizes=\"auto, (max-width: 424px) 100vw, 424px\" \/><\/a>Ceea ce surprinde \u00een primul r\u00e2nd este rigoarea expresiei \u015fi personalizarea interpret\u0103rii, bazate pe o tehnic\u0103 f\u0103r\u0103 cusur, de mare virtuoz. Tu\u015feul de mare fine\u0163e, coeren\u0163a construc\u0163iei \u015fi fraz\u0103rii, aplombul \u015fi siguran\u0163a abord\u0103rii, sunt atu-uri ce nu pot fi contestate.<\/p>\n<p>Cunosc\u00e2nd apeten\u0163a lui deosebit\u0103 pentru etalarea tehnicit\u0103\u0163ii am fost surprins s\u0103 constat c\u0103, de ast\u0103 dat\u0103, \u00een finalul sonatei op. 27, Daniel a fost mult mai reticent, respira\u0163ia dintre fraze mult mai profund\u0103 \u015fi leg\u0103turile mult mai g\u00e2ndite, abandon\u00e2nd spectaculozitatea, care unora le poate p\u0103rea ieftin\u0103, \u00een favoarea unui discurs mai echilibrat \u015fi mai matur.<\/p>\n<p>Iar conceperea finalului celebrei \u201eP\u0103s\u0103ri de foc\u201d a celebrat reconstruc\u0163ia acelei <em>joie de vivre<\/em> umane, o acumulare triumf\u0103toare \u015fi str\u0103lucitoare spre un punct culminant al o\u0163elului solid, care aduce credin\u0163a \u015fi echilibrul \u00eenapoi \u00een aura noastr\u0103 turbulent\u0103, o festivitate de realizare \u015fi \u00eemplinire.<\/p>\n<p>&nbsp;<\/p>\n<p><strong>Crescendo<\/strong><\/p>\n<p>&nbsp;<\/p>\n<p>Concertul din cea de a doua sear\u0103 a fost configurat prin presta\u0163ia de \u00eenalt\u0103 calitate a opt arti\u015fti de talie interna\u0163ional\u0103 ce au \u00eencercat s\u0103 motiveze conceptul muzical de dinamic\u0103 gradual\u0103 numit, at\u00e2t de elocvent, Crescendo.<\/p>\n<p>Aflat \u00een plin\u0103 maturitate artistic\u0103, pianistul sco\u0163ian Graeme McNaught a abordat cunoscutele Kinderszenen op. 15 ale lui Schumann, cu un echilibru conferit de vasta sa experien\u0163\u0103 artistic\u0103 \u015fi de via\u0163\u0103, ne\u00eeng\u0103duindu-\u015fi nici un derapaj de la spiritul \u015fi echilibrul emo\u0163ional al lucr\u0103rii, atitudine riguros conservat\u0103 \u015fi \u00een compania violonistei Kristine Balanas \u00een Scherzo-ul brahmsian \u00een do minor.<\/p>\n<p>\u00cen cele cinci calupuri expresive ale unicei mi\u015fc\u0103ri din Trio elegiaque op. 1 \u00een sol minor de Sergey Rachmaninoff li s-a al\u0103turat \u015fi violoncelistul Alberto Casadei, \u00eentr-o fericit\u0103 formul\u0103 interpretativ\u0103 ce a reac\u0163ionat corect, coerent \u015fi armonios.<\/p>\n<p>&nbsp;<\/p>\n<p><strong>La ce mai folose\u015fte laptopul<\/strong><\/p>\n<p>&nbsp;<\/p>\n<p>Formula cvartetului a fost, ne\u00eendoios, cel mai controversat moment al serii, chiar dac\u0103, \u00een pofida unei \u00eendatoritoare reac\u0163ii a publicului, reticen\u0163a \u015fi rezerva unora nu a putut trece cu totul neobservat\u0103.<\/p>\n<p>Muzica lui Pierre Audiger, pianist, compozitor \u015fi actor, este apreciat\u0103 \u015fi descris\u0103 ca fiind o muzic\u0103 inflamabil\u0103 \u015fi plin\u0103 de vitalitate, cu o personalitate \u015fi un caracter aparte. \u00cen edi\u0163ia de anul acesta, Pierre Audiger a propus, \u00een premier\u0103, ineditul s\u0103u Cvartet pentru pian, violoncel, percu\u0163ie \u015fi laptop, interpretat \u00eempreun\u0103 cu Pietro Bonfilio, Bogdan Ciobanu \u015fi Aberto Casadei.<\/p>\n<p>\u00cen confreria arti\u015ftilor invita\u0163i, Pierre s-a eviden\u0163iat perpetuu prin temperamentul histrionic, ce a culminat, surprinz\u0103tor \u015fi oarecum abrupt, cu apari\u0163ia acestuia \u00een postura de inorog. Chiar dac\u0103 momentul a rupt cumva structura \u00eentemeiat\u0103 pe legile clasice ale repertoriului, chiar dac\u0103 apari\u0163ia surprinz\u0103toare a creat oarece contrarieri, trebuie s\u0103 recunoa\u015ftem c\u0103, \u00een definitiv, fenomenul muzical evolueaz\u0103 odat\u0103 cu vremurile \u015fi, vr\u00e2nd-nevr\u00e2nd, trebuie s\u0103 accept\u0103m \u015fi formulele de expresie ale contemporaneit\u0103\u0163ii noastre at\u00e2t de controversate, l\u0103s\u00e2nd pe seama timpului menirea de a discerne.<\/p>\n<p>&nbsp;<\/p>\n<p><strong>Sim\u0163 enorm \u015fi v\u0103z monstruos<\/strong><\/p>\n<p>&nbsp;<\/p>\n<p>Cum Scherzo-ul lui Brahms a luat na\u015ftere la ini\u0163iativa lui Schumann, iar personalitatea lui Ceaikovski a fost imboldul pentru apari\u0163ia Trio-ului lui Rachmaninoff, compozitorul \u015fi organistul Saint-Saens a fost cel care a jucat un rol \u00een crea\u0163ia lucr\u0103rii din finalul Crescendo-ului, triumfalul Quintet pentru pian, dou\u0103 violine, viol\u0103 \u015fi violoncel \u00een fa minor al maestrului belgian Cesar Franck, terminat \u00een anul 1879.<\/p>\n<p>O lucrare de maturitate care, culmea, a st\u00e2rnit la r\u00e2ndu-i, la vremea ei, animozit\u0103\u0163i \u015fi comentarii nu \u00eentrutotul m\u0103gulitoare, \u00een ciuda faptului c\u0103 r\u0103m\u00e2ne o capodoper\u0103 a muzicii de camer\u0103 din toate timpurile. Cei cinci interpre\u0163i \u2013 Graeme McNaught, Kristine Balanas, Michelle Dierx, C\u0103t\u0103lina Toma \u015fi Alberto Casadei \u2013 nu au avut deloc o sarcin\u0103 u\u015foar\u0103. Cu at\u00e2t mai mult cu c\u00e2t pianistul, de pild\u0103, a trebuit s\u0103 anime o partitur\u0103 fa\u0163\u0103 de care marele Saint-Saens \u015fi-a demonstrat dispre\u0163ul prin abandonarea copiei sale personalizate pe pian c\u00e2nd reprezenta\u0163ia primei audi\u0163ii a luat sf\u00e2r\u015fit. Unii cred c\u0103 de vin\u0103 a fost \u00eendr\u0103zneala tonal\u0103 a lucr\u0103rii ori, a\u015fa cum au sus\u0163inut al\u0163ii \u201eo lips\u0103 de subtilitate \u00een ceea ce prive\u015fte partea de pian\u201d. Pe care unii au avut curajul s\u0103 o considere a fi drept\u2026 monstruoas\u0103!<\/p>\n<p>&nbsp;<\/p>\n<p><strong>Apogeul simfonic<\/strong><\/p>\n<p>&nbsp;<\/p>\n<p><a href=\"http:\/\/www.slineamt.ro\/apostolul\/wp-content\/uploads\/2018\/10\/08-ap214-foto5.jpg\"><img loading=\"lazy\" decoding=\"async\" class=\"size-full wp-image-13681 alignleft\" src=\"http:\/\/www.slineamt.ro\/apostolul\/wp-content\/uploads\/2018\/10\/08-ap214-foto5.jpg\" alt=\"\" width=\"450\" height=\"300\" srcset=\"http:\/\/www.slineamt.ro\/apostolul\/wp-content\/uploads\/2018\/10\/08-ap214-foto5.jpg 450w, http:\/\/www.slineamt.ro\/apostolul\/wp-content\/uploads\/2018\/10\/08-ap214-foto5-300x200.jpg 300w, http:\/\/www.slineamt.ro\/apostolul\/wp-content\/uploads\/2018\/10\/08-ap214-foto5-260x173.jpg 260w, http:\/\/www.slineamt.ro\/apostolul\/wp-content\/uploads\/2018\/10\/08-ap214-foto5-160x107.jpg 160w\" sizes=\"auto, (max-width: 450px) 100vw, 450px\" \/><\/a>Ultimul concert constituie, de fapt, o ilustrare a resurselor expresive a trei \u015fcoli na\u0163ionale, integrate organic, plenar \u015fi definitiv \u00een spa\u0163iul generos al muzicii universale. Cu mijloace de expresie \u015fi sensibilit\u0103\u0163i diferite, cu sonorit\u0103\u0163i particularizante, cu mijloace de tratare diverse \u015fi influen\u0163ate cov\u00e2r\u015fitor de teritoriul cultural specific, cele trei lucr\u0103ri convie\u0163uiesc ideal \u00een cadrul unui concert ce duce la apogeu conceptul asumat al amplific\u0103rii sonore.<\/p>\n<p>Unul dintre cei mai \u00een vog\u0103 reprezentan\u0163i ai tinerei genera\u0163ii de \u015fefi de orchestr\u0103 din Rom\u00e2nia, Gabriel Bebe\u015felea, s-a aflat la pupitrul Orchestrei simfonice a Filarmonicii Moldova din Ia\u015fi \u00een ultima sear\u0103, ce a \u00eencununat fulminant traseul crescendo-ului propus de Daniel Ciobanu. C\u00e2\u015ftig\u0103torul Premiului I la Concursul Interna\u0163ional Regina Elisabeta, din Bruxelles, violonistul Andrey Baranov a interpretat o capodoper\u0103 a repertoriului clasic, Concertul \u00een re minor, Op. 47 de Jean Sibelius, una dintre cele mai dificile, dar \u015fi dintre cele mai frumoase pagini ale literaturii violonistice universale.<\/p>\n<p>Despre calitatea interpret\u0103rii lui Andrey Baranov ar fi superfluu s\u0103 ne pronun\u0163\u0103m, cunosc\u00e2nd valoarea \u015fcolii ruse\u015fti de vioar\u0103 \u015fi biografia concertistic\u0103 impresionant\u0103. Poate c\u0103, de aceast\u0103 dat\u0103, mai conving\u0103toare pot fi cuvintele maestrului Gabriel Bebe\u015felea ce a caracterizat succint senza\u0163ia resim\u0163it\u0103 de la pupitrul dirijoral: \u201e\u00cen concertul de vioar\u0103 al lui Jean Sibelius, glacialul fiordurilor scandinave e transformat de Andrey Baranov \u00een dansuri norvegiene sprin\u0163are \u015fi pline de via\u0163\u0103, lucrarea fiind o sintez\u0103 a tot ceea ce reprezint\u0103 Peninsula Scandinav\u0103, cu \u00eentreaga ei palet\u0103 de tr\u0103iri\u201d.<\/p>\n<p>&nbsp;<\/p>\n<p><strong>Acesta este sufletul meu<\/strong><\/p>\n<p>&nbsp;<\/p>\n<p>Este titlul unui c\u00e2ntec al lui Dvorak, ce face parte din ciclul dedicat \u00een tinere\u0163e so\u0163iei sale \u015fi a c\u0103rui tem\u0103, asemenea unei m\u0103rturisiri pasionate, se reg\u0103se\u015fte \u00een sec\u0163iunea median\u0103 \u2013 Adagio ma non troppo \u2013 a Concertului pentru violoncel \u015fi orchestr\u0103 \u00een si minor, op. 104 de Antonin Dvorak.<\/p>\n<p>De altfel, Dvorak \u00eensu\u015fi era con\u015ftient de calit\u0103\u0163ile extraordinare ale lucr\u0103rii, fapt men\u0163ionat \u00een mod diferit \u00een coresponden\u0163a r\u0103mas\u0103.<\/p>\n<p>De pild\u0103, la 11 martie 1895, el \u00eei scria lui Josef Bohuslav Foerster: \u201eMi-am terminat noul concert pentru violoncel \u015fi v\u0103 spun cu certitudine c\u0103 acest concert dep\u0103\u015fe\u015fte cu mult concertele mele, at\u00e2t de vioar\u0103, c\u00e2t \u015fi de pian. Nu fi\u0163i surprins c\u0103 v\u0103 scriu acest lucru; autolauda nu este, \u00een general, de \u00eencredere, dar trebuie s\u0103 v\u0103 spun c\u0103 aceast\u0103 lucrare \u00eemi aduce bucurie curat\u0103 \u015fi cred c\u0103 nu m\u0103 \u00een\u015fel\u201d.<\/p>\n<p>Un an mai t\u00e2rziu, concertul a r\u0103sunat \u00een prim\u0103 audi\u0163ie la Londra, sub bagheta compozitorului, solist fiind Leo Stern. De aceast\u0103 dat\u0103, la Piatra-Neam\u0163, concertul a fost interpretat cu mult\u0103 fine\u0163e, pasiune \u015fi, mai ales, sim\u0163ire de violoncelista Margarita Balanas, pe un instrument Charles Adolphe Gand din 1849, \u00eemprumutat cu generozitate de c\u0103tre Little Butterfly Foundation. O interpretare p\u0103tima\u015f\u0103, \u00eensu\u015fit\u0103 cu ardoarea \u015fi pasiunea unei exacerbate feminit\u0103\u0163i.<\/p>\n<p>&nbsp;<\/p>\n<p><strong>Unora le place jazz-ul<\/strong><\/p>\n<p>&nbsp;<\/p>\n<p>\u201eConcertul de jazz\u201d, a\u015fa cum a fost anun\u0163at \u00een Herald Tribune, a avut de la \u00eenceput calit\u0103\u0163i distinctive ale americanismului, Gershwin deciz\u00e2nd s\u0103 o numeasc\u0103 mai degrab\u0103 rapsodie dec\u00e2t concert. De\u015fi folose\u015fte un pian solo care alterneaz\u0103 cu un ansamblu, aidoma structurii concertistice, <em>Rhapsody in Blue<\/em> are tr\u0103s\u0103turile unei rapsodii cu o singur\u0103 mi\u015fcare, \u00eentr-o construc\u0163ie liber\u0103.<\/p>\n<p>\u201eRapsodia \u00een albastru\u201d a lui George Gershwin a fost un succes imens dup\u0103 prima sa audi\u0163ie din 1924. \u00cen Rom\u00e2nia a fost interpretat\u0103 \u00eent\u00e2ia oar\u0103 de c\u0103tre Dan Mizrahi, prin 1968. Am ascultat-o de zeci de ori pe un disc \u201eElectrecord\u201d \u015fi acum, \u00een premier\u0103 pietrean\u0103, pe viu, cu Daniel Ciobanu. Nu credeam c\u0103 o partitur\u0103 pe care o \u015ftiu aproape pe dinafar\u0103 s\u0103 capete aspecte at\u00e2t de noi f\u0103r\u0103 s\u0103 se schimbe nici m\u0103car o singur\u0103 not\u0103. Daniel a exersat aici toat\u0103 fine\u0163ea personalit\u0103\u0163ii sale \u015fi a transformat lucrarea \u00eentr-un exemplu conving\u0103tor de remodelare a tr\u0103irilor \u015fi sentimentelor.<\/p>\n<p>&nbsp;<\/p>\n<p><strong>Ochiul de sticl\u0103. \u00cenchis.<\/strong><\/p>\n<p>&nbsp;<\/p>\n<p>La final caut rapid un prim plan cu o fa\u0163\u0103 din public. Pe tr\u0103s\u0103turile c\u0103reia s\u0103 g\u0103sesc \u00eentip\u0103rite vag urmele muzicii. O g\u0103sesc repede. Brunet\u0103, tuns\u0103 scurt, cu un u\u015for aer retro, f\u0103r\u0103 a fi desuet, aplaud\u0103 cu verv\u0103 controlat\u0103, nerisc\u00e2nd a-\u015fi afecta \u00een vreun fel imaginea construit\u0103 cu minu\u0163ie. Un lung disolve \u015fi genericul final. Mda!<\/p>\n<p>&nbsp;<\/p>\n<p><strong><em>Ioan AMIRONOAIE<\/em><\/strong><\/p>\n","protected":false},"excerpt":{"rendered":"<p>Ochiul de sticl\u0103. Deschis. &nbsp; Se dilat\u0103, oarecum dureros, retina fl\u0103m\u00e2nd\u0103 \u00eencearc\u0103 s\u0103 se concentreze pe unghiul esen\u0163ial, imaginea e prea mic\u0103 \u015fi sim\u0163i perpetuu tenta\u0163ia de neoprit de a te apropia, uneori periculos de mult, de m\u00e2inile ce se&hellip;<\/p>\n<p class=\"more-link-p\"><a class=\"more-link\" href=\"http:\/\/www.slineamt.ro\/apostolul\/eveniment\/neamt-music-festival-un-eveniment-de-elita-singular-in-spatiul-cultural-nemtean\/\">Read more &rarr;<\/a><\/p>\n","protected":false},"author":1,"featured_media":0,"comment_status":"open","ping_status":"closed","sticky":false,"template":"","format":"standard","meta":{"footnotes":""},"categories":[18,346],"tags":[],"class_list":["post-13666","post","type-post","status-publish","format-standard","hentry","category-eveniment","category-numarul-214"],"_links":{"self":[{"href":"http:\/\/www.slineamt.ro\/apostolul\/wp-json\/wp\/v2\/posts\/13666","targetHints":{"allow":["GET"]}}],"collection":[{"href":"http:\/\/www.slineamt.ro\/apostolul\/wp-json\/wp\/v2\/posts"}],"about":[{"href":"http:\/\/www.slineamt.ro\/apostolul\/wp-json\/wp\/v2\/types\/post"}],"author":[{"embeddable":true,"href":"http:\/\/www.slineamt.ro\/apostolul\/wp-json\/wp\/v2\/users\/1"}],"replies":[{"embeddable":true,"href":"http:\/\/www.slineamt.ro\/apostolul\/wp-json\/wp\/v2\/comments?post=13666"}],"version-history":[{"count":1,"href":"http:\/\/www.slineamt.ro\/apostolul\/wp-json\/wp\/v2\/posts\/13666\/revisions"}],"predecessor-version":[{"id":13684,"href":"http:\/\/www.slineamt.ro\/apostolul\/wp-json\/wp\/v2\/posts\/13666\/revisions\/13684"}],"wp:attachment":[{"href":"http:\/\/www.slineamt.ro\/apostolul\/wp-json\/wp\/v2\/media?parent=13666"}],"wp:term":[{"taxonomy":"category","embeddable":true,"href":"http:\/\/www.slineamt.ro\/apostolul\/wp-json\/wp\/v2\/categories?post=13666"},{"taxonomy":"post_tag","embeddable":true,"href":"http:\/\/www.slineamt.ro\/apostolul\/wp-json\/wp\/v2\/tags?post=13666"}],"curies":[{"name":"wp","href":"https:\/\/api.w.org\/{rel}","templated":true}]}}