{"id":14266,"date":"2018-12-26T09:11:09","date_gmt":"2018-12-26T09:11:09","guid":{"rendered":"http:\/\/www.slineamt.ro\/apostolul\/?p=14266"},"modified":"2018-12-26T09:11:09","modified_gmt":"2018-12-26T09:11:09","slug":"de-neamul-carligenilor","status":"publish","type":"post","link":"http:\/\/www.slineamt.ro\/apostolul\/cronica-literara\/de-neamul-carligenilor\/","title":{"rendered":"\u201eDe neamul c\u00e2rligenilor\u201d"},"content":{"rendered":"\n<p>Orice \u201eDescriptio\u201d a ceva pluralo-umanic, de\nla \u201eColumna\u201d cu Decebal din Cetatea Etern\u0103 a Romei, la Cronicari sau de la\nMonografia f\u0103r\u0103 seam\u0103n a comunei Dr\u0103gu\u015f din \u0162inutul F\u0103g\u0103ra\u015filor, \u015fi ajun\u015fi\nacum, s\u0103 avem \u00een fa\u0163\u0103 studiul f\u0103cut \u201epe toate fe\u0163ele\u201d despre a\u015fezarea uman\u0103\nC\u00e2rligi, aflat\u0103 \u00eenspre Bac\u0103u \u2013 toate alc\u0103tuiesc acel popas atent \u00eenc\u0103rcat de\nnumeroase \u201ea fost\u201d \u015fi \u201eeste\u201d, cu acea particul\u0103 sacr\u0103 \u00een fa\u0163\u0103 \u2013 \u201eDe\u201d. Adic\u0103\ndespre \u201emai to\u0163i\u201d de pe \u201eaici\u201d, de la origine \u015fi p\u00e2n\u0103 azi.<\/p>\n\n\n\n<p>Cei ce-au trudit lucrarea sunt \u201eget-beget\u201d\nde-acolo \u2013 Marilena Mihalcea, c\u0103s\u0103torit\u0103 Rozenberg \u015fi Mihai \u015etirbu \u2013 am\u00e2ndoi\ndovedind din plin, pe l\u00e2ng\u0103 preg\u0103tirea lor profesional\u0103, \u015fi un ales condei.<\/p>\n\n\n\n<p>La \u00eenceput, au tr\u0103it bucuria c\u0103 se vor\nre\u00eent\u00e2lni cu \u201eParadisul nepierdut\u201d al copil\u0103riei, de unde \u015fi u\u015foara\n\u201ecochet\u0103rie\u201d liric\u0103, cu care \u00ee\u015fi denumesc efortul: \u201eC\u00e2nd locurile dragi te\na\u015fteapt\u0103 s\u0103 revii\u2026Monografia Satului C\u00e2rligi\u201d. Dup\u0103 care urmeaz\u0103 ordon\u0103ri ca la\nMendeleev. \u015ei astfel, au intrat acum \u015fi ei \u00een tagma \u201eCronicarilor\u201d. Un spa\u0163iu\ngeo-istoric, \u201ecotrob\u0103it\u201d de doi copii ai lui, respect\u00e2ndu-se \u201ecele trei\nporunci\u201d ce stau la baza acestui gen: ipostaza fizic\u0103, evolu\u0163ia economic\u0103 \u015fi\ncoronamentul cultural. Impresioneaz\u0103 cum aceast\u0103 comunitate uman\u0103, aflat\u0103 la\ncap\u0103tul a dou\u0103 jude\u0163e, repet\u0103 \u00een mic, supravie\u0163uirea autarhic\u0103 a omenirii. Dac\u0103\nne-am imagina, ca \u00een literatura S. F., c\u0103 \u00een urma unei catastrofe atlantidice\nar r\u0103m\u00e2ne \u00een estul Europei doar satul C\u00e2rligi, dup\u0103 cum rezult\u0103 din monografia\nsa de acum, acesta ar mai putea d\u0103inui \u00eenc\u0103 mult\u0103 vreme.<\/p>\n\n\n\n<p>Tradi\u0163ionalele acareturi de la \u201eCurte\u201d se\n\u00eent\u00e2lnesc \u015fi aici unde, dup\u0103 r\u0103zboi, putea fi \u00eent\u00e2lnit\u0103 familia Zarifopol, cu\ndescenden\u0163i p\u00e2n\u0103 ast\u0103zi \u015fi cu o participare deosebit\u0103 la dezvoltarea culturii\nna\u0163ionale (Paul \u2013 critic literar \u015fi publicist, Dinu \u2013 scriitor). \u015ei pentru\ncercetarea istoric\u0103 \u015fi arheologic\u0103, acest sat a fost un \u201ep\u0103m\u00e2nt des\u0163elenit\u201d\nrodnic, amintind numai trei corifei ai acestui domeniu \u201eal originilor\u201d: Iulian\nAntonescu, Vasile Ursachi sau Ioan Mitrea.<\/p>\n\n\n\n<p>Fenomenul \u201ec\u00e2rligian\u201d s-a afirmat \u2013 suntem\ndoar \u00een \u201eSpa\u0163iul\u2026monografic\u201d \u2013 \u015fi prin prezen\u0163a unui num\u0103r luxuriant de familii\n\u201eAve\u201d, care au \u0163inut \u201esus\u201d stindardul unei alese spiritualit\u0103\u0163i: Tudor,\nMihalcea (cu \u00eentregul ei cvartet), \u015etirbu, Canache, Go\u015fman, \u015fi multe altele,\nprecum \u015fi plasticianul Dimitrie Grigora\u015f.<\/p>\n\n\n\n<p>O monografie mai mult dec\u00e2t \u201eMono\u201d. Spre\nfinal, un Memento \u2013 esen\u0163\u0103, \u00een care se recapituleaz\u0103 \u201episcurile\u201d, \u00eencadr\u00e2ndu-le\n\u00een chenar. Plus acel \u201evocabular\u201d, neao\u015f din C\u00e2rligi.<\/p>\n\n\n\n<p>\u201eOpri\u0163i planeta, vreau la C\u00e2rligi!&#8230;\u201d<\/p>\n\n\n\n<p>Aici, \u201egeneza\u201d. Acolo, \u201epopasul\u201d. Popasul\nprimilor lor pa\u015fi. La \u00eenceput, primii pa\u015fi, acum, \u201eMonografie\u201d. Un \u201eHronic\u201d\ndespre Ve\u015fnicie\u2026 O alt\u0103 \u201eMas\u0103 a t\u0103cerii\u201d, l\u00e2ng\u0103 aceea\u015fi \u201eColumn\u0103\u201d infinit\u0103.\nMonografie, drept un \u201eCredo\u201d ce spune, ca imperativ, un Adev\u0103r a\u015fezat la\nr\u0103d\u0103cina Nea\u00admului Carpatic \u2013 c\u0103 un Popor ce-\u015fi are, precum el, str\u0103mo\u015fii\nmilenari, \u00eei poate fi umbrit\u0103 istoria, dar \u015fi r\u0103pit\u0103, niciodat\u0103!&#8230;<\/p>\n\n\n\n<p>Gheorghe A. M. CIOBANU<\/p>\n","protected":false},"excerpt":{"rendered":"<p>Orice \u201eDescriptio\u201d a ceva pluralo-umanic, de la \u201eColumna\u201d cu Decebal din Cetatea Etern\u0103 a Romei, la Cronicari sau de la Monografia f\u0103r\u0103 seam\u0103n a comunei Dr\u0103gu\u015f din \u0162inutul F\u0103g\u0103ra\u015filor, \u015fi ajun\u015fi acum, s\u0103 avem \u00een fa\u0163\u0103 studiul f\u0103cut \u201epe toate&hellip;<\/p>\n<p class=\"more-link-p\"><a class=\"more-link\" href=\"http:\/\/www.slineamt.ro\/apostolul\/cronica-literara\/de-neamul-carligenilor\/\">Read more &rarr;<\/a><\/p>\n","protected":false},"author":1,"featured_media":0,"comment_status":"open","ping_status":"closed","sticky":false,"template":"","format":"standard","meta":{"footnotes":""},"categories":[16,358],"tags":[],"class_list":["post-14266","post","type-post","status-publish","format-standard","hentry","category-cronica-literara","category-numarul-216"],"_links":{"self":[{"href":"http:\/\/www.slineamt.ro\/apostolul\/wp-json\/wp\/v2\/posts\/14266","targetHints":{"allow":["GET"]}}],"collection":[{"href":"http:\/\/www.slineamt.ro\/apostolul\/wp-json\/wp\/v2\/posts"}],"about":[{"href":"http:\/\/www.slineamt.ro\/apostolul\/wp-json\/wp\/v2\/types\/post"}],"author":[{"embeddable":true,"href":"http:\/\/www.slineamt.ro\/apostolul\/wp-json\/wp\/v2\/users\/1"}],"replies":[{"embeddable":true,"href":"http:\/\/www.slineamt.ro\/apostolul\/wp-json\/wp\/v2\/comments?post=14266"}],"version-history":[{"count":1,"href":"http:\/\/www.slineamt.ro\/apostolul\/wp-json\/wp\/v2\/posts\/14266\/revisions"}],"predecessor-version":[{"id":14269,"href":"http:\/\/www.slineamt.ro\/apostolul\/wp-json\/wp\/v2\/posts\/14266\/revisions\/14269"}],"wp:attachment":[{"href":"http:\/\/www.slineamt.ro\/apostolul\/wp-json\/wp\/v2\/media?parent=14266"}],"wp:term":[{"taxonomy":"category","embeddable":true,"href":"http:\/\/www.slineamt.ro\/apostolul\/wp-json\/wp\/v2\/categories?post=14266"},{"taxonomy":"post_tag","embeddable":true,"href":"http:\/\/www.slineamt.ro\/apostolul\/wp-json\/wp\/v2\/tags?post=14266"}],"curies":[{"name":"wp","href":"https:\/\/api.w.org\/{rel}","templated":true}]}}