{"id":14744,"date":"2019-02-21T06:07:01","date_gmt":"2019-02-21T06:07:01","guid":{"rendered":"http:\/\/www.slineamt.ro\/apostolul\/?p=14744"},"modified":"2019-02-21T06:07:01","modified_gmt":"2019-02-21T06:07:01","slug":"note-de-trecere-8","status":"publish","type":"post","link":"http:\/\/www.slineamt.ro\/apostolul\/dubito\/note-de-trecere-8\/","title":{"rendered":"NOTE DE TRECERE"},"content":{"rendered":"\n<p>Undeva\nla marginea lumii <\/p>\n\n\n\n<p>Cum\nde mai mul\u0163i ani am intrat \u015fi \u00een \u00eenv\u0103\u0163\u0103m\u00e2nt, am l\u0103sat oarecum deoparte scrisul\nliterar \u015fi m-am implicat \u00eentr-un proiect didactic-\u015ftiin\u0163ific, anume scrierea\nunui manual cu date \u015fi abord\u0103ri la zi pentru asisten\u0163ii medicali, pentru c\u0103 am\nobservat c\u0103 domeniul \u00eengrijirilor specifice a r\u0103mas \u00een urm\u0103. P\u00e2n\u0103 acum, am\npublicat dou\u0103 volume din \u201eTeoria \u015fi practica nursing\u201d, iar al treilea este \u00een\npreg\u0103tire pentru tipar. Ce vreau s\u0103 spun? \u00cen munca aceasta de documentare \u015fi\nscriere propriu-zis\u0103 tr\u0103iesc fel de fel de sentimente, deopotriv\u0103 negative \u015fi\npozitive, de fapt mai mult amestecate. <\/p>\n\n\n\n<p>Mai\n\u00eent\u00e2i, cele de frustrare \u015fi pline de n\u0103duf. \u00cen timp ce la noi peisajul\nbibliografic este cam de la o mie nou\u0103 sute toamna \u015fi nu prea populat, \u00een Vest\nexist\u0103 pentru fiecare termen, pentru fiecare concept, pentru fiecare con\u0163inut\n\u015fi pentru fiecare tem\u0103 zeci \u015fi zeci de contribu\u0163ii, zeci \u015fi zeci de studii,\nzeci \u015fi zeci de titluri \u00een zeci \u015fi zeci de edi\u0163ii, toate la zi. O organizare \u015fi\no efervescen\u0163\u0103 uluitoare, \u00een cercetare \u015fi \u00een educa\u0163ie, un peisaj cople\u015fitor,\ndezarmant \u015fi \u00eencurajator \u00een acela\u015fi timp. <\/p>\n\n\n\n<p>\u015etiu\nc\u0103 la noi situa\u0163ia aceasta de stagnare \u015fi r\u0103m\u00e2nere \u00een urm\u0103 este din p\u0103cate la\nfel \u015fi \u00een alte domenii \u015fi c\u0103 mai peste tot lucrurile trebuiesc luate de la\nzero, c\u0103 totul e de f\u0103cut, c\u0103 suntem cu multe decenii r\u0103ma\u015fi pe drum, dar senza\u0163ia\nde groap\u0103 \u00een care vie\u0163uim aici sau de p\u0103r\u0103sire undeva la marginea lumii, sau de\nizolare tribal\u0103 este at\u00e2t de puternic\u0103 \u00eenc\u00e2t e\u015fti tentat nu de pu\u0163ine ori s\u0103 o\nla\u015fi balt\u0103 \u015fi s\u0103 continui vie\u0163uirea pur \u015fi simplu dup\u0103 modelul local, un g\u00e2nd\ntrec\u0103tor \u015fi acesta, din fericire, adev\u0103rat, pentru c\u0103 oricum nim\u0103nui nu-i pas\u0103,\nchiar dac\u0103 pe termen lung nu se \u015ftie niciodat\u0103. <\/p>\n\n\n\n<p>Apoi,\ntr\u0103iesc \u015fi sentimente pl\u0103cute, \u015ftiind c\u0103 lucrarea este necesar\u0103 \u015fi c\u0103 mul\u0163i\nprofesioni\u015fti, elevi \u015fi studen\u0163i din domeniu o folosesc deja la clas\u0103 \u015fi \u00een\npractic\u0103, iar receptarea excelent\u0103 de care au avut parte \u00een \u0163ar\u0103 primele dou\u0103\nvolume (avizate \u015fi de M.E.N.) este \u00eenc\u0103 o motiva\u0163ie care m\u0103 poart\u0103 \u00een aceast\u0103\naventur\u0103 \u00een care am dat la o parte, chiar dac\u0103 nu de tot, cum spuneam, proiecte\nliterare \u015fi alte planuri. <\/p>\n\n\n\n<p>\u015etiu\nc\u0103 la cap\u0103t va fi meritat totul: efortul, timpul, for\u0163area unor iner\u0163ii, chiar\n\u015fi invidiile \u015fi r\u0103ut\u0103\u0163ile incredibile st\u00e2rnite pe parcurs \u015fi de care vreau s\u0103\nuit, de care deja am uitat. \u015etiu c\u0103 la cap\u0103t ceea ce va conta va fi doar\n\u00eemplinirea unui proiect (pentru care al\u0163ii de pe alte meleaguri au parte de\nechipe de lucru) \u015fi faptul c\u0103 voi fi fost parte a unei schimb\u0103ri necesare \u00een\np\u0103tr\u0103\u0163ica aceasta a \u00eengriji\u00adrilor din spitale de care to\u0163i, mai devreme sau mai\nt\u00e2rziu, mai mult sau mai pu\u0163in, ajungem s\u0103 lu\u0103m cuno\u015ftin\u0163\u0103.<\/p>\n\n\n\n<p><strong><em>Prof.\npsih. Vasile BAGHIU<\/em><\/strong><\/p>\n","protected":false},"excerpt":{"rendered":"<p>Undeva la marginea lumii Cum de mai mul\u0163i ani am intrat \u015fi \u00een \u00eenv\u0103\u0163\u0103m\u00e2nt, am l\u0103sat oarecum deoparte scrisul literar \u015fi m-am implicat \u00eentr-un proiect didactic-\u015ftiin\u0163ific, anume scrierea unui manual cu date \u015fi abord\u0103ri la zi pentru asisten\u0163ii medicali, pentru&hellip;<\/p>\n<p class=\"more-link-p\"><a class=\"more-link\" href=\"http:\/\/www.slineamt.ro\/apostolul\/dubito\/note-de-trecere-8\/\">Read more &rarr;<\/a><\/p>\n","protected":false},"author":1,"featured_media":0,"comment_status":"open","ping_status":"closed","sticky":false,"template":"","format":"standard","meta":{"footnotes":""},"categories":[128,368],"tags":[],"class_list":["post-14744","post","type-post","status-publish","format-standard","hentry","category-dubito","category-numarul-218"],"_links":{"self":[{"href":"http:\/\/www.slineamt.ro\/apostolul\/wp-json\/wp\/v2\/posts\/14744","targetHints":{"allow":["GET"]}}],"collection":[{"href":"http:\/\/www.slineamt.ro\/apostolul\/wp-json\/wp\/v2\/posts"}],"about":[{"href":"http:\/\/www.slineamt.ro\/apostolul\/wp-json\/wp\/v2\/types\/post"}],"author":[{"embeddable":true,"href":"http:\/\/www.slineamt.ro\/apostolul\/wp-json\/wp\/v2\/users\/1"}],"replies":[{"embeddable":true,"href":"http:\/\/www.slineamt.ro\/apostolul\/wp-json\/wp\/v2\/comments?post=14744"}],"version-history":[{"count":1,"href":"http:\/\/www.slineamt.ro\/apostolul\/wp-json\/wp\/v2\/posts\/14744\/revisions"}],"predecessor-version":[{"id":14747,"href":"http:\/\/www.slineamt.ro\/apostolul\/wp-json\/wp\/v2\/posts\/14744\/revisions\/14747"}],"wp:attachment":[{"href":"http:\/\/www.slineamt.ro\/apostolul\/wp-json\/wp\/v2\/media?parent=14744"}],"wp:term":[{"taxonomy":"category","embeddable":true,"href":"http:\/\/www.slineamt.ro\/apostolul\/wp-json\/wp\/v2\/categories?post=14744"},{"taxonomy":"post_tag","embeddable":true,"href":"http:\/\/www.slineamt.ro\/apostolul\/wp-json\/wp\/v2\/tags?post=14744"}],"curies":[{"name":"wp","href":"https:\/\/api.w.org\/{rel}","templated":true}]}}