{"id":14750,"date":"2019-02-21T06:08:06","date_gmt":"2019-02-21T06:08:06","guid":{"rendered":"http:\/\/www.slineamt.ro\/apostolul\/?p=14750"},"modified":"2019-02-21T06:08:06","modified_gmt":"2019-02-21T06:08:06","slug":"stricatorii-de-limba","status":"publish","type":"post","link":"http:\/\/www.slineamt.ro\/apostolul\/cronica-literara\/stricatorii-de-limba\/","title":{"rendered":"Stric\u0103torii de limb\u0103!"},"content":{"rendered":"\n<p>Un\nbasarabean din st\u00e2nga Prutului, pe numele lui adev\u0103rat Mircea V. Ciobanu,\nofuscat pe fra\u0163ii s\u0103i din dreapta r\u00e2ului de grani\u0163\u0103 s-a dat la ei, \u00een scris \u015fi\n\u00een oral. A scris neelegant \u00een <em>Jurnalul de\nChi\u015fin\u0103u<\/em> din 27 ianuarie 2014 c\u0103: \u201ePe la 1863, la Ia\u015fi, a luat fiin\u0163\u0103 o ga\u015fc\u0103\nliterar\u0103 numit\u0103 Junimea\u201d. Hopaaaa! A\u0163i re\u0163inut, o ga\u015fc\u0103 literar\u0103? Cu un simplu\nhocus-pocus, celebra \u201eJunimea\u201d a devenit ga\u015fc\u0103. Peste noapte Eminescu, Creang\u0103,\nCaragiale&#8230; au devenit&#8230; b\u0103ie\u0163i de ga\u015fc\u0103. Normal, condeierii de calitate,\noamenii cu bun sim\u0163 au r\u0103mas uimi\u0163i. Au reac\u0163ionat cu argumente zdrobitoare.\nI-au reamintit ipochimenului rusificat c\u0103 Eminescu este poetul nostru na\u0163ional\ncare a scris cel mai lung poem de dragoste din lume, <em>Luceaf\u0103rul<\/em> cu 100 de strofe, tradus \u00een 60 de limbi. C\u0103 destui\nscriitori str\u0103ini din dorin\u0163a de a-l \u00een\u0163elege pe Eminescu au \u00eenv\u0103\u0163at rom\u00e2ne\u015fte.\nNici \u00eencerc\u0103rile scriitorilor basarabeni nu l-au potolit pe admiratorul lui\nPutin. Leo Butnaru \u00een cartea sa <em>A fi sau\na nu fi<\/em> i-a adus la cuno\u015ftin\u0163\u0103 c\u0103 este prea dispre\u0163uitor \u015fi pornit\n\u00eempotriva Junimii f\u0103r\u0103 rezultat. Din dorin\u0163a de pacificare s-a apelat \u015fi la\nDEX. S-a dat defini\u0163ia de la pagina 364. Asculta\u0163i! \u201eGa\u015fc\u0103 \u00eenseamn\u0103 un grup de\noameni uni\u0163i \u00een vederea s\u0103v\u00e2r\u015firii unor ac\u0163iuni reprobabile; Grup de oameni\ncare se afl\u0103 la periferia societ\u0103\u0163ii: o c\u00e2rd\u0103\u015fie, o clic\u0103\u201d. B\u0103 ciolovecule,\nJunimea n-a fost o clic\u0103. Ai fost vreodat\u0103 la Casa Pogor din Ia\u015fi? Nu? De asta\nvorbe\u015fti aiurea \u00een tramvai. Du-te! Lumineaz\u0103-te!<\/p>\n\n\n\n<p>Pe 15\nianuarie s-au \u00eemplinit 169 de ani de la na\u015fterea lui Mihai Eminescu, mare\niubitor al limbii rom\u00e2ne, creator de limb\u0103 rom\u00e2n\u0103. Cu aceste prilej \u00een toat\u0103 \u0163ara\ns-a s\u0103rb\u0103torit evenimentul. Fiecare a f\u0103cut-o cum s-a priceput. Factorii de\nr\u0103spundere ai \u0163\u0103rii au fost prezen\u0163i peste tot, \u015fi la Piatra-Neam\u0163 \u015fi la Bucure\u015fti.\nN-au lipsit cuv\u00e2nt\u0103rile inteligente, substan\u0163iale, dar nici cele \u015fcol\u0103re\u015fti,\nchiar discutabile. Un exemplu conving\u0103tor? Ministrul Culturii \u015fi-a \u00eenceput\nspeech-ul cu senin\u0103tate, cam a\u015fa: \u201eEu CA \u015eI invitat\u201d \u015fi a continuat&#8230; Pentru\noamenii sub\u0163iri participan\u0163i la eveniment, a fost suficient s\u0103 \u00een\u0163eleag\u0103 ce \u015fi\ncum. C\u0103 discursul dezv\u0103luie caren\u0163e de cultur\u0103 general\u0103 sau profesional\u0103 \u015fi\nuneori chiar lene. Dac\u0103 semenilor lor \u015fter\u015fi li se trec cu vederea \u201eagramatismele\u201d\nauzite-rostite, oamenilor care se afl\u0103 la butoanele societ\u0103\u0163ii rom\u00e2ne\u015fti, nu le\neste permis s\u0103 strice limba str\u0103mo\u015feasc\u0103. De Ziua Culturii Na\u0163ionale, de ziua\nlui Eminescu, Ministrul Culturii care p\u0103store\u015fte Cultura s\u0103 se exprime aiurea?\nA fost o sc\u0103pare, vor zice mul\u0163i dintre noi. Orice vorbitor aflat sub presiune\npoate gre\u015fi. Errare humanum est! A\u015fa-i, a\u015fa-i, dar prea se gre\u015fe\u015fte des. <\/p>\n\n\n\n<p>C\u00e2nd\nRom\u00e2nia a preluat pre\u015fedin\u0163ia rotativ\u0103 de la Consiliul Uniunii Europene, a fost\nmare s\u0103rb\u0103toare mare la Ateneul Rom\u00e2n. Numai oameni grei \u015fi foarte grei. Curios\nsau nu, majoritatea cuv\u00e2nt\u0103torilor rom\u00e2ni de la tribun\u0103 au pronun\u0163at gre\u015fit\nvocabula \u201epre\u015fidin\u0163ie\u201d, lucru inadmisibil pentru o astfel de atmosfer\u0103. C\u0103\nlimba rom\u00e2n\u0103 se vorbe\u015fte tot mai prost \u00een ultimii ani se \u015ftie. Durerea e alta,\nunii lingvi\u015fti sus\u0163in sus \u015fi tare c\u0103 nu se va mai vorbi niciodat\u0103 corect, a\u015fa\ncum am \u00eenv\u0103\u0163at noi la \u015fcoal\u0103. Revine Domnul Goe la putere? Cum e posibil a\u015fa\nceva? Foarte simplu, nu observa\u0163i c\u0103 sunt promovate numai nonvalorile,\nmediocrii? Panica\u0163i, oamenii de valoare: acad. Eugen Simion, prof. univ.\nDumitru Bor\u0163un, gazetarul Mircea Radu Iacoban&#8230; au tras semnalul de alarm\u0103.\nUnii caut\u0103 radiera cu care s-au \u015fters din manualul de citire autorii rom\u00e2ni.\nN-au gasit-o. <\/p>\n\n\n\n<p>Cine\nar trebui s\u0103 apere limba rom\u00e2neasc\u0103? \u015ecoala, televiziunea, radioul, dic\u0163ionarele.\nNu uita\u0163i zicerea lui Nichita St\u0103nescu. \u201ePatria mea e Limba Rom\u00e2n\u0103\u201d. Nu exist\u0103\npatriotism f\u0103r\u0103 dragoste pentru limba na\u0163ional\u0103. C\u0103ci o limb\u0103 \u00eenseamn\u0103 \u201emult\nmai mult dec\u00e2t un instrument de comunicare \u00een via\u0163a cotidian\u0103, ea este \u015fi un\ninstrument de autocunoa\u015ftere, de crea\u0163ie \u015fi autocrea\u0163ie\u201d (D. Bor\u0163un). Cine\ng\u00e2nde\u015fte \u015fi scrie frumos la \u015fcoal\u0103, sub supravegherea Dlui. Trandafir, nu are\ncum s\u0103 fie agramat \u00een via\u0163\u0103. Cine \u00een schimb \u201ecite\u015fte\u201d numai c\u0103r\u0163ile de \u015feptic \u015fi\npocher, sigur contribuie la readucerea domnului Goe la putere. \u00centre meritocra\u0163ie\n\u015fi mediocra\u0163ie, dintotdeauna a fost o mare, mare diferen\u0163\u0103. Nu crede\u0163i? R\u0103sfoi\u0163i\nistoria neamului rom\u00e2nesc. Ileana M\u0103l\u0103ncioiu prefer\u0103 un stat monarhic dec\u00e2t\nunul condus de politicieni analfabe\u0163i. Gre\u015fe\u015fte cumva?<\/p>\n\n\n\n<p><strong><em>Dumitru\nRUSU<\/em><\/strong><\/p>\n","protected":false},"excerpt":{"rendered":"<p>Un basarabean din st\u00e2nga Prutului, pe numele lui adev\u0103rat Mircea V. Ciobanu, ofuscat pe fra\u0163ii s\u0103i din dreapta r\u00e2ului de grani\u0163\u0103 s-a dat la ei, \u00een scris \u015fi \u00een oral. A scris neelegant \u00een Jurnalul de Chi\u015fin\u0103u din 27 ianuarie&hellip;<\/p>\n<p class=\"more-link-p\"><a class=\"more-link\" href=\"http:\/\/www.slineamt.ro\/apostolul\/cronica-literara\/stricatorii-de-limba\/\">Read more &rarr;<\/a><\/p>\n","protected":false},"author":1,"featured_media":0,"comment_status":"open","ping_status":"closed","sticky":false,"template":"","format":"standard","meta":{"footnotes":""},"categories":[16,368],"tags":[],"class_list":["post-14750","post","type-post","status-publish","format-standard","hentry","category-cronica-literara","category-numarul-218"],"_links":{"self":[{"href":"http:\/\/www.slineamt.ro\/apostolul\/wp-json\/wp\/v2\/posts\/14750","targetHints":{"allow":["GET"]}}],"collection":[{"href":"http:\/\/www.slineamt.ro\/apostolul\/wp-json\/wp\/v2\/posts"}],"about":[{"href":"http:\/\/www.slineamt.ro\/apostolul\/wp-json\/wp\/v2\/types\/post"}],"author":[{"embeddable":true,"href":"http:\/\/www.slineamt.ro\/apostolul\/wp-json\/wp\/v2\/users\/1"}],"replies":[{"embeddable":true,"href":"http:\/\/www.slineamt.ro\/apostolul\/wp-json\/wp\/v2\/comments?post=14750"}],"version-history":[{"count":1,"href":"http:\/\/www.slineamt.ro\/apostolul\/wp-json\/wp\/v2\/posts\/14750\/revisions"}],"predecessor-version":[{"id":14753,"href":"http:\/\/www.slineamt.ro\/apostolul\/wp-json\/wp\/v2\/posts\/14750\/revisions\/14753"}],"wp:attachment":[{"href":"http:\/\/www.slineamt.ro\/apostolul\/wp-json\/wp\/v2\/media?parent=14750"}],"wp:term":[{"taxonomy":"category","embeddable":true,"href":"http:\/\/www.slineamt.ro\/apostolul\/wp-json\/wp\/v2\/categories?post=14750"},{"taxonomy":"post_tag","embeddable":true,"href":"http:\/\/www.slineamt.ro\/apostolul\/wp-json\/wp\/v2\/tags?post=14750"}],"curies":[{"name":"wp","href":"https:\/\/api.w.org\/{rel}","templated":true}]}}