{"id":1639,"date":"2012-10-06T16:08:21","date_gmt":"2012-10-06T16:08:21","guid":{"rendered":"http:\/\/www.cnrv.ro\/apostolul\/?p=1639"},"modified":"2012-10-06T16:08:21","modified_gmt":"2012-10-06T16:08:21","slug":"sarbatoare-in-scolile-romascane","status":"publish","type":"post","link":"http:\/\/www.slineamt.ro\/apostolul\/ultima-ora-la-roman\/sarbatoare-in-scolile-romascane\/","title":{"rendered":"S\u0103rb\u0103toare \u00een \u015fcolile roma\u015fcane&#8230;"},"content":{"rendered":"<p>\u00cenceputul acestui an \u015fcolar nu vine \u00een \u015fcolile roma\u015fcane doar cu s\u0103rb\u0103toarea\u00a0 deschiderii cursurilor, ci \u015fi cu evenimente deosebite care vor marca dou\u0103 dintre \u015fcolile etalon ale urbei. \u00cen ordine, calendarul acestor evenimente se refer\u0103 la <strong><em>\u015ecoala gimnazial\u0103 &#8222;Alexandru Ioan Cuza&#8221;<\/em><\/strong>, de la \u00eenfiin\u0163area c\u0103reia \u00een luna septembrie se \u00eemplinesc 30 de ani, urm\u00e2nd ca, imediat dup\u0103 debutul noului an \u015fcolar, <strong><em>Colegiul Na\u0163ional &#8222;Roman Vod\u0103&#8221;<\/em><\/strong> s\u0103 marcheze \u00eemplinirea a 140 de ani de existen\u0163\u0103.<\/p>\n<p>Pentru ambele evenimente, conducerile institu\u0163iilor au preg\u0103tit un program aparte la care sunt a\u015ftepta\u0163i s\u0103 participe fo\u015fti profesori \u015fi directori, fo\u015fti elevi, dar \u015fi reprezentan\u0163i ai administra\u0163iei locale, multe dintre aceste personalit\u0103\u0163i f\u0103c\u00e2nd parte din lista celor care \u015fi-au legat devenirea de numele \u015fcolilor s\u0103rb\u0103torite. De asemenea, pentru aceast\u0103 s\u0103rb\u0103toare,\u00a0 \u015ecoala &#8222;Alexandru Ioan Cuza&#8221; a preg\u0103tit \u015fi prima sa monografie, \u00een vreme ce romanvodi\u015ftii o vor edita pe cea de a treia. \u201ePrima\u00a0 lucrare a fost editat\u0103 \u00een anul 1972, cu ocazia centenarului \u015fcolii, \u00eens\u0103\u00a0 am considerat oportun ca la aceast\u0103 s\u0103rb\u0103toare s\u0103 venim cu o monografie nou\u0103 \u00een care s\u0103 fie cuprinse \u015fi realiz\u0103rile din ultimii ani, de c\u00eend institu\u0163ia noastr\u0103 a fost ridicat\u0103 la rang de colegiu. Am avut \u00een vedere o culegere semnificativ\u0103 de date, de documente \u015fi m\u0103rturii ale celor\u00a0 pentru care &lt;&lt;Roman Vod\u0103&gt;&gt; a \u00eensemnat un reper important , aceste restituiri fiind emblematice pentru istoria de peste 100 de ani a institu\u0163iei\u201d, a m\u0103rturisit <strong><em>Cornelia Jora<\/em><\/strong>, bibliotecar la Colegiul Na\u0163ional &#8222;Roman Vod\u0103&#8221; care \u00eempreun\u0103 cu conducerea colegiului \u015fi a unui grup de fo\u015fti \u015fi actuali romanvodi\u015fti au f\u0103cut posibil\u0103 aceast\u0103 frumoas\u0103 restituire&#8230;<\/p>\n<p>&nbsp;<\/p>\n<p><strong>Aniversare \u00een cas\u0103 nou\u0103<\/strong><\/p>\n<p>Un am\u0103nunt remarcabil legat de anivers\u0103rile \u015fcolilor \u00een discu\u0163ie este acela c\u0103 ambele institu\u0163ii roma\u015fcane \u00ee\u015fi vor primi oaspe\u0163ii \u00een cas\u0103 nou\u0103, acestea \u00a0trec\u00e2nd \u00een ultima perioad\u0103 printr-un program complex de reabilitare. Astfel, conform declara\u0163iei f\u0103cute de c\u0103tre dl. <strong><em>Claudiu Maxim<\/em><\/strong>, directorul \u015fcolii botezate nu de mult cu numele Domnului Unirii de la 1859, \u00een urma lucr\u0103rilor care au durat aproape un an <strong><em>&#8222;doar pere\u0163ii au r\u0103mas la locul lor&#8221;<\/em><\/strong>, la \u015fcoala situat\u0103 chiar pe strada Cuza Vod\u0103 fiind operate lucr\u0103ri exterioare \u015fi interioare, \u00eencep\u00eend de la acoperi\u015ful cl\u0103dirii, t\u00e2mpl\u0103rie, p\u00e2n\u0103 la holuri, s\u0103li de clas\u0103 \u015fi laboratoare, ultimele fiind dotate chiar cu instala\u0163ii de aer condi\u0163ionat. Proiectul, \u00een valoare de 19 miliarde de lei vechi, f\u0103r\u0103 TVA, a beneficiat de finan\u0163are european\u0103. \u00cen afar\u0103 de acestea, tot acum s-a reu\u015fit\u00a0 \u015fi izolarea termic\u0103 a gr\u0103dini\u0163ei cu program prelungit arondat\u0103 \u015fcolii, lucr\u0103ri finan\u0163ate din fondurile Consiliului Local Roman.<\/p>\n<p>De o \u015fi mai mare amploare au fost lucr\u0103rile de reabilitare \u015fi modernizare de la &#8222;Roman Vod\u0103&#8221;,\u00a0 \u00een urma c\u0103rora principalul corp de cl\u0103dire arat\u0103 \u00een prezent ca nou. \u201eNe-am dorit foarte mult ca aceast\u0103 s\u0103rb\u0103toare s\u0103 ne prind\u0103 \u00een cas\u0103 nou\u0103, ceea ce \u015fi este pe cale s\u0103 se-nt\u00e2mple, ca urmare a unei munci sus\u0163inute \u015fi bine coordonate. Mai este pu\u0163in \u015fi corpul A al colegiului, vechi de peste 100 de ani, va str\u0103luci, a\u015f spune, chiar mai frumos dec\u00e2t \u00een ziua \u00een care \u015fi-a deschis por\u0163ile. Dintre lucr\u0103rile efectuate, a\u015f remarca \u00een mod deosebit \u00eenlocuirea sobelor de teracot\u0103 cu o instala\u0163ie modern\u0103 de \u00eenc\u0103lzit pe timp de iarn\u0103, care va asigura \u015fi aerul condi\u0163ionat \u00een zilele toride de var\u0103, precum \u015fi \u00eenlocuirea instala\u0163iei electrice care ne va scuti de aici \u00eenainte de probleme, mai ales \u00een laboratoarele de informatic\u0103. Tr\u0103g\u00e2nd o linie, dup\u0103 aceast\u0103 \u00eennoire, putem spune c\u0103 romanvodi\u015ftii se vor putea bucura de aici \u00eenainte de dot\u0103ri \u015fi de un confort \u00een m\u0103sur\u0103 s\u0103 asigure desf\u0103\u015furarea unui \u00eenv\u0103\u0163\u0103m\u00e2nt modern, impus de\u00a0 prestigiul acestei \u015fcolii care de aproape un secol \u015fi jum\u0103tate\u00a0 reprezint\u0103 un simbol al urbei roma\u015fcane\u201d, a declarat prof. <strong><em>Mihaela Tanovici<\/em><\/strong>, director al Colegiul Na\u0163ional &#8222;Roman Vod\u0103&#8221; care a dus greul acestei dulci poveri al\u0103turi de prof. <strong><em>Constantin Ostafe<\/em><\/strong>, fostul director adjunct, \u00eenlocuit surprinz\u0103tor din func\u0163ie \u00eenainte de a se bucura de roadele acestei frumoase \u00eenf\u0103ptuiri&#8230;<\/p>\n<p>Tot acum, la \u00eenceputul anotimpului c\u00e2nd cei vrednici stau s\u0103-\u015fi numere bobocii, trec\u00e2nd doar podul peste r\u00e2ul Moldova, ECO \u015ecoala din comuna Horia \u00ee\u015fi a\u015fteapt\u0103 s\u0103rb\u0103toarea celor 120 de ani. \u00cenlocuirile dictate \u00eens\u0103 \u015fi \u00een fruntea acestei institu\u0163ii de \u00eenv\u0103\u0163\u0103m\u00e2nt se pare c\u0103 nu vor aduce bucuria aici, cum de altfel nici noul corp al \u015fcolii se pare c\u0103 nu-\u015fi va primi elevii la acest \u00eenceput de an \u015fcolar &#8211;\u00a0 \u015firul realiz\u0103rilor din mandatul fostei echipe manageriale oprindu-se la Horia, din p\u0103cate, tocmai la ceas de s\u0103rb\u0103toare, spre deziluzia tuturor celor care a\u015fteptau cu ner\u0103bdare aceste momente&#8230;<\/p>\n<p>&nbsp;<\/p>\n<p><strong>\u201eUita\u0163i\u201d \u00een fotoliul de director<\/strong><\/p>\n<p><a href=\"http:\/\/www.cnrv.ro\/apostolul\/wp-content\/uploads\/SanduPetrica.jpg\"><img loading=\"lazy\" decoding=\"async\" class=\"alignleft size-thumbnail wp-image-1608\" title=\"SanduPetrica\" src=\"http:\/\/www.cnrv.ro\/apostolul\/wp-content\/uploads\/SanduPetrica-150x150.jpg\" alt=\"\" width=\"150\" height=\"150\" \/><\/a><\/p>\n<p>Vijelia schimb\u0103rilor a ajuns \u015fi la Roman. Astfel, directori cu state vechi care p\u0103reau&#8230; b\u0103tu\u0163i \u00een cuie \u00een fotoliile lor, indiferent de schimb\u0103rile din jur, s-au \u00eentors cu \u00eencepere de la 1 septembrie 2012 la catedre, \u00eentre exemplele relevante\u00a0 num\u0103r\u00e2ndu-se prof. Roxana P\u0103tr\u0103uceanu, \u015ec. &#8222;Vasile Alecsandri&#8221;, sau prof. Liliana Chelariu, fost director al \u015ecolii &#8222;Calistrat Hoga\u015f&#8221;, locurile acestora fiind ocupate de prof. Maria Camp\u0103u, respectiv de c\u0103tre prof. Lumini\u0163a Boloca. Schimb\u0103ri au mai fost operate \u015fi la Colegiul Na\u0163ional &#8222;Roman-Vod\u0103&#8221;, la Colegiile Tehnice &#8222;Miron Costin&#8221;, &#8222;Petru Poni&#8221; \u015fi &#8222;Danubiana&#8221;, precum \u015fi la Liceul Tehnologic &#8222;Vasile Sav&#8221;, rocadele f\u0103cute fiind oarecum a\u015fteptate, mai pu\u0163in \u00een ceea ce-l prive\u015fte pe Constantin Ostafe, fostul adjunct de la &#8222;Roman-Vod\u0103&#8221;, \u00eenlocuit de profesorul de geografie C\u0103t\u0103lin Macovei.<\/p>\n<p>\u00centre cei neatin\u015fi de ultima &#8222;tornad\u0103&#8221; din sistemul educa\u0163ional nem\u0163ean se afl\u0103 c\u00e2\u0163iva manageri afla\u0163i de oarece ani \u00een fruntea unor \u015fcoli de marc\u0103 din municipiul Roman, respectiv prof. <strong><em>Viorel Vanzariuc<\/em><\/strong>, \u015ecoala de Art\u0103 Integrat\u0103 &#8222;Sergiu Celibidache&#8221;, <strong><em>Claudiu Maxim<\/em><\/strong>, r\u0103mas la conducerea \u015ecolii &#8222;Alexandru Ioan Cuza&#8221; dar \u015fi veteranul <strong><em>Petric\u0103 Sandu<\/em><\/strong>, director la Liceul cu Program Sportiv, profesorul care ocup\u0103 aici aceast\u0103 func\u0163ie de 22 de ani. Aniversat recent, la \u00eemplinirea a 64 de ani, cel care num\u0103r\u0103 de-acum 32 de ani de profesorat \u00een aceast\u0103 institu\u0163ie ne-a m\u0103rturisit: \u201eM\u0103 simt bine, cu toate c\u0103 a trecut o via\u0163\u0103 de om de c\u00e2nd sunt la acest liceu unde, \u00eempreun\u0103 cu colegii mei, am reu\u015fit s\u0103 ob\u0163inem performan\u0163e \u015fcolare \u015fi sportive care ne-au f\u0103cut remarca\u0163i \u00een nenum\u0103rate r\u00e2nduri chiar \u015fi pe plan na\u0163ional. Este o vorb\u0103 care spune c\u0103, dup\u0103 v\u00e2rsta de 50 de ani, orice zi care trece se cunoa\u015fte, \u00eens\u0103 at\u00e2ta vreme c\u00e2t voi fi \u00een acest colectiv, indiferent de func\u0163ie, voi face tot ce-mi st\u0103 \u00een putin\u0163\u0103 pentru a onora blazonul acestei \u015fcoli care, \u00eentre al\u0163ii, a dat sportului rom\u00e2nesc nume sonore precum Nicoleta Grasu sau Bianca Perie. Dac\u0103 ar fi s\u0103 pot da timpul \u00eenapoi, a\u015f face ceea ce am f\u0103cut \u015fi p\u00een\u0103 acum: a\u015f sta de diminea\u0163a p\u00een\u0103 seara s\u0103 muncesc al\u0103turi de acest colectiv frumos cu care am reu\u015fit toate aceste ispr\u0103vi frumoase\u201d, a m\u0103rturisit prof. <strong><em>Petric\u0103 Sandu<\/em><\/strong> despre care mai to\u0163i confra\u0163ii de breasl\u0103 recunosc faptul c\u0103 ar fi &#8222;<strong><em>un director de ne\u00eenlocuit&#8221;<\/em><\/strong>\u2026<\/p>\n<p>Noii directori numi\u0163i cu ocazia ultimului val de schimb\u0103ri \u015fi-au \u00eenceput mandatul la 1 septembrie, urm\u00e2nd s\u0103-\u015fi exercite func\u0163iile cu delega\u0163ie p\u00een\u0103 cel mai t\u00eerziu la 31 august 2013.<\/p>\n<p>&nbsp;<\/p>\n<p><strong>Repeti\u0163ie la \u201e\u015ecoala de var\u0103\u201d<\/strong><\/p>\n<p><a href=\"http:\/\/www.cnrv.ro\/apostolul\/wp-content\/uploads\/ScoalaVara.jpg\"><img loading=\"lazy\" decoding=\"async\" class=\"alignleft size-thumbnail wp-image-1609\" title=\"ScoalaVara\" src=\"http:\/\/www.cnrv.ro\/apostolul\/wp-content\/uploads\/ScoalaVara-150x150.jpg\" alt=\"\" width=\"150\" height=\"150\" \/><\/a>\u00a0Pentru al doilea an consecutiv elevii roma\u015fcani s-au bucurat de cursurile \u015eCOLII DE VAR\u0102, care a ocupat aproape \u00een \u00eentregime calendarul lunilor iulie \u015fi august din vacan\u0163a mare. Manifestarea a cuprins \u015fi \u00een 2012 dou\u0103 sec\u0163iuni, respectiv una dedicat\u0103 recreerii elevilor, frecventat\u0103 \u00eendeob\u015fte de cei din clasele de gimnaziu, iar cealalt\u0103, dedicat\u0103 exclusiv liceenilor, fiind o sec\u0163iune \u00een care absolven\u0163ii claselor a XII-a care nu au trecut de prima sesiune de bacalaureat a verii s-au bucurat de medita\u0163ii gratuite la disciplinele cuprinse \u00een lista de concurs a &#8222;examenului maturit\u0103\u0163ii&#8221;, \u00eentre profesorii care au \u00eencercat s\u0103 le \u00eentind\u0103 o m\u00een\u0103 ghinioni\u015ftilor afl\u00eendu-se, \u015fi de aceast\u0103 dat\u0103, chiar primarul Lauren\u0163iu Dan Leoreanu, cunoscut profesor de matematic\u0103, ini\u0163iatorul \u015eCOLII DE VAR\u0102 de la Roman.<\/p>\n<p>\u00centre nout\u0103\u0163ile edi\u0163iei 2012, de remarcat este cooptarea ca partener a Inspectoratului \u015ecolar al Jude\u0163ului Neam\u0163 care, al\u0103turi de partenerii tradi\u0163ionali, Prim\u0103ria municipiului Roman \u015fi Clubul Copiilor Roman, au repetat frumoasa isprav\u0103 de anul trecut, \u015eCOALA DE VAR\u0102 cresc\u00e2nd at\u00e2t \u00een audien\u0163\u0103 c\u00e2t \u015fi ca diversitate a ac\u0163iunilor cuprinse \u00een program.<\/p>\n<p>\u201eFaptul c\u0103 am \u00eenregistrat zilnic o frecven\u0163\u0103 bun\u0103, care, la sec\u0163iunea dedicat\u0103 divertismentului, nu a sc\u0103zut nici \u00een vremea aceea de canicul\u0103 insuportabil\u0103 sub 30-35 de copii, ne face s\u0103 credem c\u0103 fa\u0163\u0103 de vara lui 2011 manifestarea a prins aripi\u00a0 noi. \u00cen acest context, un c\u00e2\u015ftig major l-a dob\u00e2ndit \u015fi experien\u0163a noastr\u0103, dar \u015fi cea a copiilor, mul\u0163i dintre ei fiind prezen\u0163i \u015fi anul trecut la cursuri. Putem conchide c\u0103 a fost o manifestare reu\u015fit\u0103, cu o bun\u0103 audien\u0163\u0103, av\u00eend \u00een vedere c\u0103 prezen\u0163a a fost benevol\u0103, iar programul copiilor pe parcursul celor aproape trei luni din vacan\u0163a mare a cuprins \u015fi alte preocup\u0103ri\u201d, a declarat prof. Magdalena Gheorghi\u0163\u0103, Dir. Clubul Copiilor Roman, principalul partener al celor dou\u0103 edi\u0163ii ale acestei manifest\u0103ri unicat \u00een 2012, chiar \u015fi \u00een jude\u0163ul Neam\u0163.<\/p>\n<p align=\"right\">Grupaj de A. OPRI\u015e<\/p>\n","protected":false},"excerpt":{"rendered":"<p>\u00cenceputul acestui an \u015fcolar nu vine \u00een \u015fcolile roma\u015fcane doar cu s\u0103rb\u0103toarea\u00a0 deschiderii cursurilor, ci \u015fi cu evenimente deosebite care vor marca dou\u0103 dintre \u015fcolile etalon ale urbei. \u00cen ordine, calendarul acestor evenimente se refer\u0103 la \u015ecoala gimnazial\u0103 &#8222;Alexandru Ioan&hellip;<\/p>\n<p class=\"more-link-p\"><a class=\"more-link\" href=\"http:\/\/www.slineamt.ro\/apostolul\/ultima-ora-la-roman\/sarbatoare-in-scolile-romascane\/\">Read more &rarr;<\/a><\/p>\n","protected":false},"author":1,"featured_media":0,"comment_status":"closed","ping_status":"closed","sticky":false,"template":"","format":"standard","meta":{"footnotes":""},"categories":[8,35],"tags":[],"class_list":["post-1639","post","type-post","status-publish","format-standard","hentry","category-ultima-ora-la-roman","category-numarul-147"],"_links":{"self":[{"href":"http:\/\/www.slineamt.ro\/apostolul\/wp-json\/wp\/v2\/posts\/1639","targetHints":{"allow":["GET"]}}],"collection":[{"href":"http:\/\/www.slineamt.ro\/apostolul\/wp-json\/wp\/v2\/posts"}],"about":[{"href":"http:\/\/www.slineamt.ro\/apostolul\/wp-json\/wp\/v2\/types\/post"}],"author":[{"embeddable":true,"href":"http:\/\/www.slineamt.ro\/apostolul\/wp-json\/wp\/v2\/users\/1"}],"replies":[{"embeddable":true,"href":"http:\/\/www.slineamt.ro\/apostolul\/wp-json\/wp\/v2\/comments?post=1639"}],"version-history":[{"count":0,"href":"http:\/\/www.slineamt.ro\/apostolul\/wp-json\/wp\/v2\/posts\/1639\/revisions"}],"wp:attachment":[{"href":"http:\/\/www.slineamt.ro\/apostolul\/wp-json\/wp\/v2\/media?parent=1639"}],"wp:term":[{"taxonomy":"category","embeddable":true,"href":"http:\/\/www.slineamt.ro\/apostolul\/wp-json\/wp\/v2\/categories?post=1639"},{"taxonomy":"post_tag","embeddable":true,"href":"http:\/\/www.slineamt.ro\/apostolul\/wp-json\/wp\/v2\/tags?post=1639"}],"curies":[{"name":"wp","href":"https:\/\/api.w.org\/{rel}","templated":true}]}}