{"id":1646,"date":"2012-10-06T16:11:52","date_gmt":"2012-10-06T16:11:52","guid":{"rendered":"http:\/\/www.cnrv.ro\/apostolul\/?p=1646"},"modified":"2012-10-06T16:11:52","modified_gmt":"2012-10-06T16:11:52","slug":"scoala-de-vara-la-baia-mare","status":"publish","type":"post","link":"http:\/\/www.slineamt.ro\/apostolul\/pasi-spre-europa\/scoala-de-vara-la-baia-mare\/","title":{"rendered":"\u0218coal\u0103 de var\u0103 la Baia Mare"},"content":{"rendered":"<p><a href=\"http:\/\/www.cnrv.ro\/apostolul\/wp-content\/uploads\/FloroaiaBaiaMare.jpg\"><img loading=\"lazy\" decoding=\"async\" class=\"alignleft  wp-image-1602\" title=\"FloroaiaBaiaMare\" src=\"http:\/\/www.cnrv.ro\/apostolul\/wp-content\/uploads\/FloroaiaBaiaMare.jpg\" alt=\"\" width=\"320\" height=\"194\" \/><\/a>\u00cen perioada 16-22 iulie 2012, la Baia Mare, s-a desf\u0103\u015furat edi\u0163ia a VIII-a a \u015ecolii de var\u0103 &#8222;Provoc\u0103rile istoriei ca \u015ftiin\u0163\u0103 \u015fi disciplin\u0103 de \u00eenv\u0103\u0163\u0103m\u00e2nt la \u00eenceputul mileniului trei&#8221;. Finan\u0163at de Guvernul Rom\u00e2niei prin Departamentul pentru Rom\u00e2nii de pretutindeni \u015fi organizat de Academia Rom\u00e2n\u0103 (Centrul de Studii Transilvane), evenimentul a reunit profesori din \u00eenv\u0103\u0163\u0103m\u00e2ntul universitar \u015fi preuniversitar, cercet\u0103tori, muzeografi, doctoranzi \u015fi postdoctoranzi din Ungaria, Serbia, Ucraina, Republica Moldova \u015fi Rom\u00e2nia.<\/p>\n<p>Academicianul Ioan-Aurel Pop, rectorul Universit\u0103\u0163ii Babe\u015f-Bolyai \u015fi directorul Centrului de Studii Transilvane, \u00een cuv\u00e2ntul omagial prezentat \u00een deschiderea lucr\u0103rilor \u015fcolii de var\u0103, a subliniat rolul \u015fi importan\u0163a acestui eveniment pentru istoriografia rom\u00e2neasc\u0103 \u015fi pentru cercetarea istoric\u0103 \u00een contextul european actual.<\/p>\n<p>Dintre conferin\u0163ele sus\u0163inute, men\u0163ionez c\u00e2teva titluri care au st\u00e2rnit un interes deosebit din partea participan\u0163ilor: <em>Civiliza\u0163ie rom\u00e2neasc\u0103, civiliza\u0163ie european\u0103 \u015fi Statalitatea \u00een spa\u0163iul rom\u00e2nesc \u00een secolele XI-XVI. \u00centre modelul bizantin \u015fi cel ocidental<\/em> (ale academicianului Ioan-Aurel Pop), 120 <em>de ani de la Memorandul rom\u00e2nilor din Transilvania: istorie \u015fi demografie<\/em> (prof. univ. dr. Ioan Bolovan de la Centrul de Studii Transilvane \u015fi prorector al Universit\u0103\u0163ii &#8222;Babe\u015f-Bolyai&#8221; Cluj-Napoca), <em>Rom\u00e2nii din nordul Bucovinei (Ucraina): interferen\u0163e lingvistice \u015fi culturale<\/em> (prof. dr. Alexandrina Cernov), <em>Istoricul Eudoxiu Hurmuzaki \u015fi epoca sa &#8211; dou\u0103 sute de ani de la na\u015ftere<\/em> (prof. univ. dr. Ilie Luceac), <em>Momentele dramatice din istoria Basarabiei oglindite \u00een activitatea muzeului de istorie din B\u0103l\u0163i<\/em> (Ludmila Dobrogeanu), <em>Justi\u0163ie militar\u0103 \u015fi represiune politic\u0103 \u00een Rom\u00e2nia comunist\u0103 (1948-1964)<\/em>, sus\u0163inut\u0103 de dr. Corneliu Pintilescu (cercet\u0103tor POSDRU la Universitatea &#8222;Babe\u015f- Bolyai&#8221; Cluj-Napoca, <em>\u00cenv\u0103\u0163\u0103m\u00e2ntul confesional \u00een Transilvania Habsburgic\u0103<\/em> (dr. Mihai Floroaia, cercet\u0103tor POSDRU la Universitatea &#8222;Babe\u015f-Bolyai&#8221; Cluj-Napoca), <em>Biseric\u0103 \u015fi societate \u00een Maramure\u015f \u00een perspectiv\u0103 istoric\u0103<\/em> (prof. Viorel Rusu-Muzeul Jude\u0163ean de Istorie \u015fi Arheologie Maramure\u015f), <em>Identitate confesional\u0103-identitate na\u0163ional\u0103. Biserica Rom\u00e2n\u0103 Unit\u0103 \u015fi Autonomia Catolic\u0103 din Ungaria \u00een perioada dualist\u0103<\/em> (dr. Cecilia C\u00e2rja, cercet\u0103tor POSDRU la Universitatea &#8222;Babe\u015f-Bolyai&#8221; Cluj-Napoca), <em>Forma\u0163ia local\u0103 \u015fi european\u0103 a clerului rom\u00e2n din Transilvania (1855-1900)<\/em> a doamnei dr. Ioana Bonda (cercet\u0103tor POSDRU la Universitatea &#8222;Babe\u015f-Bolyai&#8221; Cluj-Napoca), <em>Patrimoniul local \u015fi valorificarea acestuia \u00een lec\u0163iile de istorie \u015fi religie \u00een \u00eenv\u0103\u0163\u0103m\u00e2ntuil preuniversitar<\/em> (lect. univ. dr. Sorina Paula Bolovan, Universitatea Babe\u015f-Bolyai Cluj-Napoca), <em>Istorie \u015fi literatur\u0103. Scriitori rom\u00e2ni \u015fi istoria na\u0163ional\u0103<\/em> (conf. univ. dr. George Achim, Universitatea de Nord Baia Mare) etc.<\/p>\n<p>Activit\u0103\u0163ile s-au \u00eencheiat cu o mas\u0103 rotund\u0103 pe tema Diaspora rom\u00e2neasc\u0103: probleme actuale, momente \u00een care s-au eviden\u0163iat principalele probleme ale rom\u00e2nilor din diaspora.<\/p>\n<p>Ac\u0163iunea s-a dovedit a fi de un real succes at\u00e2t pentru stadiul cercet\u0103rilor \u00een domeniu, c\u00e2t \u015fi pentru modul de prezentare a istoriei ca \u015ftiin\u0163\u0103 \u015fi disciplin\u0103 de studiu \u00een contextul actual.<\/p>\n<p>Participan\u0163ii aduc \u015fi pe aceast\u0103 cale mul\u0163umiri organizatorilor, \u00een mod special domnului prorector Ioan Bolovan \u015fi domnului Ors Doczy, care au gestionat buna desf\u0103\u015furare a manifest\u0103rilor \u015ftiin\u0163ifice.<\/p>\n<p>&nbsp;<\/p>\n<p align=\"right\">Dr. Mihai FLOROAIA<\/p>\n","protected":false},"excerpt":{"rendered":"<p>\u00cen perioada 16-22 iulie 2012, la Baia Mare, s-a desf\u0103\u015furat edi\u0163ia a VIII-a a \u015ecolii de var\u0103 &#8222;Provoc\u0103rile istoriei ca \u015ftiin\u0163\u0103 \u015fi disciplin\u0103 de \u00eenv\u0103\u0163\u0103m\u00e2nt la \u00eenceputul mileniului trei&#8221;. Finan\u0163at de Guvernul Rom\u00e2niei prin Departamentul pentru Rom\u00e2nii de pretutindeni \u015fi&hellip;<\/p>\n<p class=\"more-link-p\"><a class=\"more-link\" href=\"http:\/\/www.slineamt.ro\/apostolul\/pasi-spre-europa\/scoala-de-vara-la-baia-mare\/\">Read more &rarr;<\/a><\/p>\n","protected":false},"author":1,"featured_media":0,"comment_status":"closed","ping_status":"closed","sticky":false,"template":"","format":"standard","meta":{"footnotes":""},"categories":[9,35],"tags":[],"class_list":["post-1646","post","type-post","status-publish","format-standard","hentry","category-pasi-spre-europa","category-numarul-147"],"_links":{"self":[{"href":"http:\/\/www.slineamt.ro\/apostolul\/wp-json\/wp\/v2\/posts\/1646","targetHints":{"allow":["GET"]}}],"collection":[{"href":"http:\/\/www.slineamt.ro\/apostolul\/wp-json\/wp\/v2\/posts"}],"about":[{"href":"http:\/\/www.slineamt.ro\/apostolul\/wp-json\/wp\/v2\/types\/post"}],"author":[{"embeddable":true,"href":"http:\/\/www.slineamt.ro\/apostolul\/wp-json\/wp\/v2\/users\/1"}],"replies":[{"embeddable":true,"href":"http:\/\/www.slineamt.ro\/apostolul\/wp-json\/wp\/v2\/comments?post=1646"}],"version-history":[{"count":0,"href":"http:\/\/www.slineamt.ro\/apostolul\/wp-json\/wp\/v2\/posts\/1646\/revisions"}],"wp:attachment":[{"href":"http:\/\/www.slineamt.ro\/apostolul\/wp-json\/wp\/v2\/media?parent=1646"}],"wp:term":[{"taxonomy":"category","embeddable":true,"href":"http:\/\/www.slineamt.ro\/apostolul\/wp-json\/wp\/v2\/categories?post=1646"},{"taxonomy":"post_tag","embeddable":true,"href":"http:\/\/www.slineamt.ro\/apostolul\/wp-json\/wp\/v2\/tags?post=1646"}],"curies":[{"name":"wp","href":"https:\/\/api.w.org\/{rel}","templated":true}]}}