{"id":1661,"date":"2012-10-06T16:18:29","date_gmt":"2012-10-06T16:18:29","guid":{"rendered":"http:\/\/www.cnrv.ro\/apostolul\/?p=1661"},"modified":"2012-10-06T16:18:29","modified_gmt":"2012-10-06T16:18:29","slug":"csdr-solicita-modificarea-legislatiei-muncii-in-regim-de-urgenta","status":"publish","type":"post","link":"http:\/\/www.slineamt.ro\/apostolul\/viata-sindicala-imperative\/csdr-solicita-modificarea-legislatiei-muncii-in-regim-de-urgenta\/","title":{"rendered":"CSDR solicit\u0103 modificarea legisla\u0163iei muncii \u00een regim de urgen\u0163\u0103"},"content":{"rendered":"<p><strong>Consiliul Na\u0163ional al Confedera\u0163iei Sindicatelor Democratice din Rom\u00e2nia<\/strong> \u00eentrunit ast\u0103zi, 31 august a.c., la Eforie Nord, solicit\u0103 deciden\u0163ilor politici modificarea, \u00een regim de urgen\u0163\u0103, a legisla\u0163iei muncii, \u00een conformitate cu Conven\u0163iile Organiza\u0163iei Interna\u0163ionale a Muncii(OIM), cu directivele Uniunii Europene \u015fi cu nevoile societ\u0103\u0163ii rom\u00e2ne\u015fti.<\/p>\n<p><strong>Din cauza \u00eent\u00e2rzierii amend\u0103rii Codului Muncii \u015fi a Legii nr.62\/2011, angaja\u0163ii sunt men\u0163inu\u0163i \u00een continuare \u00eentr-o stare de sclavie, iar dialogul lipse\u015fte cu des\u0103v\u00e2r\u015fire<\/strong>.<\/p>\n<p><strong>Modific\u0103rile<\/strong> aduse Codului Muncii \u00een 2011, prin asumarea r\u0103spunderii de c\u0103tre Guvernul Boc, nu au adus beneficii nici angajatului,nici angajatorului, au prejudiciat economia na\u0163ional\u0103, pun\u00e2nd \u00een pericol pacea social\u0103. Din acest motiv se impune amendarea legisla\u0163iei care reglementeaz\u0103 raporturile de munc\u0103, \u00eentr-un echilibru din care vor avea de c\u00e2\u015ftigat\u00a0 nu numai actorii sociali ci \u00eentreaga\u00a0 popula\u0163ie a \u0163\u0103rii. \u00cen acela\u015fi timp, este necesar\u0103 \u00eenfiin\u0163area ca institu\u0163ie\u00a0 independent\u0103\u00a0 a Tribunalelor Muncii, deoarece actualele complete de judecat\u0103 specializate \u00een acest domeniu sunt cople\u015fite de mul\u0163imea proceselor aflate pe rol.<\/p>\n<p><strong>Consiliul Na\u0163ional <\/strong>\u00a0sus\u0163ine \u00eenfiin\u0163area \u015fi func\u0163ionarea unui <strong>Minister al Dialogului Social<\/strong> care s\u0103 aib\u0103 \u00een componen\u0163\u0103\u00a0 parteneriatul social, Inspec\u0163ia\u00a0 Muncii, riscurile profesionale, normarea muncii,toate at\u00e2t de necesare unui stat democratic de drept.<\/p>\n<p><strong>Din cauza actualei situa\u0163ii<\/strong>, exist\u0103 suficiente premise de declan\u015fare an unor revolte spontane \u00een multe dintre unit\u0103\u0163ile economice, fapt ce ar afecta grav condi\u0163iile\u00a0 de via\u0163\u0103 \u015fi de munc\u0103 ale tuturor cet\u0103\u0163enilor, economia na\u0163ional\u0103. Pentru a se evita declan\u015farea unor ample proteste sociale, CSDR, sus\u0163in\u0103tor consecvent\u00a0 al Modelului Social European,solicit\u0103 Guvernului s\u0103 promoveze \u00een cel mai scurt timp proiectul Ordonan\u0163ei de Urgen\u0163\u0103 pentru modificarea Legii nr. 62\/2011 privind dialogul social, a\u015fa cum a fost negociat de principalele confedera\u0163ii sindicale \u015fi patronale reprezentative la nivel na\u0163ional.<\/p>\n<p>Potrivit pre\u015fedintelui CSDR, Iacob Baciu, \u00een nici un stat european nu exist\u0103 o asemenea dereglementare\u00a0 a rela\u0163iilor de munc\u0103\u00a0 precum \u00een Rom\u00e2nia: <strong>Angajatorul nu mai are nicio \u015fans\u0103 s\u0103-\u015fi apere drepturile, inclusiv \u00een instan\u0163a de judecat\u0103. Trebuie s\u0103 existe un echilibru real \u00eentre capital \u015fi salariat, iar acest echilibru nu se poate realiza\u00a0 dec\u00e2t printr-o legisla\u0163ie a muncii echitabil\u0103<\/strong>.<\/p>\n<p>Rezolu\u0163ia consiliului Na\u0163ional al CSDR, votat\u0103 \u00een unanimitate, a fost comunicat\u0103 oficial ministrului pentru dialog social, <strong>Liviu Marian Pop<\/strong>, invitat la lucr\u0103rile acestui eveniment.<\/p>\n<p>&nbsp;<\/p>\n<p align=\"right\">Consiliul Na\u0163ional CSDR,<\/p>\n<p align=\"right\">31 august 2012, Eforie Nord<\/p>\n","protected":false},"excerpt":{"rendered":"<p>Consiliul Na\u0163ional al Confedera\u0163iei Sindicatelor Democratice din Rom\u00e2nia \u00eentrunit ast\u0103zi, 31 august a.c., la Eforie Nord, solicit\u0103 deciden\u0163ilor politici modificarea, \u00een regim de urgen\u0163\u0103, a legisla\u0163iei muncii, \u00een conformitate cu Conven\u0163iile Organiza\u0163iei Interna\u0163ionale a Muncii(OIM), cu directivele Uniunii Europene \u015fi&hellip;<\/p>\n<p class=\"more-link-p\"><a class=\"more-link\" href=\"http:\/\/www.slineamt.ro\/apostolul\/viata-sindicala-imperative\/csdr-solicita-modificarea-legislatiei-muncii-in-regim-de-urgenta\/\">Read more &rarr;<\/a><\/p>\n","protected":false},"author":1,"featured_media":0,"comment_status":"closed","ping_status":"closed","sticky":false,"template":"","format":"standard","meta":{"footnotes":""},"categories":[11,35],"tags":[],"class_list":["post-1661","post","type-post","status-publish","format-standard","hentry","category-viata-sindicala-imperative","category-numarul-147"],"_links":{"self":[{"href":"http:\/\/www.slineamt.ro\/apostolul\/wp-json\/wp\/v2\/posts\/1661","targetHints":{"allow":["GET"]}}],"collection":[{"href":"http:\/\/www.slineamt.ro\/apostolul\/wp-json\/wp\/v2\/posts"}],"about":[{"href":"http:\/\/www.slineamt.ro\/apostolul\/wp-json\/wp\/v2\/types\/post"}],"author":[{"embeddable":true,"href":"http:\/\/www.slineamt.ro\/apostolul\/wp-json\/wp\/v2\/users\/1"}],"replies":[{"embeddable":true,"href":"http:\/\/www.slineamt.ro\/apostolul\/wp-json\/wp\/v2\/comments?post=1661"}],"version-history":[{"count":0,"href":"http:\/\/www.slineamt.ro\/apostolul\/wp-json\/wp\/v2\/posts\/1661\/revisions"}],"wp:attachment":[{"href":"http:\/\/www.slineamt.ro\/apostolul\/wp-json\/wp\/v2\/media?parent=1661"}],"wp:term":[{"taxonomy":"category","embeddable":true,"href":"http:\/\/www.slineamt.ro\/apostolul\/wp-json\/wp\/v2\/categories?post=1661"},{"taxonomy":"post_tag","embeddable":true,"href":"http:\/\/www.slineamt.ro\/apostolul\/wp-json\/wp\/v2\/tags?post=1661"}],"curies":[{"name":"wp","href":"https:\/\/api.w.org\/{rel}","templated":true}]}}