{"id":16807,"date":"2019-06-21T15:57:34","date_gmt":"2019-06-21T15:57:34","guid":{"rendered":"http:\/\/www.slineamt.ro\/apostolul\/?p=16807"},"modified":"2019-06-21T15:57:34","modified_gmt":"2019-06-21T15:57:34","slug":"directia-invatamant-hancesti-gala%e2%80%88laureatilor-2019","status":"publish","type":"post","link":"http:\/\/www.slineamt.ro\/apostolul\/pasi-spre-europa\/directia-invatamant-hancesti-gala%e2%80%88laureatilor-2019\/","title":{"rendered":"Direc\u0163ia \u00cenv\u0103\u0163\u0103m\u00e2nt H\u00e2nce\u015fti, GALA\u2008LAUREA\u0162ILOR, 2019"},"content":{"rendered":"\n<div class=\"wp-block-image\"><figure class=\"alignleft is-resized\"><img loading=\"lazy\" decoding=\"async\" src=\"https:\/\/www.slineamt.ro\/apostolul\/wp-content\/uploads\/2019\/06\/17-ap222-foto1.jpg\" alt=\"\" class=\"wp-image-16810\" width=\"408\" height=\"271\" srcset=\"http:\/\/www.slineamt.ro\/apostolul\/wp-content\/uploads\/2019\/06\/17-ap222-foto1.jpg 532w, http:\/\/www.slineamt.ro\/apostolul\/wp-content\/uploads\/2019\/06\/17-ap222-foto1-300x200.jpg 300w, http:\/\/www.slineamt.ro\/apostolul\/wp-content\/uploads\/2019\/06\/17-ap222-foto1-260x173.jpg 260w, http:\/\/www.slineamt.ro\/apostolul\/wp-content\/uploads\/2019\/06\/17-ap222-foto1-160x106.jpg 160w\" sizes=\"auto, (max-width: 408px) 100vw, 408px\" \/><\/figure><\/div>\n\n\n\n<p>Devenit\u0103 un\nelement indispensabil al culturii organiza\u0163ionale, Gala Laurea\u0163ilor este o ac\u0163iune\n\u00een cadrul c\u0103reia se promoveaz\u0103 copiii dota\u0163i, de\u0163in\u0103tori ai locurilor de top\ndin etap\u0103 raional\u0103 \u015fi republican\u0103.<\/p>\n\n\n\n<p>Gala Laurea\u0163ilor,\norganizat\u0103 de Direc\u0163ia \u00cenv\u0103\u0163\u0103m\u00e2nt H\u00e2nce\u015fti, este un prilej de recunoa\u015ftere a\ncalit\u0103\u0163ii educa\u0163iei, a performan\u0163ei \u015fi a valorii elevilor \u015fi a cadrelor\ndidactice din sistemul de \u00eenv\u0103\u0163\u0103m\u00e2nt preuniversitar. O na\u0163iune se remarc\u0103 prin\nelite, prin oameni de valoare. <em>Competi\u0163ia<\/em>\na devenit cuv\u00e2ntul de ordine al timpului prezent, dar \u015fi al viitorului.\nProfesorii, dar \u015fi elevii, sunt cei care \u00eentr\u0103 primii \u00eentr-o lume caracterizat\u0103\nprin performan\u0163\u0103 \u015fi, ob\u0163in\u00e2nd rezultate bune, demonstreaz\u0103 calitatea \u015fcolii \u015fi\nimplicit a \u00eenv\u0103\u0163\u0103m\u00e2ntului na\u0163ional.<\/p>\n\n\n\n<p>Orice\nsocietate pentru care educa\u0163ia devine prioritar\u0103 recunoa\u015fte c\u0103 toate obiectivele\npropuse pot fi atinse av\u00e2nd cea mai important\u0103 resurs\u0103 \u2013 cea uman\u0103. De aceea\nDirec\u0163ia noastr\u0103 va promova \u015fi va sus\u0163ine mereu ideea de valoare. \u00cempreun\u0103 cu\nto\u0163i factorii implica\u0163i vom lucra pentru p\u0103strarea prestigiului cucerit de\n\u015fcoal\u0103 de-a lungul timpului, care a dat \u015fi d\u0103 valori, \u00een toate domeniile,\napreciate de \u00eentreaga lume. Trebuie s\u0103 stimul\u0103m \u015fi s\u0103 r\u0103spl\u0103tim performan\u0163a,\npentru ca num\u0103rul celor care intr\u0103 \u00een astfel de competi\u0163ii s\u0103 fie c\u00e2t mai mare.<\/p>\n\n\n\n<p>Anul acesta,\nca niciodat\u0103, lotul olimpic al raionului a completat palmaresul cu 23 de locuri\npremiante \u00een cadrul competi\u0163iilor na\u0163ionale, devenind astfel mesageri ai\nraionului \u00een spa\u0163iul republican: 10 men\u0163iuni, 5 locuri de TREI, 7 locuri DOI \u015fi\nUN loc \u00ceNT\u00c2I.<\/p>\n\n\n\n<p>Recunoa\u015fterea\ncalit\u0103\u0163ii \u00een educa\u0163ie, a performan\u0163ei \u015fi a valorilor tinerei genera\u0163ii,\n\u00eenseamn\u0103 s\u0103 redescoperi mereu adev\u0103rata misiune a \u015fcolii, care trebuie s\u0103\nasigure un viitor european elevilor ei \u015fi \u015fanse egale de afirmare \u015fi implicare\n\u00een toate domeniile \u015ftiin\u0163ei.<\/p>\n\n\n\n<p>Pornind de\nla o ierarhie a locurilor premiante \u00een cadrul concursurilor \u015fcolare, Direc\u0163ia\n\u00cenv\u0103\u0163\u0103m\u00e2nt H\u00e2nce\u015fti a f\u0103cut, an de an, un top al institu\u0163iilor educa\u0163ionale din\nraion. Sunt prezente aici cam acelea\u015fi institu\u0163ii unde activitatea cu elevii ap\u0163i\nde performan\u0163e este un segment exploatat cu insisten\u0163\u0103 \u015fi consecven\u0163\u0103. La\ncategoria licee, p\u0103\u015fe\u015fte deta\u015fat LT \u201eM. Sadoveanu\u201d, H\u00e2nce\u015fti cu 97 de locuri la\netap\u0103 raional\u0103 \u015fi 14 la etap\u0103 na\u0163ional\u0103. Clasamentul este urmat de LT \u201eM.\nEminescu\u201d, H\u00e2nce\u015fti \u015fi LT \u201e\u015e. Holban\u201d, C\u0103rpineni. Printre gimnazii vom men\u0163iona\nsaltul gimnaziilor Mingir, \u201eS.Anisei\u201d, Negrea, dar \u015fi consecven\u0163a celor de la\nGM \u201eA. Bunduchi\u201d, Bu\u0163eni \u015fi Pa\u015fcani.<\/p>\n\n\n\n<p>Dorim c\u0103\naceast\u0103 Gal\u0103 s\u0103 fie perceput\u0103 ca o agor\u0103 a celor responsabili, a celor hot\u0103r\u00e2\u0163i\ns\u0103 impun\u0103 un nou sens \u00eenv\u0103\u0163\u0103m\u00e2ntului, \u00eentr-o comunitate a diversit\u0103\u0163ii \u015fi\nvalorii. De aceea, \u00eeng\u0103dui\u0163i-mi s\u0103 v\u0103 adresez omagiul \u015fi pre\u0163uirea institu\u0163iei\npe care o reprezint \u2013 Direc\u0163ia \u00cenv\u0103\u0163\u0103m\u00e2nt H\u00e2nce\u015fti \u015fi s\u0103 mul\u0163umesc, din nou,\npentru puterea de a ap\u0103ra, cu real\u0103 competen\u0163\u0103 \u015fi sim\u0163 al datoriei, \u00eenv\u0103\u0163\u0103m\u00e2ntul\ndin raion.<\/p>\n\n\n\n<p><strong><em>Valentina\nTONU, \u015eefa Direc\u0163iei \u00cenv\u0103\u0163\u0103m\u00e2nt H\u00e2nce\u015fti, Republica Moldova<\/em><\/strong><\/p>\n","protected":false},"excerpt":{"rendered":"<p>Devenit\u0103 un element indispensabil al culturii organiza\u0163ionale, Gala Laurea\u0163ilor este o ac\u0163iune \u00een cadrul c\u0103reia se promoveaz\u0103 copiii dota\u0163i, de\u0163in\u0103tori ai locurilor de top din etap\u0103 raional\u0103 \u015fi republican\u0103. Gala Laurea\u0163ilor, organizat\u0103 de Direc\u0163ia \u00cenv\u0103\u0163\u0103m\u00e2nt H\u00e2nce\u015fti, este un prilej de&hellip;<\/p>\n<p class=\"more-link-p\"><a class=\"more-link\" href=\"http:\/\/www.slineamt.ro\/apostolul\/pasi-spre-europa\/directia-invatamant-hancesti-gala%e2%80%88laureatilor-2019\/\">Read more &rarr;<\/a><\/p>\n","protected":false},"author":1,"featured_media":0,"comment_status":"open","ping_status":"closed","sticky":false,"template":"","format":"standard","meta":{"footnotes":""},"categories":[9,391],"tags":[],"class_list":["post-16807","post","type-post","status-publish","format-standard","hentry","category-pasi-spre-europa","category-numarul-222"],"_links":{"self":[{"href":"http:\/\/www.slineamt.ro\/apostolul\/wp-json\/wp\/v2\/posts\/16807","targetHints":{"allow":["GET"]}}],"collection":[{"href":"http:\/\/www.slineamt.ro\/apostolul\/wp-json\/wp\/v2\/posts"}],"about":[{"href":"http:\/\/www.slineamt.ro\/apostolul\/wp-json\/wp\/v2\/types\/post"}],"author":[{"embeddable":true,"href":"http:\/\/www.slineamt.ro\/apostolul\/wp-json\/wp\/v2\/users\/1"}],"replies":[{"embeddable":true,"href":"http:\/\/www.slineamt.ro\/apostolul\/wp-json\/wp\/v2\/comments?post=16807"}],"version-history":[{"count":1,"href":"http:\/\/www.slineamt.ro\/apostolul\/wp-json\/wp\/v2\/posts\/16807\/revisions"}],"predecessor-version":[{"id":16813,"href":"http:\/\/www.slineamt.ro\/apostolul\/wp-json\/wp\/v2\/posts\/16807\/revisions\/16813"}],"wp:attachment":[{"href":"http:\/\/www.slineamt.ro\/apostolul\/wp-json\/wp\/v2\/media?parent=16807"}],"wp:term":[{"taxonomy":"category","embeddable":true,"href":"http:\/\/www.slineamt.ro\/apostolul\/wp-json\/wp\/v2\/categories?post=16807"},{"taxonomy":"post_tag","embeddable":true,"href":"http:\/\/www.slineamt.ro\/apostolul\/wp-json\/wp\/v2\/tags?post=16807"}],"curies":[{"name":"wp","href":"https:\/\/api.w.org\/{rel}","templated":true}]}}