{"id":16816,"date":"2019-06-21T16:00:27","date_gmt":"2019-06-21T16:00:27","guid":{"rendered":"http:\/\/www.slineamt.ro\/apostolul\/?p=16816"},"modified":"2019-06-21T16:00:27","modified_gmt":"2019-06-21T16:00:27","slug":"panoramic-romascan-16","status":"publish","type":"post","link":"http:\/\/www.slineamt.ro\/apostolul\/ultima-ora-la-roman\/panoramic-romascan-16\/","title":{"rendered":"Panoramic roma\u015fcan"},"content":{"rendered":"\n<p><strong>Elevi roma\u015fcani premia\u0163i la Concursul Na\u0163ional \u201ePetru\nPoni\u201d<\/strong><\/p>\n\n\n\n<p>\u00cen perioada\n24-26 mai s-a desf\u0103\u015furat, la Vaslui, a X-a edi\u0163ie a Concursului Na\u0163ional \u201ePetru\nPoni\u201d, organizat de ISJ Vaslui \u015fi Ministerul Educa\u0163iei Na\u0163ionale, adresat\nelevilor de liceu de la profil tehnologic. La aceast\u0103 edi\u0163ie au participat 134\nde elevi, din 35 de jude\u0163e, cu performan\u0163e deosebite \u00een domeniul chimiei, care\nau sus\u0163inut o prob\u0103 teoretic\u0103 \u015fi una practic\u0103, \u00een zile diferite, pe parcursul a\nc\u00e2te trei ore de lucru, informeaz\u0103 ISJ Neam\u0163.<\/p>\n\n\n\n<p>Jude\u0163ul Neam\u0163\na participat la acest concurs cu un lot format din \u015fase elevi selecta\u0163i la\netapa jude\u0163ean\u0103 a competi\u0163iei, cinci dintre ace\u015ftia, to\u0163i din Roman, ob\u0163in\u00e2nd\nrezultate foarte bune.<\/p>\n\n\n\n<p>Astfel,\nLaura Cristiana Petri\u015for, elev\u0103 \u00een clasa a XI-a la Colegiul Tehnic \u201ePetru Poni\u201d\ndin Roman, preg\u0103tit\u0103 de profesor Maria Rusu, a ob\u0163inut Premiul II. Alin Viorel\nCiobanu, elev \u00een clasa a IX-a, \u015fi Daniel Gabriel Ciocan, elev \u00een clasa a XI-a,\nde la Liceul Tehnologic \u201eVasile Sav\u201d din Roman, preg\u0103ti\u0163i de profesor Paula\nLeanc\u0103, au ob\u0163inut Men\u0163iune din partea Ministerului Educa\u0163iei Na\u0163ionale.\nEmanuel Iosif Ghiuzan \u015fi Marius Andrei Bogle\u015f, elevi \u00een clasa a XI-a la Liceul\nTehnologic \u201eVasile Sav\u201d din Roman, preg\u0103ti\u0163i de profesor Liliana Ani\u0163ei, au ob\u0163inut\nMen\u0163iune Special\u0103.<\/p>\n\n\n\n<p>\u201eDe remarcat\nfaptul c\u0103 ace\u015fti elevi sunt preg\u0103ti\u0163i \u00een Centrul de Excelen\u0163\u0103 Neam\u0163, filiala\nRoman \u2013 clasa de chimie tehnic\u0103 IX-XI \u015fi au experien\u0163\u0103 competi\u0163ional\u0103 acumulat\u0103\n\u00een anii anteriori, iar \u00een calitate de lectori \u00een acest an \u015fcolar au fost\ndoamnele profesor Paula Leanc\u0103 \u015fi Gianina Condurat. Felicit\u0103ri, admira\u0163ie \u015fi\nconsidera\u0163ie pentru elevii, profesorii \u015fi p\u0103rin\u0163ii implica\u0163i\u201d, au transmis\nreprezentan\u0163ii ISJ Neam\u0163. <\/p>\n\n\n\n<p><strong>Colegiul Na\u0163ional \u201eRoman-Vod\u0103\u201d a primit titlul de \u201e\u015ecoal\u0103\nEuropean\u0103\u201d<\/strong><\/p>\n\n\n\n<div class=\"wp-block-image\"><figure class=\"alignleft is-resized\"><img loading=\"lazy\" decoding=\"async\" src=\"https:\/\/www.slineamt.ro\/apostolul\/wp-content\/uploads\/2019\/06\/16-ap222-foto1.jpg\" alt=\"\" class=\"wp-image-16819\" width=\"435\" height=\"235\" srcset=\"http:\/\/www.slineamt.ro\/apostolul\/wp-content\/uploads\/2019\/06\/16-ap222-foto1.jpg 638w, http:\/\/www.slineamt.ro\/apostolul\/wp-content\/uploads\/2019\/06\/16-ap222-foto1-300x163.jpg 300w, http:\/\/www.slineamt.ro\/apostolul\/wp-content\/uploads\/2019\/06\/16-ap222-foto1-560x304.jpg 560w, http:\/\/www.slineamt.ro\/apostolul\/wp-content\/uploads\/2019\/06\/16-ap222-foto1-260x141.jpg 260w, http:\/\/www.slineamt.ro\/apostolul\/wp-content\/uploads\/2019\/06\/16-ap222-foto1-160x87.jpg 160w\" sizes=\"auto, (max-width: 435px) 100vw, 435px\" \/><\/figure><\/div>\n\n\n\n<p>\u00cen acest an,\nMinisterul Educa\u0163iei Na\u0163ionale a organizat cea de-a XVI-a edi\u0163ie a Competi\u0163iei\nNa\u0163ionale pentru ob\u0163inerea certificatului \u201e\u015ecoal\u0103 European\u0103\u201d, competi\u0163ie la\ncare au participat 136 unit\u0103\u0163i de \u00eenv\u0103\u0163\u0103m\u00e2nt preuniversitar ce au derulat\nproiecte din cadrul programelor europene din domeniul educa\u0163iei \u015fi form\u0103rii\nprofesionale.<\/p>\n\n\n\n<p>Festivitatea\nde decernare a premiilor a avut loc mar\u0163i, 4 iunie, la Palatul Parlamentului \u00een\nBucure\u015fti, \u00een prezen\u0163a ministrului Educa\u0163iei, Ecaterina Andronescu. Din cele\n136 de \u015fcoli \u00eenscrise \u00een competi\u0163ie, 87 au primit aceast\u0103 distinc\u0163ie \u00een 2019,\niar din jude\u0163ul Neam\u0163 au primit trofeul de \u201e\u015ecoal\u0103 European\u0103\u201d trei unit\u0103\u0163i de\n\u00eenv\u0103\u0163\u0103m\u00e2nt: Colegiul Na\u0163ional \u201eRoman-Vod\u0103\u201d din Roman (locul 32), Colegiul\nTehnic \u201eGheorghe Cartianu\u201d din Piatra-Neam\u0163 (locul 34) \u015fi Colegiul Na\u0163ional de\nInformatic\u0103 Piatra-Neam\u0163 (locul 70). Fiecare unitate de \u00eenv\u0103\u0163\u0103m\u00e2nt a primit\ncertificatul \u201e\u015ecoal\u0103 European\u0103 \u2013 2019\u201d \u015fi un premiu \u00een valoare de 5.000 de lei,\ncare va fi utilizat pentru dot\u0103ri.<\/p>\n\n\n\n<p>\u201eAst\u0103zi,\nColegiul Na\u0163ional \u00abRoman-Vod\u0103\u00bb a ob\u0163inut titlul de \u00ab\u015ecoal\u0103 European\u0103\u00bb \u00een urma\nactivit\u0103\u0163ilor efectuate \u00een cadrul proiectelor Erasmus+ \u00een ultimii trei ani.\nDelega\u0163ia trimis\u0103 la Palatul Parlamentului pentru premiere a fost format\u0103 din\ndoamna director, profesor Mihaela Tanovici, doamna profesor Magda Gherc\u0103 \u015fi\npre\u015fedintele Consiliului \u015ecolar al Elevilor din cadrul Colegiului Na\u0163ional\n\u00abRoman-Vod\u0103\u00bb, Monel Gherghel, dar s\u0103 nu uit\u0103m echipa de profesori \u015fi elevi ai\ncolegiului care s-a implicat \u00een derularea proiectelor\u201d, au transmis reprezentan\u0163ii\nConsiliului \u015ecolar al Elevilor din cadrul Colegiului Na\u0163ional \u201eRoman-Vod\u0103\u201d.<\/p>\n\n\n\n<p>Titlul de\n\u201e\u015ecoal\u0103 European\u0103\u201d a mai fost ob\u0163inut, \u00een ultimii ani, de Liceul cu Program\nSportiv din Roman (\u00een 2014, titlu ob\u0163inut pentru a treia oar\u0103 consecutiv),\nprecum \u015fi de Colegiul Tehnic \u201eDanubiana\u201d din Roman (2014 \u015fi 2017) \u015fi de\nColegiul Tehnic \u201ePetru Poni\u201d din Roman (2018).<\/p>\n\n\n\n<p><strong>\u015ecoala Primar\u0103 \u201eMu\u015fatinii\u201d, autorizat\u0103 de ARACIP,\na\u015fteapt\u0103 \u00eenscrierea micilor \u015fcolari <\/strong><\/p>\n\n\n\n<p>Echipa care\na ini\u0163iat \u00eenfiin\u0163area \u015ecolii Primare \u201eMu\u015fatinii\u201d din Roman \u015fi a demarat\nprocedura de evaluare \u00een vederea autoriz\u0103rii a primit, \u00een perioada 16-17 mai,\nvizita evaluatorilor Agen\u0163iei Rom\u00e2ne de Asigurarea Calit\u0103\u0163ii \u00een \u00cenv\u0103\u0163\u0103m\u00e2ntul\nPreuniversitar (ARACIP). Activitatea desf\u0103\u015furat\u0103 pe parcursul celor dou\u0103 zile a\nfost o colaborare eficient\u0103 \u00eentre echipa \u015fcolii \u015fi cea a evaluatorilor ARACIP.\nLa activit\u0103\u0163ile prev\u0103zute \u00een agenda vizitei de evaluare a participat \u015fi\ninspector Maria Ghini\u0163\u0103, delegat\u0103 din partea Inspectoratului \u015ecolar Jude\u0163ean\nNeam\u0163, ca observator al obiectivit\u0103\u0163ii dovezilor, argumentelor \u015fi aprecierilor\n\u00eendeplinirii standardele ARACIP, informeaz\u0103 reprezentan\u0163ii \u015ecolii Primare\n\u201eMu\u015fatinii\u201d, care va func\u0163iona pe l\u00e2ng\u0103 Funda\u0163ia \u201eEpiscop Melchisedec\u201d.<\/p>\n\n\n\n<p>Raportul de\nevaluare a \u015ecolii Primare \u201eMu\u015fatinii\u201d, cu care s-a finalizat vizita de\nevaluare, a \u00eendeplinit to\u0163i indicatorii de calitate prev\u0103zu\u0163i de standardele\nautoriz\u0103rii. \u015ecoala Primar\u0103 \u201eMu\u015fatinii\u201d este autorizat\u0103. Procedura \u00ee\u015fi urmeaz\u0103\ncursul \u015fi peste c\u00e2teva s\u0103pt\u0103m\u00e2ni, va fi primit de la Ministerul Educa\u0163iei Na\u0163ionale\ndocumentul oficial care certific\u0103 autorizarea.<\/p>\n\n\n\n<p>\u201eA\u015ftept\u0103m\np\u0103rin\u0163ii care \u00ee\u015fi doresc pentru copiii lor un \u00eenceput al parcursului \u015fcolar\ngarantat de o educa\u0163ie de calitate sus\u0163inut\u0103 de principii \u015fi valori\nsocio-morale solide. Micii \u015fcolari vor beneficia de condi\u0163ii optime de educa\u0163ie\n\u015fi dezvoltare a personalit\u0103\u0163ii \u00eentr-un spa\u0163iu generos, sigur \u015fi foarte bine\ndotat, o program\u0103 care respect\u0103 curriculumul \u00eenv\u0103\u0163\u0103m\u00e2ntului na\u0163ional al\nciclului elementar \u2013 inclusiv al clasei preg\u0103titoare, 18 elevi \u2013 num\u0103rul maxim\nde elevi \u00een clas\u0103, \u015fi nu \u00een ultimul r\u00e2nd, afectivitatea, r\u0103bdarea \u015fi competen\u0163ele\ndidactico- metodice a dou\u0103 doamne \u00eenv\u0103\u0163\u0103toare, recomandate de rezultate \u015fi\ngradul didactic I. Confortul psihic al p\u0103rin\u0163ilor este asigurat de programul\n\u015fcolar desf\u0103\u015furat \u00een intervalul 8.00-17.00 care include: 08.00-12.00 activit\u0103\u0163i\ninstructiv-educative; 12.00-13.30 servirea mesei, activit\u0103\u0163i recreative,\nodihn\u0103; 13.30-17.00 activit\u0103\u0163i op\u0163ionale \u015fi After school. Taxa \u015fcolar\u0103 de 550\nde lei pe luna reprezint\u0103 un efort financiar, dar s\u0103 reflect\u0103m la urm\u0103torul\nadev\u0103r: \u00abDac\u0103 ai impresia c\u0103 educa\u0163ia e scump\u0103, atunci \u00eencearc\u0103 s\u0103 vezi cum e\nignoran\u0163a\u00bb (Andy McIntyr)\u201d, au precizat reprezentan\u0163ii \u015ecolii Primare\n\u201eMu\u015fatinii\u201d.<\/p>\n\n\n\n<p><strong>O nou\u0103 edi\u0163ie a concursului interjude\u0163ean \u201eCreang\u0103 \u015fi\ncopiii\u201d, la Dulce\u015fti<\/strong><\/p>\n\n\n\n<div class=\"wp-block-image\"><figure class=\"alignright is-resized\"><img loading=\"lazy\" decoding=\"async\" src=\"https:\/\/www.slineamt.ro\/apostolul\/wp-content\/uploads\/2019\/06\/16-ap222-foto2.jpg\" alt=\"\" class=\"wp-image-16822\" width=\"394\" height=\"250\" srcset=\"http:\/\/www.slineamt.ro\/apostolul\/wp-content\/uploads\/2019\/06\/16-ap222-foto2.jpg 532w, http:\/\/www.slineamt.ro\/apostolul\/wp-content\/uploads\/2019\/06\/16-ap222-foto2-300x191.jpg 300w, http:\/\/www.slineamt.ro\/apostolul\/wp-content\/uploads\/2019\/06\/16-ap222-foto2-260x165.jpg 260w, http:\/\/www.slineamt.ro\/apostolul\/wp-content\/uploads\/2019\/06\/16-ap222-foto2-160x102.jpg 160w\" sizes=\"auto, (max-width: 394px) 100vw, 394px\" \/><\/figure><\/div>\n\n\n\n<p>La C\u0103minul\nCultural din Dulce\u015fti s-a desf\u0103\u015furat pe 31 mai cea de-a VIII-a edi\u0163ie a\nconcursului interjude\u0163ean \u201eCreang\u0103 \u015fi copiii\u201d, din cadrul proiectului \u201eValorile\nsatului rom\u00e2nesc p\u0103strate \u00een muzeul etnografic\u201d, \u00eenscris \u00een Calendarul activit\u0103\u0163ilor\neducative regionale \u015fi interjude\u0163ene la pozi\u0163ia 1640.<\/p>\n\n\n\n<p>Ca parteneri\n\u00een acest proiect au fost: Inspectoratul \u015ecolar Jude\u0163ean Neam\u0163, Casa Corpului\nDidactic Neam\u0163, Clubul Copiilor Roman, Prim\u0103ria Comunei Dulce\u015fti, Asocia\u0163ia\n\u00cenv\u0103\u0163\u0103torilor Neam\u0163, Muzeul de Istorie Roman, Biblioteca Comunal\u0103 Dulce\u015fti,\nBiserica \u201ePogor\u00e2rea Sf\u00e2ntului Duh\u201d Dulce\u015fti, 17 \u015fcoli din jude\u0163 \u015fi alte 11\n\u015fcoli din jude\u0163ele Timi\u015f, Ia\u015fi, Bac\u0103u, Suceava, Vaslui, Gala\u0163i \u015fi Boto\u015fani.<\/p>\n\n\n\n<p>Concursul\ns-a adresat copiilor \u2013 sec\u0163iunea direct\u0103, \u00een care echipaje a c\u00e2te patru copii\nau r\u0103spuns unor \u00eentreb\u0103ri legate de via\u0163a \u015fi opera marelui povestitor, al\u0103turi\nde prezentarea de dramatiz\u0103ri, scenete, monolog, dialog, recit\u0103ri, \u015fez\u0103tori \u015fi\ndansuri populare, \u015fi o sec\u0163iune indirect\u0103 \u2013 privind realizarea de colaje \u015fi\ndesene, av\u00e2nd ca tematic\u0103 aspecte din opera lui Creang\u0103 \u2013, \u00een timp ce cadrele\ndidactice au prezentat diverse materiale privind via\u0163a \u015fi opera marelui\npovestitor, precum \u015fi poezii \u015fi proz\u0103 despre ziua de 1 Iunie, Ziua Interna\u0163ional\u0103\na Copilului.<\/p>\n\n\n\n<p>\u201eActivitatea\na fost eficient\u0103, ampl\u0103, bine organizat\u0103 \u015fi \u015fi-a atins scopul \u015fi obiectivele.\nAm dorit ca, prin acest concurs, s\u0103 aducem \u00een prezent informa\u0163ii despre via\u0163a\n\u015fi opera celui mai mare povestitor rom\u00e2n, Ion Creang\u0103, iubit \u015fi \u00eendr\u0103git de\ncopii, s\u0103 dezvolt\u0103m \u015fi s\u0103 stimul\u0103m poten\u0163ialul creativ al elevilor, prin\nexprimare plastic\u0103 sau direct, prin dramatiz\u0103ri, c\u00e2ntec \u015fi dansuri populare\u201d, a\nafirmat profesor pentru \u00eenv\u0103\u0163\u0103m\u00e2ntul primar Rodica Popa, din cadrul \u015ecolii\nDulce\u015fti.<\/p>\n\n\n\n<p>(<em>Sursa: Ziarul de Roman<\/em>)<\/p>\n\n\n\n<p><strong><em>Red.<\/em><\/strong><\/p>\n","protected":false},"excerpt":{"rendered":"<p>Elevi roma\u015fcani premia\u0163i la Concursul Na\u0163ional \u201ePetru Poni\u201d \u00cen perioada 24-26 mai s-a desf\u0103\u015furat, la Vaslui, a X-a edi\u0163ie a Concursului Na\u0163ional \u201ePetru Poni\u201d, organizat de ISJ Vaslui \u015fi Ministerul Educa\u0163iei Na\u0163ionale, adresat elevilor de liceu de la profil tehnologic.&hellip;<\/p>\n<p class=\"more-link-p\"><a class=\"more-link\" href=\"http:\/\/www.slineamt.ro\/apostolul\/ultima-ora-la-roman\/panoramic-romascan-16\/\">Read more &rarr;<\/a><\/p>\n","protected":false},"author":1,"featured_media":0,"comment_status":"open","ping_status":"closed","sticky":false,"template":"","format":"standard","meta":{"footnotes":""},"categories":[8,391],"tags":[],"class_list":["post-16816","post","type-post","status-publish","format-standard","hentry","category-ultima-ora-la-roman","category-numarul-222"],"_links":{"self":[{"href":"http:\/\/www.slineamt.ro\/apostolul\/wp-json\/wp\/v2\/posts\/16816","targetHints":{"allow":["GET"]}}],"collection":[{"href":"http:\/\/www.slineamt.ro\/apostolul\/wp-json\/wp\/v2\/posts"}],"about":[{"href":"http:\/\/www.slineamt.ro\/apostolul\/wp-json\/wp\/v2\/types\/post"}],"author":[{"embeddable":true,"href":"http:\/\/www.slineamt.ro\/apostolul\/wp-json\/wp\/v2\/users\/1"}],"replies":[{"embeddable":true,"href":"http:\/\/www.slineamt.ro\/apostolul\/wp-json\/wp\/v2\/comments?post=16816"}],"version-history":[{"count":1,"href":"http:\/\/www.slineamt.ro\/apostolul\/wp-json\/wp\/v2\/posts\/16816\/revisions"}],"predecessor-version":[{"id":16825,"href":"http:\/\/www.slineamt.ro\/apostolul\/wp-json\/wp\/v2\/posts\/16816\/revisions\/16825"}],"wp:attachment":[{"href":"http:\/\/www.slineamt.ro\/apostolul\/wp-json\/wp\/v2\/media?parent=16816"}],"wp:term":[{"taxonomy":"category","embeddable":true,"href":"http:\/\/www.slineamt.ro\/apostolul\/wp-json\/wp\/v2\/categories?post=16816"},{"taxonomy":"post_tag","embeddable":true,"href":"http:\/\/www.slineamt.ro\/apostolul\/wp-json\/wp\/v2\/tags?post=16816"}],"curies":[{"name":"wp","href":"https:\/\/api.w.org\/{rel}","templated":true}]}}