{"id":17362,"date":"2019-09-24T15:47:03","date_gmt":"2019-09-24T15:47:03","guid":{"rendered":"http:\/\/www.slineamt.ro\/apostolul\/?p=17362"},"modified":"2019-09-24T15:47:03","modified_gmt":"2019-09-24T15:47:03","slug":"veronica-filip-sarbatorita-la-g-t-k","status":"publish","type":"post","link":"http:\/\/www.slineamt.ro\/apostolul\/arte-si-meseriii\/veronica-filip-sarbatorita-la-g-t-k\/","title":{"rendered":"Veronica Filip, s\u0103rb\u0103torit\u0103 la G.T.K."},"content":{"rendered":"\n<div class=\"wp-block-image\"><figure class=\"alignleft is-resized\"><img loading=\"lazy\" decoding=\"async\" src=\"http:\/\/www.slineamt.ro\/apostolul\/wp-content\/uploads\/2019\/09\/35-ap224-foto1.jpg\" alt=\"\" class=\"wp-image-17365\" width=\"339\" height=\"480\" srcset=\"http:\/\/www.slineamt.ro\/apostolul\/wp-content\/uploads\/2019\/09\/35-ap224-foto1.jpg 381w, http:\/\/www.slineamt.ro\/apostolul\/wp-content\/uploads\/2019\/09\/35-ap224-foto1-212x300.jpg 212w, http:\/\/www.slineamt.ro\/apostolul\/wp-content\/uploads\/2019\/09\/35-ap224-foto1-260x368.jpg 260w, http:\/\/www.slineamt.ro\/apostolul\/wp-content\/uploads\/2019\/09\/35-ap224-foto1-160x226.jpg 160w\" sizes=\"auto, (max-width: 339px) 100vw, 339px\" \/><\/figure><\/div>\n\n\n\n<p>\u201e<em>Am vrut s\u0103-mi retr\u0103iesc copil\u0103ria prin\ncopiii pe care i-am educat. Am f\u0103cut tot ce mi-a stat \u00een putin\u0163\u0103 pentru ca\npre\u015fcolarii s\u0103 vin\u0103 cu pl\u0103cere la gr\u0103dini\u0163\u0103 \u015fi am vrut s\u0103 nu-i dezam\u0103gesc pe\ncei care au investit \u00eencredere \u00een mine<\/em>\u201d \u2013 <strong><em>Veronica Filip<\/em><\/strong><\/p>\n\n\n\n<p>\u00cen cadrul\nproiectului \u201eS\u0103 cunoa\u015ftem istoria jude\u0163ului prin memoria comunit\u0103\u0163ii. Oameni,\nlocuri, fapte\u201d, miercuri, 11 septembrie 2019, Biblioteca Jude\u0163ean\u0103 \u201eG.T.\nKirileanu\u201d Neam\u0163 a organizat manifestarea \u201eVeronica Filip \u2013 un reper de excelen\u0163\u0103\n\u00een educa\u0163ia pre\u015fcolar\u0103 nem\u0163ean\u0103\u201d. Parteneri: Casa Corpului Didactic Neam\u0163,\nGr\u0103dini\u0163a cu Program Prelungit \u201eVeronica Filip\u201d \u015fi Asocia\u0163ia \u201eVeronica Filip\u201d\ndin Piatra-Neam\u0163. <\/p>\n\n\n\n<p>Veronica\nFilip s-a n\u0103scut la 17 iulie 1934, \u00een comuna \u015eagani, Cetatea Alb\u0103, Republica\nMoldova. Tat\u0103l s\u0103u, Anton Cern\u0103u\u0163eanu, a fost preot, iar mama, Alexandra Cern\u0103u\u0163eanu\n\u2013 \u00eenv\u0103\u0163\u0103toare. Dup\u0103 terminarea cursurilor primare \u015fi gimnaziale, a urmat primii\ntrei ani de studiu la Liceul Pedagogic de Educatoare din Timi\u015foara, iar anul IV\nla Liceul Pedagogic de Educatoare din Piatra-Neam\u0163, absolvind \u00een anul 1952.<\/p>\n\n\n\n<p>Din primul\nan de \u00eenv\u0103\u0163\u0103m\u00e2nt a fost repartizat\u0103 \u00een ora\u015ful Piatra-Neam\u0163, la Gr\u0103dini\u0163a\ns\u0103pt\u0103m\u00e2nal\u0103 nr. 1, iar \u00een al doilea an a predat la Gr\u0103dini\u0163a s\u0103pt\u0103m\u00e2nal\u0103 de\naplica\u0163ie nr. 10 a Liceului Pedagogic de Educatoare. \u00cen anul 1955, a fost\nnumit\u0103 inspector pentru \u00eenv\u0103\u0163\u0103m\u00e2ntul pre\u015fcolar a raionului Piatra-Neam\u0163. \u00centre\nanii 1958 \u015fi 1977 a fost educatoare-directoare la Gr\u0103dini\u0163a cu orar redus nr. 2\ndin cartierul Precista, perioad\u0103 \u00een care a primit titulatura de \u201eEducatoare\neviden\u0163iat\u0103\u201d.<\/p>\n\n\n\n<p>Absolvent\u0103 a\n\u015ecolii Populare de Art\u0103, sec\u0163ia \u201eTeatru de p\u0103pu\u015fi\u201d, Veronica Filip a coordonat\nechipa de teatru a Liceului Pedagogic, cu care a participat la Festivalul Na\u0163ional\nde la Bucure\u015fti, ob\u0163in\u00e2nd primul loc. A instruit cadrele didactice din jude\u0163,\ncu prilejul cursurilor organizate \u00een vacan\u0163e, \u00een arta m\u00e2nuirii p\u0103pu\u015filor,\nconfec\u0163ionarea lor \u015fi regia spectacolelor.<\/p>\n\n\n\n<p>\u00cen anul\n1985, cu prilejul Concursului Na\u0163ional \u201eCea mai frumoas\u0103 cas\u0103 pentru copii\u201d,\ngr\u0103dini\u0163a pe care o conducea a ob\u0163inut locul I, rezultatul fiind consemnat \u00een\nrevista \u201eFemeia\u201d.<\/p>\n\n\n\n<p>Dup\u0103 19 ani\nde profesat la Gr\u0103dini\u0163a nr. 2, \u00een anul 1987 a fost numit\u0103 directoare la\nGr\u0103dini\u0163a cu program prelungit nr. 1 (acum Gr\u0103dini\u0163a \u201eVeronica Filip\u201d), de unde\ns-a pensionat \u00een anul 1990.<\/p>\n\n\n\n<p>\u00cen martie\n2002, Gr\u0103dini\u0163a cu orar prelungit nr. 1 din Piatra-Neam\u0163 a primit, oficial,\ndenumirea de \u201eVeronica Filip\u201d.<\/p>\n\n\n\n<p>S-a implicat\ndirect \u00een realiza\u00adrea experimentului cu tema \u201eJocurile logice\u201d, condus de\nregretatul profesor Gheorghe Iftimie \u015fi desf\u0103\u015furat, timp de 8 ani, la Gr\u0103dini\u0163a\ncu orar prelungit nr. 1. Acest experiment s-a generalizat \u00een \u0163ar\u0103, prin\neditarea manualului \u201eJocurile logice pentru cei mici \u015fi clasa I\u201d.<\/p>\n\n\n\n<p>Tat\u0103l s\u0103u,\npreotul Anton Cern\u0103u\u0163eanu, a f\u0103cut parte din cea mai numeroas\u0103 familie de preo\u0163i\ndin Basarabia. \u00cen 1940, a fost deportat \u00een Siberia, pentru c\u0103, \u00eempreun\u0103 cu al\u0163i\n47 de preo\u0163i, a scris un memoriu c\u0103tre Stalin, exprim\u00e2ndu-\u015fi dorin\u0163a de a pleca\ndin Regat. Ulterior, to\u0163i cei 48 de preo\u0163i au sf\u00e2r\u015fit \u00een chinuri greu de\nimaginat, \u00een lag\u0103rele bol\u015fevice. Cu prilejul sfin\u0163irii Catedralei din\nVatra-Dornei, la 22 octombrie 2002, p\u0103rintele paroh Mihai Valic\u0103 a amenajat o\nplac\u0103 memorial\u0103 intitulat\u0103 \u201e\u00cenchinare\u201d pe care este \u00eencrustat \u015fi numele\npreotului Anton Cern\u0103u\u0163eanu.<\/p>\n\n\n\n<p><strong><em>Violeta MO\u015eU<\/em><\/strong><\/p>\n","protected":false},"excerpt":{"rendered":"<p>\u201eAm vrut s\u0103-mi retr\u0103iesc copil\u0103ria prin copiii pe care i-am educat. Am f\u0103cut tot ce mi-a stat \u00een putin\u0163\u0103 pentru ca pre\u015fcolarii s\u0103 vin\u0103 cu pl\u0103cere la gr\u0103dini\u0163\u0103 \u015fi am vrut s\u0103 nu-i dezam\u0103gesc pe cei care au investit \u00eencredere&hellip;<\/p>\n<p class=\"more-link-p\"><a class=\"more-link\" href=\"http:\/\/www.slineamt.ro\/apostolul\/arte-si-meseriii\/veronica-filip-sarbatorita-la-g-t-k\/\">Read more &rarr;<\/a><\/p>\n","protected":false},"author":1,"featured_media":0,"comment_status":"open","ping_status":"closed","sticky":false,"template":"","format":"standard","meta":{"footnotes":""},"categories":[7,400],"tags":[],"class_list":["post-17362","post","type-post","status-publish","format-standard","hentry","category-arte-si-meseriii","category-numarul-224"],"_links":{"self":[{"href":"http:\/\/www.slineamt.ro\/apostolul\/wp-json\/wp\/v2\/posts\/17362","targetHints":{"allow":["GET"]}}],"collection":[{"href":"http:\/\/www.slineamt.ro\/apostolul\/wp-json\/wp\/v2\/posts"}],"about":[{"href":"http:\/\/www.slineamt.ro\/apostolul\/wp-json\/wp\/v2\/types\/post"}],"author":[{"embeddable":true,"href":"http:\/\/www.slineamt.ro\/apostolul\/wp-json\/wp\/v2\/users\/1"}],"replies":[{"embeddable":true,"href":"http:\/\/www.slineamt.ro\/apostolul\/wp-json\/wp\/v2\/comments?post=17362"}],"version-history":[{"count":1,"href":"http:\/\/www.slineamt.ro\/apostolul\/wp-json\/wp\/v2\/posts\/17362\/revisions"}],"predecessor-version":[{"id":17368,"href":"http:\/\/www.slineamt.ro\/apostolul\/wp-json\/wp\/v2\/posts\/17362\/revisions\/17368"}],"wp:attachment":[{"href":"http:\/\/www.slineamt.ro\/apostolul\/wp-json\/wp\/v2\/media?parent=17362"}],"wp:term":[{"taxonomy":"category","embeddable":true,"href":"http:\/\/www.slineamt.ro\/apostolul\/wp-json\/wp\/v2\/categories?post=17362"},{"taxonomy":"post_tag","embeddable":true,"href":"http:\/\/www.slineamt.ro\/apostolul\/wp-json\/wp\/v2\/tags?post=17362"}],"curies":[{"name":"wp","href":"https:\/\/api.w.org\/{rel}","templated":true}]}}