{"id":17371,"date":"2019-09-24T15:50:49","date_gmt":"2019-09-24T15:50:49","guid":{"rendered":"http:\/\/www.slineamt.ro\/apostolul\/?p=17371"},"modified":"2019-09-24T15:50:49","modified_gmt":"2019-09-24T15:50:49","slug":"infocult-45","status":"publish","type":"post","link":"http:\/\/www.slineamt.ro\/apostolul\/arte-si-meseriii\/infocult-45\/","title":{"rendered":"INFOCULT"},"content":{"rendered":"\n<p><strong>Recital \u201eCoconii Maramure\u015fului\u201d <\/strong><\/p>\n\n\n\n<div class=\"wp-block-image\"><figure class=\"alignleft is-resized\"><img loading=\"lazy\" decoding=\"async\" src=\"http:\/\/www.slineamt.ro\/apostolul\/wp-content\/uploads\/2019\/09\/34-ap224-foto1.jpg\" alt=\"\" class=\"wp-image-17374\" width=\"394\" height=\"296\" srcset=\"http:\/\/www.slineamt.ro\/apostolul\/wp-content\/uploads\/2019\/09\/34-ap224-foto1.jpg 425w, http:\/\/www.slineamt.ro\/apostolul\/wp-content\/uploads\/2019\/09\/34-ap224-foto1-300x225.jpg 300w, http:\/\/www.slineamt.ro\/apostolul\/wp-content\/uploads\/2019\/09\/34-ap224-foto1-260x195.jpg 260w, http:\/\/www.slineamt.ro\/apostolul\/wp-content\/uploads\/2019\/09\/34-ap224-foto1-160x120.jpg 160w\" sizes=\"auto, (max-width: 394px) 100vw, 394px\" \/><\/figure><\/div>\n\n\n\n<p>Mar\u0163i, 6\naugust, Ansamblul \u201eCoconii Maramure\u015fului\u201d a sus\u0163inut un recital de pricesne \u00een\ncinstea Maicii Domnului, la Biserica \u201eSf\u00e2nta Treime\u201d (preot paroh, Dorin\nPloscaru) din Vaduri. Coordonat de Adrian Sab\u0103u, acest grup are \u00een componen\u0163\u0103\ncopii cu v\u00e2rste cuprinse \u00eentre 8 \u015fi 14 ani. \u201eCoconii Maramure\u015fului\u201d func\u0163ioneaz\u0103\ndin anul 2015 pe l\u00e2ng\u0103 Ansamblul Folcloric Na\u0163ional \u201eTransilvania\u201d din Baia\nMare.<\/p>\n\n\n\n<p>Recitalul se\nintituleaz\u0103 \u201eFiii lacrimilor tale\u201d, dup\u0103 viersul nemurit \u00een poemul de rezisten\u0163\u0103\nal rom\u00e2nilor-ardeleni \u201eO M\u0103icu\u0163\u0103 Sf\u00e2nt\u0103\u201d, compus de un c\u0103lug\u0103r anonim de la\nm\u0103n\u0103stirea Bixad, \u00een perioada anilor 1696-1698: <em>Nu l\u0103sa M\u0103icu\u0163\u0103\/ S\u0103 pierim pe cale \/ C\u0103ci noi suntem fiii lacrimilor\ntale \/ \u015fi Vino Maic\u0103 iar\u0103 \/ Nu l\u0103sa s\u0103 piar\u0103 \/ \u0162ara \u015fi Poporul \/ Turma \u015fi\nP\u0103storul&#8230;<\/em><\/p>\n\n\n\n<p>Despre acest\nrecital, preotul \u015fi poetul Dorin Ploscaru a declarat: <em>Con\u015ftien\u0163i fiind c\u0103 \u201eacei ce c\u00e2nt\u0103 se roag\u0103 de dou\u0103 ori\u201d, ne bucur\u0103m\nc\u0103, \u00een drumul c\u0103tre marile scene ale lumii, Ansamblul \u201eCoconii Maramure\u015fului\u201d\nne onoreaz\u0103 \u015fi popose\u015fte \u00een mijlocul nostru, aduc\u00e2nd cinstire celei pe care cu\ndragoste o numim \u201eMaica Cerului \/ n\u0103dejdea cre\u015ftinilor\u201d<\/em>.<\/p>\n\n\n\n<p><strong>O statuie amplasat\u0103 aiurea<\/strong><\/p>\n\n\n\n<p>Statuia\nintitulat\u0103 \u201eMaternitate\u201d, crea\u0163ie a sculptorului Tiberiu Ben\u0163e, se reg\u0103se\u015fte \u00een\nPiatra-Neam\u0163 amplasat\u0103 l\u00e2ng\u0103 sediul Agen\u0163iei pentru Protec\u0163ia Mediului, dar nu\noricum, ci orientat\u0103 cu totul aiurea: cu fa\u0163a c\u0103tre partea din spate a\ncl\u0103dirii. Practic un metru, doi o despart de zid \u015fi nimeni nu o poate vedea.\nProbabil a fost a\u015fezat\u0103 acolo cu mult timp \u00eenainte de a se construi edificiul\nMediului, iar cei care se ocup\u0103 de a\u015fezat statui \u00een Piatra-Neam\u0163 au uitat\ncomplet de ea.<\/p>\n\n\n\n<p>Artistul\nTiberiu Ben\u0163e a participat, \u00een anul 1979, la Tab\u0103ra Na\u0163ional\u0103 de Sculptur\u0103 de\nla Piatra-Neam\u0163, al\u0103turi de al\u0163i 11 creatori care, dup\u0103 o lun\u0103 \u015fi jum\u0103tate de\nlucru, au l\u0103sat m\u0103rturie municipiului re\u015fedin\u0163\u0103 de jude\u0163 dou\u0103sprezece opere de\nart\u0103 \u201emenite s\u0103 bucure parcurile \u015fi str\u0103zile, urbea \u00een ansamblu \u015fi, \u00een primul\nr\u00e2nd, oamenii, pe noi to\u0163i, propria noastr\u0103 \u00eenchipuire\u201d, dup\u0103 cum spunea\nprofesorul Gheorghe Bunghez, pe atunci pre\u015fedintele Comitetului Jude\u0163ean de\nCultur\u0103 \u015fi Arte Neam\u0163.<\/p>\n\n\n\n<p><strong>Expozi\u0163ie de fotografie Vlad Solomon<\/strong><\/p>\n\n\n\n<p>Sala Cupola\na Bibliotecii Jude\u0163ene \u201eG.T. Kirileanu\u201d Neam\u0163 a g\u0103zduit, \u00een perioada 1-14\naugust 2019, expozi\u0163ia de debut a fotografului Vlad Solomon. \u00cen cele circa 40\nde imagini prezentate publicului larg sunt surprinse peisaje, at\u00e2t din natur\u0103,\nc\u00e2t \u015fi urbane, instantanee, macrofotografii, precum \u015fi portrete.<\/p>\n\n\n\n<p>Vlad Solomon\ns-a n\u0103scut la 11 septembrie 2000 \u00een Piatra-Neam\u0163 \u015fi a absolvit, recent,\nColegiul Na\u0163ional \u201eGheorghe Asachi\u201d din localitate.<\/p>\n\n\n\n<p>M\u0103rturise\u015fte\nc\u0103 a fost preocupat de fotografie \u015fi design grafic ca autodidact, dar c\u0103 vrea\ns\u0103 \u00ee\u015fi transforme pasiunea \u00een profesie prin intermediul unei facult\u0103\u0163i de\nspecialitate.<\/p>\n\n\n\n<p>\u201eTotul a\npornit de la un aparat de fotografiat vechi, un Zorki ce a fost al bunicului\nmeu \u015fi pe care am \u00eenceput s\u0103 \u00eel folosesc \u00een urm\u0103 cu doi ani\u201d, spune t\u00e2n\u0103rul\nfotograf.<\/p>\n\n\n\n<p><strong>Festivalul interna\u0163ional de Folclor \u201eCeahl\u0103ul\u201d<\/strong><\/p>\n\n\n\n<p>\u00centre 1 \u015fi 6\naugust, Centrul pentru Cultur\u0103 \u015fi Arte \u201eCarmen Saeculare\u201d Neam\u0163 a organizat cea\nde a XXII-a edi\u0163ie a Festivalului Interna\u0163ional de Folclor \u201eCeahl\u0103ul\u201d.<\/p>\n\n\n\n<p>Creat \u00een\n1991, cu scopul de a celebra bog\u0103\u0163ia \u015fi frumuse\u0163ea tradi\u0163iilor ad\u00e2nc\n\u00eenr\u0103d\u0103cinate \u00een cultura diverselor popoare, festivalul a fost \u015fi anul acesta\nunul itinerant. Astfel, publicul din Piatra-Neam\u0163, Roman, T\u00e2rgu Neam\u0163, Dur\u0103u \u015fi\nBicaz au avut ocazia s\u0103 descopere diversitatea cultural\u0103 oferit\u0103 de\norganizatori \u015fi s\u0103 se bucure de muzic\u0103 \u015fi dans tradi\u0163ional din c\u00e2teva col\u0163uri\nale lumii.<\/p>\n\n\n\n<p>Au fost\ninvitate s\u0103 participe la edi\u0163ia din acest an grupuri folclorice din Columbia,\nJaponia, Cehia, Armenia, Cipru, Grecia, Turcia, dar \u015fi Ansamblul Folcloric\n\u201eGr\u00e2u\u015forul Osm\u0103nean\u201d \u2013 comuna Unirea, Br\u0103ila; Ansamblul,, Cervona Kalena\u201d \u2013\nNegostina, Suceava; Ansamblul \u201eDobrogeanca\u201d, din Sulina, Tulcea, gazd\u0103 fiind\nAnsamblul Folcloric \u201eFloricic\u0103 de la Munte\u201d, al Centrului pentru Cultur\u0103 \u015fi\nArte \u201eCarmen Saeculare\u201d Neam\u0163. <\/p>\n\n\n\n<p>Pe 6 august,\n\u00eenaintea spectacolului de gal\u0103, forma\u0163iile invitate au prezentat c\u00e2te un un\nscurt program artistic, finalul apar\u0163in\u00e2nd apreciatului Ansamblu folcloric\n\u201eMaria T\u0103nase\u201d din Craiova, care a prezentat spectacolul intitulat \u201eDin\nOltenia-n Moldova\u201d. <\/p>\n\n\n\n<p><strong>Prof. Dan Dasc\u0103lu-Radu, o provocare plastic\u0103<\/strong><\/p>\n\n\n\n<div class=\"wp-block-image\"><figure class=\"alignright is-resized\"><img loading=\"lazy\" decoding=\"async\" src=\"http:\/\/www.slineamt.ro\/apostolul\/wp-content\/uploads\/2019\/09\/34-ap224-foto2.jpg\" alt=\"\" class=\"wp-image-17377\" width=\"442\" height=\"331\" srcset=\"http:\/\/www.slineamt.ro\/apostolul\/wp-content\/uploads\/2019\/09\/34-ap224-foto2.jpg 482w, http:\/\/www.slineamt.ro\/apostolul\/wp-content\/uploads\/2019\/09\/34-ap224-foto2-300x225.jpg 300w, http:\/\/www.slineamt.ro\/apostolul\/wp-content\/uploads\/2019\/09\/34-ap224-foto2-260x195.jpg 260w, http:\/\/www.slineamt.ro\/apostolul\/wp-content\/uploads\/2019\/09\/34-ap224-foto2-160x120.jpg 160w\" sizes=\"auto, (max-width: 442px) 100vw, 442px\" \/><\/figure><\/div>\n\n\n\n<p>Model de profesionalism\n\u015fi implicare, profesorul de educa\u0163ie fizic\u0103 Dan Dasc\u0103lu-Radu, fost schior de\nperforman\u0163\u0103, este autorul unei frumoase expozi\u0163ii de pictur\u0103 deschis\u0103 pe 14\naugust, la Galeria de Art\u0103 \u201eGheorghe Vadana\u201d din Piatra-Neam\u0163. Sunt expuse\nuleiuri care dovedesc o accentuat\u0103 predilec\u0163ie a autorului pentru peisaj.<\/p>\n\n\n\n<p>Criticul de\nart\u0103 <strong>Emil Nicolae<\/strong>: \u201eV\u0103d aici lucr\u0103ri\n\u00een care sim\u0163ul cromatic exist\u0103 \u015fi e foarte bine folosit, mai ales \u00een peisajele\nde toamn\u0103. Este o expozi\u0163ie frumoas\u0103, este o provocare artistic\u0103, sunt lucruri\nreu\u015fite \u015fi-l felicit\u0103m pe domnul profesor\u201d. <\/p>\n\n\n\n<p>Teatrologul <strong>Gheorghe Hibovski<\/strong>: \u201eDan Dasc\u0103lu\npicteaz\u0103 a\u015fa cum pescuie\u015fte, a\u015fa cum vorbe\u015fte cu albinele sale, a\u015fa cum convie\u0163uie\u015fte\ncu vecinii: d\u0103ruindu-se cu tot ce are. E mai bine s\u0103 fii imitator sau s\u0103 fii\nimitat? Eu cred c\u0103 Dan Dasc\u0103lu este un imitator cinstit, autentic \u015fi merit\u0103\ntoate aprecierile noastre, mai ales c\u0103 are sim\u0163ul culorii \u015fi picteaz\u0103 bine.\u201d <\/p>\n\n\n\n<p><strong>Dan Dasc\u0103lu-Radu<\/strong>: \u201eO expozi\u0163ie de pictur\u0103, printre altele,\nr\u0103m\u00e2ne una din pu\u0163inele oaze \u00een aceast\u0103 lume nebun\u0103, nebun\u0103, nebun\u0103\u2026 O oaz\u0103 \u00een\ncare ai fericitul prilej de a trage o gur\u0103 de aer proasp\u0103t, o gur\u0103 din apa vie,\ncurat\u0103, cristalin\u0103\u2026 O oaz\u0103 \u00een care mai exist\u0103 prietenie, generozitate, frumuse\u0163e,\nsinceritate\u2026 omenie. Mul\u0163umesc din suflet tuturor celor care au r\u0103spuns invita\u0163iei,\nmul\u0163umesc \u015fi celor care nu au r\u0103spuns. Poate data viitoare\u2026\u201d<\/p>\n\n\n\n<p><strong>O nou\u0103 carte a p\u0103rintelui Ioan Gherasim <\/strong><\/p>\n\n\n\n<div class=\"wp-block-image\"><figure class=\"alignleft is-resized\"><img loading=\"lazy\" decoding=\"async\" src=\"http:\/\/www.slineamt.ro\/apostolul\/wp-content\/uploads\/2019\/09\/34-ap224-foto3.jpg\" alt=\"\" class=\"wp-image-17380\" width=\"300\" height=\"424\" srcset=\"http:\/\/www.slineamt.ro\/apostolul\/wp-content\/uploads\/2019\/09\/34-ap224-foto3.jpg 361w, http:\/\/www.slineamt.ro\/apostolul\/wp-content\/uploads\/2019\/09\/34-ap224-foto3-212x300.jpg 212w, http:\/\/www.slineamt.ro\/apostolul\/wp-content\/uploads\/2019\/09\/34-ap224-foto3-260x367.jpg 260w, http:\/\/www.slineamt.ro\/apostolul\/wp-content\/uploads\/2019\/09\/34-ap224-foto3-160x226.jpg 160w\" sizes=\"auto, (max-width: 300px) 100vw, 300px\" \/><\/figure><\/div>\n\n\n\n<p>Joi, 5\nseptembrie 2019, Biblioteca Jude\u0163ean\u0103 \u201eG.T. Kirileanu\u201d Neam\u0163 a g\u0103zduit lansarea\nc\u0103r\u0163ii \u201eVia\u0163a ca un drum\u201d a p\u0103rintelui Ioan Gherasim, eveniment moderat de\nbibliotecarul Dan Iacob. <\/p>\n\n\n\n<p>Ioan\nGherasim s-a n\u0103scut la 5 aprilie 1940 \u00een Piatra-Neam\u0163. Este licen\u0163iat al\nFacult\u0103\u0163ilor de Teologie (Bucure\u015fti, 1968) \u015fi de Filologie (Ia\u015fi, 1995). <\/p>\n\n\n\n<p>\u00centre 1990-2008\na colaborat \u015fi a f\u0103cut parte din consiliul de redac\u0163ie al revistei \u201eCredin\u0163a\nNeamului\u201d, editat\u0103 de M\u0103n\u0103stirea Bistri\u0163a. \u00cen 1996, la ini\u0163iativa\nMitropolitului Daniel al Moldovei \u015fi Bucovinei, a \u00eenfiin\u0163at \u015fi coordonat ca\ndirector Seminarul Teologic Ortodox din Piatra-Neam\u0163. A mai publicat c\u0103r\u0163ile\n\u201ePetru Pogonat. Medita\u0163iunile unui c\u0103lug\u0103r surghiunit\u201d, Editura Conta, 2009;\n\u201eProfe\u0163ie mincinoas\u0103\u201d, Editura Conta, 2010; \u201eOrtodoxia \u2013 dimensiunea\nrom\u00e2neasc\u0103\u201d, Editura Cetatea Doamnei, 2013; \u201ePe ce lume tr\u0103im!\u201d, Editura\nCetatea Doamnei, 2016.<\/p>\n\n\n\n<p>\u201eFericirea\nadev\u0103rat\u0103 nu poate fi dec\u00e2t deplin\u0103; ne\u00eengr\u0103dit\u0103, nefragmentat\u0103, ne\u00eemp\u0103r\u0163it\u0103 \u015fi\nnedesp\u0103r\u0163it\u0103. Ea este ca v\u0103zduhul, ca duhul cel nemuritor, d\u0103ruit de Cineva;\naceast\u0103 fericire vine din interior, dar ceea ce \u00abd\u0103 sc\u00e2nteia tr\u0103irii fericite\u00bb\nvine \u015fi ea din afara fiin\u0163ei tale, ceva spre care fiin\u0163a omeneasc\u0103 e c\u0103l\u0103uzit\u0103\nca p\u0103s\u0103rile migratoare spre sud, sim\u0163ind doar chemarea\u201d (fragment preluat de pe\ncoperta a IV-a a c\u0103r\u0163ii).<\/p>\n\n\n\n<p><strong>Grupul \u201e4 Plus\u201d la Muzeul de Art\u0103 <\/strong><\/p>\n\n\n\n<p>Complexul\nMuzeal Jude\u0163ean Neam\u0163 \u015fi Uniunea Arti\u015ftilor Plastici din Rom\u00e2nia, Filiala Neam\u0163,\nau organizat joi, 22 august, a.c. vernisajul expozi\u0163iei de art\u0103 plastic\u0103 a\ngrupului \u201e4 Plus\u201d \u015fi invita\u0163ii. Evenimentul a fost g\u0103zduit de Muzeul de Art\u0103\ndin Piatra-Neam\u0163 \u015fi a fost prezentat de scriitorul Emil Nicolae \u015fi pictorul\nLiviu Suhar.<\/p>\n\n\n\n<p>\u201e\u00cen urm\u0103 cu\nceva timp am luat act de constituirea \u00een spa\u0163iul cultural al Moldovei a unei\nnoi grup\u0103ri artistice, dup\u0103 modelul Grupului celor patru din perioada\ninterbelic\u0103 unde s-au manifestat N.N.Tonitza, \u015etefan Dimitrescu, Francisc\n\u015eirato \u015fi Oscar Han, cu scopul de a realiza tabere de crea\u0163ie estivale \u00eentr-o\nnecesar\u0103 solidaritate artistic\u0103 \u015fi de a expune \u00eempreun\u0103. Mihail Gavril, Dumitru\nBostan Jr., Mihail Voicu, Niculai Moro\u015fan s-au reunit cu sentimentul solidarit\u0103\u0163ii\nde breasl\u0103 \u015fi al unor idealuri artistice cu dorin\u0163a expres\u0103 de a fi \u00eempreun\u0103 \u015fi\nde a r\u0103m\u00e2ne permanent diferi\u0163i. Nu au lansat vreun insurgent manifest estetic,\nfiecare sim\u0163ind nevoia celuilalt, dar \u015fi pe aceea de a ram\u00e2ne permanent\nsingular \u00een modul s\u0103u de g\u00e2ndire \u015fi expresie. Expozi\u0163iile lor au dovedit\noarecum paradoxal c\u0103 numai atunci c\u00e2nd e\u015fti \u00eempreun\u0103 cu ceilal\u0163i po\u0163i fi cu\nadev\u0103rat singur. O solitudine \u00eemp\u0103rt\u0103\u015fit\u0103 \u00een dialogul cu fastul naturii moldave\n\u015fi al medita\u0163iilor profunde. Genul proxim \u00eei une\u015fte, diferen\u0163a specific\u0103 \u00eei\nindividualizeaz\u0103.\u201d (Valentin Ciuc\u0103)<\/p>\n\n\n\n<p><strong>Simona Pascale \u2013 \u201eArta la purt\u0103tor\u201d<\/strong><\/p>\n\n\n\n<p>Galeria de\nArt\u0103 \u201eLasc\u0103r Vorel\u201d din Piatra-Neam\u0163 a oferit vizitatorilor, \u00eencep\u00e2nd cu 2\nseptembrie, un admirabil grupaj din crea\u0163ia vestimentar\u0103 a artistei Simona\nPascale, membr\u0103 a Uniunii Arti\u015ftilor Plastici (UAP), Filiala Gala\u0163i. Expozi\u0163ia\nse intituleaz\u0103 \u201eArta la purt\u0103tor\u201d \u015fi cuprinde o serie de modele de vestimenta\u0163ie\nfeminin\u0103.<\/p>\n\n\n\n<p>\u201eDin dorin\u0163a\nde a vedea pictur\u0103 peste tot \u00een jurul nostru, m-am g\u00e2ndit s\u0103 scot p\u00e2nza de pe\n\u015fasiu \u015fi s\u0103 fac pictur\u0103 pe material \u015fi doamnele, plimb\u00e2ndu-se prin ora\u015f, s\u0103\npoarte aceast\u0103 pictur\u0103. Este foarte important cum ne prezent\u0103m \u00een lume. Aceste\nrochii sunt foarte elaborate. S\u0103pt\u0103m\u00e2na trecut\u0103, la Galeria \u201eOrizont\u201d din\nBucure\u015fti, am mai deschis o expozi\u0163ie denumit\u0103 \u201eC\u0103ut\u0103ri\u201d, a declarat Simona\nPascale.<\/p>\n\n\n\n<p>\u201eDoamna\nSimona Pascale ne prezint\u0103 pictur\u0103 pe obiect, a\u015fadar un alt tip de exprimare\nartistic\u0103, respectiv design vestimentar. Ne bucur\u0103m mult de aceste lucr\u0103ri care\nsunt o raritate pentru Piatra-Neam\u0163\u201d, a spus prof. \u015etefan Potop, pre\u015fedintele\nUAP Neam\u0163.<\/p>\n\n\n\n<p>Expozi\u0163ia a\nfost cu v\u00e2nzare \u015fi a r\u0103mas deschis\u0103 timp de dou\u0103 s\u0103pt\u0103m\u00e2ni.<\/p>\n\n\n\n<p><strong>Festivalul de Teatru, 2019 <\/strong><\/p>\n\n\n\n<div class=\"wp-block-image\"><figure class=\"alignright\"><img loading=\"lazy\" decoding=\"async\" width=\"361\" height=\"510\" src=\"http:\/\/www.slineamt.ro\/apostolul\/wp-content\/uploads\/2019\/09\/34-ap224-foto4.jpg\" alt=\"\" class=\"wp-image-17383\" srcset=\"http:\/\/www.slineamt.ro\/apostolul\/wp-content\/uploads\/2019\/09\/34-ap224-foto4.jpg 361w, http:\/\/www.slineamt.ro\/apostolul\/wp-content\/uploads\/2019\/09\/34-ap224-foto4-212x300.jpg 212w, http:\/\/www.slineamt.ro\/apostolul\/wp-content\/uploads\/2019\/09\/34-ap224-foto4-260x367.jpg 260w, http:\/\/www.slineamt.ro\/apostolul\/wp-content\/uploads\/2019\/09\/34-ap224-foto4-160x226.jpg 160w\" sizes=\"auto, (max-width: 361px) 100vw, 361px\" \/><\/figure><\/div>\n\n\n\n<p>\u25cf 29 de\nspectacole, 7 \u0163\u0103ri, 4 concerte, 5 ateliere, 4 lans\u0103ri de publica\u0163ii, dou\u0103\nproiec\u0163ii de film documentar, 1 juriu de liceeni, 24 de sesiuni de discu\u0163ii cu\npublicul<\/p>\n\n\n\n<p>Edi\u0163ia cu\nnum\u0103rul 31 a Festivalului de Teatru Piatra-Neam\u0163 se desf\u0103\u015foar\u0103 \u00eentre 18\nseptembrie \u015fi 2 octombrie. Tema acestei edi\u0163ii este SUCCES!, o invita\u0163ie la\nmedita\u0163ie, \u00een cheie critic\u0103 \u015fi ironic\u0103, asupra pove\u015ftilor de \u015fi despre succes\nale societ\u0103\u0163ii de ast\u0103zi \u015fi din trecutul recent.<\/p>\n\n\n\n<p>Ne dorim ca\nFestivalul s\u0103 fie un punct de \u00eent\u00e2lnire pentru genera\u0163ii diferite de arti\u015fti \u015fi\nde spectatori, pentru oameni de teatru din diverse p\u0103r\u0163i ale Europei, pentru\nexperien\u0163e \u015fi perspective provocatoare at\u00e2t pentru teatru, c\u00e2t \u015fi pentru alte\narte (film, muzic\u0103, dans, arte vizuale).<\/p>\n\n\n\n<p>Continu\u00e2nd\nideea de anul trecut, c\u00e2nd Festivalul s-a extins \u00een ora\u015ful T\u00e2rgu Neam\u0163, \u00een\nacest an, o parte dintre spectacolele din selec\u0163ie va fi prezentat\u0103 \u015fi \u00een\nmunicipiul Roman.<\/p>\n\n\n\n<p>A\u015fa cum v-am\nobi\u015fnuit, din selec\u0163ia Festivalului fac parte spectacole de dramaturgie\ncontemporan\u0103 care pun \u00een discu\u0163ie subiecte de interes pentru societatea de azi,\nteatru documentar, spectacole realizate de tineri creatori (semnate de regizori\nsub 30 de ani), proiecte artistice cu component\u0103 educa\u0163ional\u0103 (ateliere\ndedicate spectatorilor de toate v\u00e2rstele, spectacole ale profesioni\u015ftilor \u00een\ncolaborare cu adolescen\u0163ii), spectacole pentru public t\u00e2n\u0103r \u015fi foarte t\u00e2n\u0103r.<\/p>\n\n\n\n<p>De asemenea,\nTeatrul Tineretului v\u0103 propune, \u00een cadrul Festivalului, premiera spectacolului\nFRONTAL, adaptare foarte liber\u0103 dup\u0103 \u201ePovestea unui om lene\u015f\u201d de Ion Creang\u0103,\ntext \u015fi regie Gianina C\u0103rbunariu.<\/p>\n\n\n\n<p>\u015ei anul\nacesta, accentul cade pe evenimente interdisciplinare (spectacol de dans,\nconcerte, proiec\u0163ie de film, instala\u0163ii performative), iar dimensiunea interna\u0163ional\u0103\nse amplific\u0103 (cu \u015fapte spectacole oferite de arti\u015fti \u015fi companii de teatru din\nFran\u0163a, Germania, Moldova, Polonia, Slovacia, Spania, Turcia).<\/p>\n\n\n\n<p>Mai multe\ndetalii despre Festival pute\u0163i ob\u0163ine din materialele publicate pe site-ul\nFestivalului de Teatru Piatra-Neam\u0163 \u015fi pe canalele social-media. (<em>Teatrul Tineretului Piatra-Neam\u0163<\/em>)<\/p>\n\n\n\n<p><strong><em>Violeta MO\u015eU<\/em><\/strong><\/p>\n","protected":false},"excerpt":{"rendered":"<p>Recital \u201eCoconii Maramure\u015fului\u201d Mar\u0163i, 6 august, Ansamblul \u201eCoconii Maramure\u015fului\u201d a sus\u0163inut un recital de pricesne \u00een cinstea Maicii Domnului, la Biserica \u201eSf\u00e2nta Treime\u201d (preot paroh, Dorin Ploscaru) din Vaduri. Coordonat de Adrian Sab\u0103u, acest grup are \u00een componen\u0163\u0103 copii cu&hellip;<\/p>\n<p class=\"more-link-p\"><a class=\"more-link\" href=\"http:\/\/www.slineamt.ro\/apostolul\/arte-si-meseriii\/infocult-45\/\">Read more &rarr;<\/a><\/p>\n","protected":false},"author":1,"featured_media":0,"comment_status":"open","ping_status":"closed","sticky":false,"template":"","format":"standard","meta":{"footnotes":""},"categories":[7,400],"tags":[],"class_list":["post-17371","post","type-post","status-publish","format-standard","hentry","category-arte-si-meseriii","category-numarul-224"],"_links":{"self":[{"href":"http:\/\/www.slineamt.ro\/apostolul\/wp-json\/wp\/v2\/posts\/17371","targetHints":{"allow":["GET"]}}],"collection":[{"href":"http:\/\/www.slineamt.ro\/apostolul\/wp-json\/wp\/v2\/posts"}],"about":[{"href":"http:\/\/www.slineamt.ro\/apostolul\/wp-json\/wp\/v2\/types\/post"}],"author":[{"embeddable":true,"href":"http:\/\/www.slineamt.ro\/apostolul\/wp-json\/wp\/v2\/users\/1"}],"replies":[{"embeddable":true,"href":"http:\/\/www.slineamt.ro\/apostolul\/wp-json\/wp\/v2\/comments?post=17371"}],"version-history":[{"count":1,"href":"http:\/\/www.slineamt.ro\/apostolul\/wp-json\/wp\/v2\/posts\/17371\/revisions"}],"predecessor-version":[{"id":17386,"href":"http:\/\/www.slineamt.ro\/apostolul\/wp-json\/wp\/v2\/posts\/17371\/revisions\/17386"}],"wp:attachment":[{"href":"http:\/\/www.slineamt.ro\/apostolul\/wp-json\/wp\/v2\/media?parent=17371"}],"wp:term":[{"taxonomy":"category","embeddable":true,"href":"http:\/\/www.slineamt.ro\/apostolul\/wp-json\/wp\/v2\/categories?post=17371"},{"taxonomy":"post_tag","embeddable":true,"href":"http:\/\/www.slineamt.ro\/apostolul\/wp-json\/wp\/v2\/tags?post=17371"}],"curies":[{"name":"wp","href":"https:\/\/api.w.org\/{rel}","templated":true}]}}