{"id":17392,"date":"2019-09-24T15:53:38","date_gmt":"2019-09-24T15:53:38","guid":{"rendered":"http:\/\/www.slineamt.ro\/apostolul\/?p=17392"},"modified":"2019-09-24T15:53:38","modified_gmt":"2019-09-24T15:53:38","slug":"expozitie-dedicata-reginei-maria-a-romaniei-la-muzeul-de-arta-piatra-neamt","status":"publish","type":"post","link":"http:\/\/www.slineamt.ro\/apostolul\/lectia-de-istorie\/expozitie-dedicata-reginei-maria-a-romaniei-la-muzeul-de-arta-piatra-neamt\/","title":{"rendered":"Expozi\u0163ie dedicat\u0103 reginei Maria a Rom\u00e2niei, la Muzeul de Art\u0103 Piatra-Neam\u0163"},"content":{"rendered":"\n<div class=\"wp-block-image\"><figure class=\"alignleft\"><img loading=\"lazy\" decoding=\"async\" width=\"330\" height=\"510\" src=\"http:\/\/www.slineamt.ro\/apostolul\/wp-content\/uploads\/2019\/09\/33-ap224-foto1.jpg\" alt=\"\" class=\"wp-image-17395\" srcset=\"http:\/\/www.slineamt.ro\/apostolul\/wp-content\/uploads\/2019\/09\/33-ap224-foto1.jpg 330w, http:\/\/www.slineamt.ro\/apostolul\/wp-content\/uploads\/2019\/09\/33-ap224-foto1-194x300.jpg 194w, http:\/\/www.slineamt.ro\/apostolul\/wp-content\/uploads\/2019\/09\/33-ap224-foto1-260x402.jpg 260w, http:\/\/www.slineamt.ro\/apostolul\/wp-content\/uploads\/2019\/09\/33-ap224-foto1-160x247.jpg 160w\" sizes=\"auto, (max-width: 330px) 100vw, 330px\" \/><\/figure><\/div>\n\n\n\n<p>Maria a\nRom\u00e2niei, personaj legendar, revine \u00een aten\u0163ia nem\u0163enilor, gra\u0163ie colabor\u0103rii\ncu Muzeul Na\u0163ional Pele\u015f, depozitarul celui mai bogat patrimoniu legat de\nistoria familiei regale a Rom\u00e2niei. Astfel, Complexul Muzeal Jude\u0163ean Neam\u0163\nanun\u0163\u0103 deschiderea expozi\u0163iei eveniment \u201eMaria a Rom\u00e2niei. Regin\u0103 \u015fi Artist\u0103\u201d,\nmiercuri, 7 august, la Muzeul de Art\u0103 Piatra-Neam\u0163. Expozi\u0163ia prezint\u0103 obiecte\nde excep\u0163ie din colec\u0163iile Suveranei aflate \u00een patrimoniul Muzeului Na\u0163ional\nPele\u015f. Obiectele au f\u0103cut parte din expozi\u0163ia cu acela\u015fi titlu, \u201eMarie de\nRoumanie, reine et artiste\u201d organizat\u0103 de Muzeul Na\u0163ional de Istorie a Rom\u00e2niei\n\u00een colaborare cu Muzeul Na\u0163ional Pele\u015f \u015fi Centrul Monumentelor Na\u0163ionale din\nFran\u0163a, \u00een perioada 15 aprilie-28 iulie 2019 la Palais de Tau \u00een Reims, pentru\na marca trecerea a 100 de ani de la vizita Reginei Maria \u00een locul istoric al\n\u00eencoron\u0103rii regilor Fran\u0163ei.<\/p>\n\n\n\n<p>\u00cen mod\nfericit, Muzeul de Art\u0103 Piatra-Neam\u0163 va g\u0103zdui pentru mai bine de dou\u0103 luni\ncrea\u0163iile artistice de excep\u0163ie ale Reginei Maria, cea care a fost p\u00e2n\u0103 \u00een\nultima clip\u0103 a vie\u0163ii o artist\u0103. T\u00e2n\u0103r\u0103 principes\u0103, Maria nu a copiat fidel\nstilul Art Nouveau ci a creat un stil artistic personal, \u201eun amestec al\nstilului neorom\u00e2nesc, cu stilul Art Nouveau, elemente bizantine \u015fi\netnografice\u201d: \u201eCu trecerea anilor \u015fnota Regina Maria \u00een memoriile sale\u0163\najunsesem ini\u0163iatoarea de c\u0103petenie a unei mi\u015fc\u0103ri ce avea drept scop\nre\u00eenvierea unui stil na\u0163ional care s\u0103 \u00eenlocuiasc\u0103 necontenita imita\u0163ie a tot ce\nvenea din Apus\u201d. Piese din garnitura de mobilier aurit conceput\u0103 de principesa\nMaria \u00een anul 1909, sculptate din lemn de tei \u015fi aurite \u00een \u00eentregime cu foi\u0163\u0103\nde aur, din patrimoniul castelului Peli\u015for, cu motivul crinului cu cinci\npetale, motivul crucii gamate, motivul fr\u00e2nghiei \u00eempletite-entrelacul, de\norigine celtic\u0103, semnific\u00e2nd ve\u015fnicia vie\u0163ii, motivele animaliere, preluate din\nmitologia nordic\u0103, manuscrisul pictat \u00een anul 1906, an jubiliar pentru Regat,\npentru so\u0163ul s\u0103u, principele Ferdinand, \u201eopera cea mai de seam\u0103 (\u2026) pl\u0103nuit\u0103 cu\ng\u00e2ndul s\u0103 las casei noastre ceva ce nu se putea \u00eenstr\u0103ina\u201d, o lucrare cu 50 de\nfile din pergament legate \u00eentr-o impresionant\u0103 ferec\u0103tur\u0103 din argint \u015fi pietre\npre\u0163ioase, oper\u0103 a artistului german Paul Telge, renumit orfevrier al Casei\nRegale a Rom\u00e2niei, albumele de fotografii pictate de viitoarea Regin\u0103 a\nRom\u00e2niei, constituie, credem, argumente solide pentru a declara aceast\u0103 expozi\u0163ie\nca fiind una de excep\u0163ie. Portrete ale principesei \u015fi Reginei Maria sunt de\nasemenea prezente \u00een expozi\u0163ie, remarc\u00e2ndu-se, indiscutabil, <em>Portretul Reginei Maria<\/em> realizat \u00een mai\n1924 de Philip Laszlo de Lombos (1869-1937), supranumit \u201epictorul reginelor\u201d.<\/p>\n\n\n\n<p>Vernisajul\nexpozi\u0163iei a avut loc \u00een prezen\u0163a directorului general al Muzeului Na\u0163ional\nPele\u015f, dr. Narcis Dorin Ion \u015fi a criticului de art\u0103, Emil Nicolae. Cu acest\nprilej a fost prezentat publicului \u015fi albumul \u201eMaria a Rom\u00e2niei. Portretul unei\nMari Regine\u201d, editat de Muzeul Na\u0163ional Pele\u015f \u00een anul 2018, album distins cu\npremiul \u201eNicolae Iorga\u201d al Funda\u0163iei Magazin Istoric.<\/p>\n\n\n\n<p>Expozi\u0163ia va\nputea fi vizitat\u0103 \u00een perioada 21 august &#8211; 3 noiembrie 2019.<\/p>\n\n\n\n<p><strong><em>Red.<\/em><\/strong><\/p>\n","protected":false},"excerpt":{"rendered":"<p>Maria a Rom\u00e2niei, personaj legendar, revine \u00een aten\u0163ia nem\u0163enilor, gra\u0163ie colabor\u0103rii cu Muzeul Na\u0163ional Pele\u015f, depozitarul celui mai bogat patrimoniu legat de istoria familiei regale a Rom\u00e2niei. Astfel, Complexul Muzeal Jude\u0163ean Neam\u0163 anun\u0163\u0103 deschiderea expozi\u0163iei eveniment \u201eMaria a Rom\u00e2niei. Regin\u0103&hellip;<\/p>\n<p class=\"more-link-p\"><a class=\"more-link\" href=\"http:\/\/www.slineamt.ro\/apostolul\/lectia-de-istorie\/expozitie-dedicata-reginei-maria-a-romaniei-la-muzeul-de-arta-piatra-neamt\/\">Read more &rarr;<\/a><\/p>\n","protected":false},"author":1,"featured_media":0,"comment_status":"open","ping_status":"closed","sticky":false,"template":"","format":"standard","meta":{"footnotes":""},"categories":[6,400],"tags":[],"class_list":["post-17392","post","type-post","status-publish","format-standard","hentry","category-lectia-de-istorie","category-numarul-224"],"_links":{"self":[{"href":"http:\/\/www.slineamt.ro\/apostolul\/wp-json\/wp\/v2\/posts\/17392","targetHints":{"allow":["GET"]}}],"collection":[{"href":"http:\/\/www.slineamt.ro\/apostolul\/wp-json\/wp\/v2\/posts"}],"about":[{"href":"http:\/\/www.slineamt.ro\/apostolul\/wp-json\/wp\/v2\/types\/post"}],"author":[{"embeddable":true,"href":"http:\/\/www.slineamt.ro\/apostolul\/wp-json\/wp\/v2\/users\/1"}],"replies":[{"embeddable":true,"href":"http:\/\/www.slineamt.ro\/apostolul\/wp-json\/wp\/v2\/comments?post=17392"}],"version-history":[{"count":1,"href":"http:\/\/www.slineamt.ro\/apostolul\/wp-json\/wp\/v2\/posts\/17392\/revisions"}],"predecessor-version":[{"id":17398,"href":"http:\/\/www.slineamt.ro\/apostolul\/wp-json\/wp\/v2\/posts\/17392\/revisions\/17398"}],"wp:attachment":[{"href":"http:\/\/www.slineamt.ro\/apostolul\/wp-json\/wp\/v2\/media?parent=17392"}],"wp:term":[{"taxonomy":"category","embeddable":true,"href":"http:\/\/www.slineamt.ro\/apostolul\/wp-json\/wp\/v2\/categories?post=17392"},{"taxonomy":"post_tag","embeddable":true,"href":"http:\/\/www.slineamt.ro\/apostolul\/wp-json\/wp\/v2\/tags?post=17392"}],"curies":[{"name":"wp","href":"https:\/\/api.w.org\/{rel}","templated":true}]}}