{"id":17407,"date":"2019-09-24T15:56:23","date_gmt":"2019-09-24T15:56:23","guid":{"rendered":"http:\/\/www.slineamt.ro\/apostolul\/?p=17407"},"modified":"2019-09-24T15:56:23","modified_gmt":"2019-09-24T15:56:23","slug":"rememorari-nemtene-23","status":"publish","type":"post","link":"http:\/\/www.slineamt.ro\/apostolul\/lectia-de-istorie\/rememorari-nemtene-23\/","title":{"rendered":"Rememor\u0103ri nem\u0163ene"},"content":{"rendered":"\n<p>SEPTEMBRIE\n2019<\/p>\n\n\n\n<p>\u25a0 7\/8?\/1919\n\u2013 n. <strong>Tereza Gogu-Ungureanu<\/strong>, la\nPiatra-Neam\u0163 (d. 2008, Piatra-Neam\u0163), profesoar\u0103, artist plastic, absolvent\u0103 a\nAcademiei de Arte Frumoase, Ia\u015fi. A debutat la \u201eSaloanele Moldovei\u201d, Ia\u015fi\n(1941) \u2013 Premiul pentru acuarela \u201eVictorie\u201d \u015fi portretul \u201eMo\u015ful\u201d. A expus, \u00een\nacela\u015fi cadru, p\u00e2n\u0103 \u00een 1943. Prima expozi\u0163ie personal\u0103, la Piatra-Neam\u0163 (1950),\nurmat\u0103 de alte 30. Profesoar\u0103, la Roznov, Casa Pionierilor din Piatra-Neam\u0163.\nLucrarea religioas\u0103 \u201eSchimbarea la Fa\u0163\u0103\u201d, se afl\u0103 la Biserica Domneasc\u0103,\nPiatra-Neam\u0163, reluat\u0103 pentru Palatul Culturii Feroviarilor, Chi\u015fin\u0103u. Dup\u0103\n1990, este prezent\u0103 la expozi\u0163iile Filialei U. A. P. Neam\u0163. A donat tabloul\n\u201e\u015etefan cel Mare \u015fi Sf\u00e2nt\u201d Muzeului Na\u0163ional Militar, iar portretul Sidoniei\nHoga\u015f Muzeului \u201eCalistrat Hoga\u015f\u201d, Piatra-Neam\u0163. Alte dona\u0163ii: Bibliotecii \u201eG.\nT. Kirileanu\u201d \u015fi Liceului de Art\u0103 \u201eVictor Brauner\u201d, Piatra-Neam\u0163. <\/p>\n\n\n\n<p>\u25a0 8\/1943 \u2013\nn. <strong>Gogu Gheorghi\u0163\u0103<\/strong>, la C\u00e2nde\u015fti,\nVrancea, cercet\u0103tor \u015ftiin\u0163ific, publicist, absolvent al Facult\u0103\u0163ii de Biologie,\nIa\u015fi, doctor \u00een biologie (1976). Biolog \u015fi director la Sta\u0163iunea \u201eStejarul\u201d,\nNeam\u0163, profesor la Universitatea, Bac\u0103u (din 1996). A publicat peste 200 de\nlucr\u0103ri \u015ftiin\u0163ifice, \u00een presa de specialitate \u015fi mai multe volume: \u201eAploidia\nexperimental\u0103 la plante, \u00een contextul biotehnologiilor moderne\u201d, \u201eRadiobiologie\nvegetal\u0103\u201d; \u201eDin enigmele evolu\u0163iei\u201d; \u201eBazele geneticii\u201d; Premiul \u201eEmanoil\nTeodorescu\u201d al Academiei (1980). Organizator de simpozioane la Piatra-Neam\u0163:\n\u201ePlantele medicinale \u2013 realiz\u0103ri \u015fi perspective\u201d. \u201eGenetica \u00een sprijinul\nprogresului social-economic\u201d\u201a Pre\u015fedinte al Filialei Neam\u0163 a A. O. \u015e.<\/p>\n\n\n\n<p>\u25a0 10\/1951 n.\n<strong>Gabriel Plosc\u0103<\/strong>, inginer, profesor,\nlider sindical. Absolvent al Institutului Politehnic \u201eTraian Vuia\u201d din\nTimi\u015foara, gradul didactic I \u00een \u00eenv\u0103\u0163\u0103m\u00e2nt acordat de Universitatea Politehnic\u0103\nBucure\u015fti (1993). Profesor la Colegiul Tehnic \u201ePetru Poni\u201d (1976-2008), membru\n\u00een comisia na\u0163ional\u0103 de chimie industrial\u0103, specialist \u00een elaborarea de\nstandarde ocupa\u0163ionale, evaluator de manuale \u015fi autor de manuale \u015fcolare.\nParticipare la cursuri, seminarii \u015fi programe de formare europene: \u201eProhibition\nof Discrimination to Promotinng Equality\u201d organizat de ILO-ITUC, \u201eDialog social\n\u00een Rom\u00e2nia \u015fi \u00een Uniunea European\u0103. Locul \u015fi rolul partenerilor sociali\u201d,\norganizat de Institutul de Formare Economic\u0103 \u015fi Social\u0103 etc. (1997-2010).<\/p>\n\n\n\n<p>Vicepre\u015fedinte\nal SLLICS Neam\u0163 (1991-2008), apoi pre\u015fedinte, din 2008 \u2013 prezent.\nVicepre\u015fedinte al FSLI, coordoneaz\u0103 Departamentul pentru \u00cenv\u0103\u0163\u0103m\u00e2nt Profesional\n\u015fi Tehnic \u015fi Departamentul Proiecte \u015fi Formare (2002-prezent). Pre\u015fedinte al\nUniunii Jude\u0163ene a Sindicatelor Democratice Neam\u0163 (2000-prezent) etc. Manager\nde proiect POSDRU \u015fi manager de proiect Leonardo da Vinci (2011-2014). <\/p>\n\n\n\n<p>\u25a0 11\/1924 \u2013\nn. <strong>Ion Rotaru<\/strong>, la Valea lui Ion,\nNeam\u0163 (azi, Bac\u0103u) (d. 18\/21. 12. 2006, Bucure\u015fti), profesor universitar,\ncritic \u015fi istoric literar, a absolvit \u015ecoala Normal\u0103 (1944), Liceul \u201ePrincipele\nFerdinand\u201d, Bac\u0103u (1947), \u00eenv\u0103\u0163\u0103tor, \u00een diferite localit\u0103\u0163i din \u0163ar\u0103, \u00een\n\u015fcolile din C\u00e2nde\u015fti \u015fi V\u0103durele din Neam\u0163. A absolvit Facultatea de Filologie\nBucure\u015fti (1952), cercet\u0103tor extern la Institutul de Lingvistic\u0103 al Academiei,\ndoctor (1964), lector de limba rom\u00e2n\u0103 la Universitatea din Lyon (1968-19771) \u015fi\nla institu\u0163ii de \u00eenv\u0103\u0163\u0103m\u00e2nt particular din \u0163ar\u0103, dup\u0103 1995. A debutat cu un\nstudiu referitor la graiul din valea Bistri\u0163ei din Moldova (1952), iar\neditorial cu \u201eIon Creang\u0103. Bibliografie de recomandare\u201d (1959). Opera sa\nprincipal\u0103 este \u201eO istorie a literaturii rom\u00e2ne\u201d, I-III (1971-1987), edi\u0163ie,\nrev\u0103zut\u0103 (I-VI, 1994-2001). Alte lucr\u0103ri: \u201eForme ale clasicismului \u00een poezia\nrom\u00e2neasc\u0103, p\u00e2n\u0103 la Vasile Alecsandri\u201d; \u201eLiteratur\u0103 rom\u00e2n\u0103 veche\u201d; \u201eValori\nexpresive \u00een literatura rom\u00e2n\u0103 veche\u201d \u015f. a. Membru al U. S. (1966). <\/p>\n\n\n\n<p>\u25a0 11\/1930 \u2013\nn. <strong>Eduard Covali<\/strong>, la Orhei,\nBasarabia (d. 2. 11. 2002, Piatra-Neam\u0163), teatrolog, scriitor. A absolvit I. A.\nT. C. \u201eI. L. Caragiale\u201d, cu \u00eentreruperi, fiind condamnat politic, a lucrat pe\ndiferite \u015fantiere de construc\u0163ii. Diverse func\u0163ii la T. T., (1961-1992),\npictor-executant, secretar literar, director, regizor, consilier artistic.\nDebut publicistic \u00een revistele \u201eTeatrul\u201d \u015fi \u201eContemporanul\u201d, (1957), \u015fi cu\npseudonimul V. Negrea, Colabor\u0103ri: \u201eCeahl\u0103ul\u201d, \u201eAc\u0163iunea\u201d, \u201eAntiteze\u201d,\n\u201eAteneu\u201d, \u201eAsachi\u201d, \u201eInforma\u0163ia Prim\u0103riei\u201d, \u201eApostolul\u201d, \u201eMeridianul Ozana\u201d,\n\u201eCredin\u0163a nea\u00admului\u201d \u015f. a. A dramatizat: \u00abVr\u0103jitorul din Oz\u00bb, \u00abInim\u0103 rece\u00bb,\n\u00abCartea junglei\u00bb. Debut editorial cu \u201eTeatru\u201d: \u00abIon Creang\u0103 sau m\u0103razurile\namintirilor\u00bb, \u00abTinere\u0163e f\u0103r\u0103 b\u0103tr\u00e2ne\u0163e\u00bb, \u00abBelerophon\u00bb, \u00abAlb\u0103 ca z\u0103bava \u015fi cei 7\npitici\u00bb. Membru al U. S.<\/p>\n\n\n\n<p>\u25a0 17\/1869 \u2013\nn. <strong>V. A. Trifu<\/strong>, la F\u0103get, Jidoveni,\nT\u00e2rnava Mic\u0103 (d. 2. 05. 1927, Piatra-Neam\u0163), profesor, traduc\u0103tor. Liceul din\nBlaj. Facultatea de Litere \u015fi Filozofie din Bucure\u015fti, profesor la Giurgiu \u015fi\nC\u0103l\u0103ra\u015fi. Studii \u201especiale de limb\u0103 \u015fi literatur\u0103 german\u0103\u201d (Leipzig). Numit\nprofesor de limba german\u0103 la Liceul \u201ePetru Rare\u015f\u201d din Piatra-Neam\u0163 (1904),\ndirector (1911-1912 \u015fi 1922-1927). Cu ajutorul deputatului Leon Mrejeriu a\nextins spa\u0163iul liceului prin supraetajare. A realizat cea mai bun\u0103 traducere\ndin german\u0103 (p\u00e2n\u0103 la el) a c\u0103r\u0163ii \u201eNibelungii \u2013 Gudruna\u201d. Alte scrieri:\n\u201e\u00centoarceri pe meleagurile copil\u0103riei\u201d; \u201eDin trecutul Liceului \u201ePetru Rare\u015f\u201d\nPiatra-Neam\u0163\u201d. La a 60-a aniversare a Gimnaziului \u201ePetru Rare\u015f\u201d (1929) a fost\ndezvelit bustul s\u0103u, lucrare a lui V. A. Gheorghi\u0163\u0103.<\/p>\n\n\n\n<p>\u25a0 18\/1960 \u2013\nn. <strong>Ada Popovici<\/strong>, la Ia\u015fi,\nprofesoar\u0103, eseist\u0103, publicist\u0103. Studii de filologie, regie de teatru, film \u015fi\ntv., jurnalistic\u0103. Doctor, magna cum laudae, \u00een \u015ftiin\u0163e filologice (2007),\nprofesor la Colegiul Tehnic \u201eGheorghe Cartianu\u201d din Piatra-Neam\u0163. Numeroase\nparticip\u0103ri la simpozioane, conferin\u0163e si colocvii na\u0163ionale \u015fi interna\u0163ionale.\nColabor\u0103ri: \u201eApostolul\u201d; \u201eMonitorul cultural si artistic de Neam\u0163\u201d; \u201eConvorbiri\nliterare\u201d, \u201eRevista noastr\u0103\u201d (ASTRA) \u015f. a. C\u0103r\u0163i: \u201ePoezia rom\u00e2neasc\u0103. Studiu\nteoretic \u015fi aplicativ\u201d; \u201eLimbajul dramatic \u015fi orizontul de a\u015fteptare estetic\u0103\u201d;\n\u201eRug\u0103ciuni pentru cei mici\u201d, \u201eLimb\u0103 \u015fi literatur\u0103 rom\u00e2n\u0103. Comunicare. Proz\u0103.\nDramaturgie\u201d; \u201eAlfabetul din pove\u015fti\u201d.<\/p>\n\n\n\n<p>\u25a0 19\/1953 \u2013\nn. <strong>Viorel Nicolau<\/strong>, inginer, editor,\nanticar, filatelist, publicist. A absolvit Facultatea Tehnologia Construc\u0163iilor\nde Ma\u015fini, Bra\u015fov, inginer la I. M. \u201eCeahl\u0103u\u201d \u015fi profesor-inginer la Grupul\n\u015ecolar de Construc\u0163ii. Din 1991, devine librar, anticar, atestat de Ministerul\nCulturii. A \u00eenfiin\u0163at, \u00een Piatra-Neam\u0163, prima libr\u0103rie-anticariat privat\u0103. Este\nrecunoscut ca un bun colec\u0163ionar de c\u0103r\u0163i po\u015ftale ilustrate. Membru \u00een diferite\ncomitete \u015fi comisii filatelice. Organizator a peste dou\u0103zeci de edi\u0163ii ale\nSimpozionului na\u0163ional de cartofilie de la Piatra-Neam\u0163; este pre\u015fedinte al\nAsocia\u0163iei Filateli\u015ftilor Neam\u0163. A editat sute de c\u0103r\u0163i (prin propria-i editur\u0103\n\u201eCetatea Doamnei\u201d), autor, coautor sau colaborator la peste 30 de c\u0103r\u0163i,\n\u00eengrijitor de edi\u0163ii. Colaborator la toate publica\u0163iile din Neam\u0163. <\/p>\n\n\n\n<p>\u25a0 22\/1926 \u2013\nn. <strong>Benedict Dabija<\/strong>, la Piatra-Neam\u0163\n(d. 29. 05. 1962, Bucure\u015fti), actor, absolvent al Liceului \u201ePetru Rare\u015f\u201d din\nora\u015ful natal \u015fi al Institutului de Teatru din Bucure\u015fti (1952). Actor la\nTeatrul Municipal, Bucure\u015fti. Filme: \u201eMoara cu Noroc\u201d, \u201eCiulinii B\u0103r\u0103ganului\u201d,\n\u201eErup\u0163ia\u201d, \u201eAproape de soare\u201d, \u201eSetea\u201d, \u201eCelebrul 702\u201d, \u201ePorto-Franco\u201d,\n\u201eTudor\u201d. A fost remarcabil \u015fi \u00een teatrul radiofonic.<\/p>\n\n\n\n<p>\u25a0 22\/1974 \u2013\nn. <strong>Mihai Floroaia<\/strong>, profesor la\nColegiul Tehnologic \u201eSpiru Haret\u201d Piatra-Neam\u0163. Licen\u0163iat al Universit\u0103\u0163ii \u201eAl.\nI. Cuza\u201d Ia\u015fi, Facultatea de Teologie Ortodox\u0103 (1997). Doctor \u00een Teologie\n(2010), cu distinc\u0163ia Magna cum Laude, la Universitatea \u201eBabe\u015f \u2013 Bolyai\u201d\nCluj-Napoca cu teza <em>Inchizi\u0163ia \u00eentre mit\n\u015fi realitate<\/em>. C\u0103r\u0163i: <em>Inchizi\u0163ia \u00eentre\nmit \u015fi realitate<\/em>, Cluj-Napoca (2016), <em>Inchizi\u0163ia\n\u00een Europa<\/em>, Piatra-Neam\u0163 (2001), <em>Rolul\nmetodei didactice \u00een \u00eenv\u0103\u0163\u0103m\u00e2ntul religios<\/em>, Piatra-Neam\u0163 (2004). Numeroase\nstudii \u015fi articole de specialitate. Stagii de cercetare doctoral\u0103 \u015fi\npostdoctoral\u0103 la Universitatea Catolic\u0103 din Louvain-la-Neuve (Belgia), la\nUniversitatea Mis\u00e9ricorde din Fribourg (Elve\u0163ia) \u015fi la Institut de Recherche\nReligions, Spiritualit\u00e9s, Cultures, Soci\u00e9t\u00e9s al Universit\u0103\u0163ii din\nLouvain-la-Neuve. Stagiul de cercetare postdoctoral\u0103 <em>Identitate etnic\u0103 \u015fi confesional\u0103 \u00een Transilvania habsburgic\u0103<\/em>, la\nUniversitatea \u201eBabe\u015f-Bolyai\u201d (2011-2013). Formator-consilier ARACIP, evaluator\nna\u0163ional \u00een Agen\u0163ia de Credite \u015fi Burse de Studii (MENCS). Colaborator al\nrevistei <em>Apostolul<\/em> (din 2004)\nredactor al acesteia (din 2010, \u00een prezent).<\/p>\n\n\n\n<p>\u25a0 26\/2000 \u2013\nd. <strong>C\u0103t\u0103lin-Florin Stupcanu<\/strong>, la\nCeahl\u0103u, profesor, ziarist, scriitor (n. 2. 04. 1938, Filioara, Agapia)<\/p>\n\n\n\n<p>\u25a0 27\/1919 \u2013\nn. <strong>Costache Andone<\/strong>, la Filipeni,\nBac\u0103u, medic, animator sportiv \u015fi cultural, a absolvit Facultatea de Medicin\u0103\n\u201eGrigore T. Popa\u201d din Ia\u015fi. A profesat ca specialist ORL (dr. \u00een medicin\u0103) la\nSpitalul \u201eSf\u00e2ntul Spiridon\u201d din Ia\u015fi, apoi, din 1945, medic primar \u015fi \u015fef de\nsec\u0163ie la Spitalul din Piatra-Neam\u0163. A \u00eenfiin\u0163at \u015fi a condus Policlinica cu\nPlat\u0103 din Piatra-Neam\u0163 (1984-1997). Membru al A. O. \u015e. din Rom\u00e2nia \u015fi\npre\u015fedinte al Filialei Neam\u0163. Distins cu numeroase diplome \u015fi plachete, precum\n\u015fi cu decora\u0163iile: Crucea Meritul Sanitar, Coroana Rom\u00e2niei cu Panglica de\nVirtute Militar\u0103, \u00een cel de Al Doilea R\u0103zboi Mondial, Virtutea Ost\u0103\u015feasc\u0103,\nMedalia \u201eTudor Vladimirescu\u201d \u015f. a.<\/p>\n\n\n\n<p>\u25a0 27\/1937 \u2013\nn. <strong>Nicolae Florian<\/strong>, la V\u00e2n\u0103tori-Neam\u0163,\n\u00eenv\u0103\u0163\u0103tor, animator cultural, publicist, absolvent al \u015ecolii Pedagogice din\nPiatra-Neam\u0163 (1956, \u015fef de promo\u0163ie). A predat la \u015fcolile din: P\u0103str\u0103veni,\nBoi\u015ftea, Petricani, Lunca (director), V\u00e2n\u0103tori-Neam\u0163. A fost director al\nC\u0103minului Cultural (1968-1978); primar (1990-1992) \u015fi consilier comunal p\u00e2n\u0103 \u00een\n2008. Cet\u0103\u0163ean de omoare al comunei natale (2007). Colabor\u0103ri: Revista\n\u201eApostolul\u201d. Este autor al \u201eMonografiei Comunei V\u00e2n\u0103tori-Neam\u0163\u201d (2006), lucrare\nimportant\u0103 pentru informa\u0163iile despre locuri \u015fi institu\u0163ii din preajma localit\u0103\u0163ii\nV\u00e2n\u0103tori (M\u0103n\u0103stirea Neam\u0163, Cetatea-Neam\u0163, M\u0103n\u0103stirile Secu \u015fi Sih\u0103stria \u015f. a.)\n\u015fi despre mul\u0163i intelectuali care au tr\u0103it pe aceste locuri.<\/p>\n\n\n\n<p>\u25a0 27\/1948 \u2013\nn. <strong>Constantin Ardeleanu<\/strong>, la Tazl\u0103u,\nscriitor, absolvent al Facult\u0103\u0163ii de Studii Economice din Ia\u015fi. Colaborator al\nmultor reviste, \u00een care au fost inserate peste 1. 000 de articole \u015fi cronici.\nMai multe premii literare pentru proz\u0103. Membru al Societ\u0103\u0163ii Scriitorilor\nMilitari, al U. Z. P. \u015fi al Societ\u0103\u0163ii Scriitorilor din Jude\u0163ul Neam\u0163. Cet\u0103\u0163ean\nde onoare al Comunei Tazl\u0103u. C\u00e2teva titluri: \u201eH\u00e2trii Tazl\u0103ului\u201d, \u201eTimpuri\ninteresante\u201d, \u201eTrif\u201d, \u201eChetronia\u201d, \u201eStenogramele unui ata\u015fat militar\u201d,\n\u201eH\u0103ituirea\u201d; \u201eIubiri ve\u015ftejite\u201d, \u201eBizarul bazar al Fortunei\u201d, \u201eHronicul\nhergheliilor hoinare\u201d, \u201eGilberti\u201d, \u201eInfernul de cear\u0103\u201d, \u201eStrada Bl\u0103nari 18, col\u0163\ncu Doamnei\u201d, \u201eTazl\u0103u, un sfert de infinit\u201d \u015f. a.<\/p>\n\n\n\n<p>\u25a0 29. 09.\n1919, \u2013 d. <strong>Constantin D. Gheorghiu<\/strong>,\nla Piatra-Neam\u0163 (n. 1866, Ia\u015fi), profesor, folclorist, publicist. Cursurile\nprimare, liceale \u015fi universitare \u00een Ia\u015fi. Stabilit la Piatra-Neam\u0163, pred\u0103\ngeografia \u015fi educa\u0163ia fizic\u0103 la Liceul \u201ePetru Rare\u015f\u201d. Membru al Societ\u0103\u0163ii de\nGeografie din Rom\u00e2nia, a elaborat \u201eDic\u0163ionarul geografic al Jude\u0163ului Neam\u0163\u201d\n(1895). A scos, la Piatra-Neam\u0163, primul volum al \u201eRevistei de geografie a\nRom\u00e2niei\u201d. A fondat editura ce i-a purtat numele. Alte volume: \u201eCalendarul\nfemeilor supersti\u0163ioase. Credin\u0163e, supersti\u0163ii \u015fi obiceiuri din \u0163ar\u0103\u201d, \u201eDatine\npoporane\u201d, \u201eApe minerale. Locuri istorice. M\u0103n\u0103stiri. Sta\u0163iuni balneare \u015fi\nclimaterice din Jude\u0163ul Neam\u0163\u201d; \u201eJocul Oina \u015fi regulamentul pentru concursuri\ngenerale\u201d; \u201eManualul complex de gimnastic\u0103\u201d; \u201eJocuri copil\u0103re\u015fti\u201d.<\/p>\n\n\n\n<p><strong><em>Constantin\nTOM\u015eA<\/em><\/strong><\/p>\n","protected":false},"excerpt":{"rendered":"<p>SEPTEMBRIE 2019 \u25a0 7\/8?\/1919 \u2013 n. Tereza Gogu-Ungureanu, la Piatra-Neam\u0163 (d. 2008, Piatra-Neam\u0163), profesoar\u0103, artist plastic, absolvent\u0103 a Academiei de Arte Frumoase, Ia\u015fi. A debutat la \u201eSaloanele Moldovei\u201d, Ia\u015fi (1941) \u2013 Premiul pentru acuarela \u201eVictorie\u201d \u015fi portretul \u201eMo\u015ful\u201d. A expus,&hellip;<\/p>\n<p class=\"more-link-p\"><a class=\"more-link\" href=\"http:\/\/www.slineamt.ro\/apostolul\/lectia-de-istorie\/rememorari-nemtene-23\/\">Read more &rarr;<\/a><\/p>\n","protected":false},"author":1,"featured_media":0,"comment_status":"open","ping_status":"closed","sticky":false,"template":"","format":"standard","meta":{"footnotes":""},"categories":[6,400],"tags":[],"class_list":["post-17407","post","type-post","status-publish","format-standard","hentry","category-lectia-de-istorie","category-numarul-224"],"_links":{"self":[{"href":"http:\/\/www.slineamt.ro\/apostolul\/wp-json\/wp\/v2\/posts\/17407","targetHints":{"allow":["GET"]}}],"collection":[{"href":"http:\/\/www.slineamt.ro\/apostolul\/wp-json\/wp\/v2\/posts"}],"about":[{"href":"http:\/\/www.slineamt.ro\/apostolul\/wp-json\/wp\/v2\/types\/post"}],"author":[{"embeddable":true,"href":"http:\/\/www.slineamt.ro\/apostolul\/wp-json\/wp\/v2\/users\/1"}],"replies":[{"embeddable":true,"href":"http:\/\/www.slineamt.ro\/apostolul\/wp-json\/wp\/v2\/comments?post=17407"}],"version-history":[{"count":1,"href":"http:\/\/www.slineamt.ro\/apostolul\/wp-json\/wp\/v2\/posts\/17407\/revisions"}],"predecessor-version":[{"id":17410,"href":"http:\/\/www.slineamt.ro\/apostolul\/wp-json\/wp\/v2\/posts\/17407\/revisions\/17410"}],"wp:attachment":[{"href":"http:\/\/www.slineamt.ro\/apostolul\/wp-json\/wp\/v2\/media?parent=17407"}],"wp:term":[{"taxonomy":"category","embeddable":true,"href":"http:\/\/www.slineamt.ro\/apostolul\/wp-json\/wp\/v2\/categories?post=17407"},{"taxonomy":"post_tag","embeddable":true,"href":"http:\/\/www.slineamt.ro\/apostolul\/wp-json\/wp\/v2\/tags?post=17407"}],"curies":[{"name":"wp","href":"https:\/\/api.w.org\/{rel}","templated":true}]}}