{"id":17419,"date":"2019-09-24T16:00:12","date_gmt":"2019-09-24T16:00:12","guid":{"rendered":"http:\/\/www.slineamt.ro\/apostolul\/?p=17419"},"modified":"2019-09-24T16:00:12","modified_gmt":"2019-09-24T16:00:12","slug":"pasi-spre","status":"publish","type":"post","link":"http:\/\/www.slineamt.ro\/apostolul\/arte-si-meseriii\/pasi-spre\/","title":{"rendered":"Pa\u015fi spre"},"content":{"rendered":"\n<div class=\"wp-block-image\"><figure class=\"alignleft\"><img loading=\"lazy\" decoding=\"async\" width=\"357\" height=\"510\" src=\"http:\/\/www.slineamt.ro\/apostolul\/wp-content\/uploads\/2019\/09\/29-ap224-foto1.jpg\" alt=\"\" class=\"wp-image-17422\" srcset=\"http:\/\/www.slineamt.ro\/apostolul\/wp-content\/uploads\/2019\/09\/29-ap224-foto1.jpg 357w, http:\/\/www.slineamt.ro\/apostolul\/wp-content\/uploads\/2019\/09\/29-ap224-foto1-210x300.jpg 210w, http:\/\/www.slineamt.ro\/apostolul\/wp-content\/uploads\/2019\/09\/29-ap224-foto1-260x371.jpg 260w, http:\/\/www.slineamt.ro\/apostolul\/wp-content\/uploads\/2019\/09\/29-ap224-foto1-160x229.jpg 160w\" sizes=\"auto, (max-width: 357px) 100vw, 357px\" \/><\/figure><\/div>\n\n\n\n<p><strong><em>Ghidul\nmonumentelor naturale \u015fi antropice<\/em><\/strong><em><\/em><\/p>\n\n\n\n<p>Proiectul <em>Om \u015fi natur\u0103 \u2013 Minunile Neam\u0163ului<\/em>\nvizeaz\u0103 promovarea turismului nostru, prin valorizarea monumentelor naturale \u015fi\nantropice, prin realizarea unui ghid al monumentelor nem\u0163ene, a unui album\nfotografic \u015fi a unui volum colectiv. El urm\u0103re\u015fte implicarea profesorilor \u015fi\nelevilor din \u015fcolile nem\u0163ene \u00een activitatea de cercetare \u015fi documentare, de\nredactare \u015fi editare a unor micro-monografii sau comunic\u0103ri \u015ftiin\u0163ifice ori de\npopularizare; educarea tinerilor \u00een spirit civic \u015fi respect pentru valorile\nculturale \u015fi spirituale; cre\u015fterea gradului de informare \u00een comunitatea nem\u0163ean\u0103\nasupra posibilit\u0103\u0163ilor turistice ale jude\u0163ului. Totodat\u0103 prin acest proiect se\ndore\u015fte implicarea profesorilor \u015fi elevilor din \u015fcolile nem\u0163ene prin\nintermediul Asocia\u0163iei Profesorilor din Jude\u0163ul Neam\u0163, prin Asocia\u0163ia \u00cenv\u0103\u0163\u0103torilor\n\u015fi prin Asocia\u0163ia Cultul Eroilor, filiala Neam\u0163, prin direc\u0163iile de\nadministrare ale celor trei mari parcuri nem\u0163ene, \u00een activit\u0103\u0163i de identificare\na monumentelor, de cercetare \u015fi redactare a unor lucr\u0103ri de istorie \u015fi\ngeografie local\u0103.<\/p>\n\n\n\n<p>Monumentele\nvor fi \u00eenserate pe o hart\u0103 tematic\u0103 ce va completa ghidul ce va fi realizat,\nnecesar turismului cultural \u015fi geografic, iar micro-monografiile vor deveni\nmateriale documentare de mare importan\u0163\u0103 pentru studiul orizontului local.\nAlbumul realizat va fi rodul muncii echipei coordonate de geograful Iulian\nS\u0103ndulache, la care se vor ad\u0103uga fotografiile de epoc\u0103 \u015fi c\u0103r\u0163ile po\u015ftale\nilustrate vechi din colec\u0163ii publice sau particulare, cre\u00e2ndu-se prin imagine o\nfericit\u0103 punte \u00eentre trecut \u015fi prezent.<\/p>\n\n\n\n<p>olectivul de\ncercetare este unul cu experien\u0163\u0103 \u00een studiul acestei regiuni prin lucr\u0103ri\nacademice (doctorate) sau de popularizare \u015ftiin\u0163ific\u0103 (volume, albume,\nantologii) \u015fi cu sprijinul elevilor \u015fi profesorilor, printr-o laborioas\u0103 munc\u0103\nde arhiv\u0103, de bibliotec\u0103, dar \u015fi de teren, \u00een final, va putea oferi un bogat\nmaterial monografic, \u015ftiin\u0163ific \u015fi iconografic.<\/p>\n\n\n\n<p>&nbsp;\u00cen colectivul de implementare \u015fi de cercetare\nau fost coopta\u0163i geograful Lulian Sdndulache pentru mijloace media, dar \u015fi\nfotografie geografic\u0103, \u015fi cartografie, arhivistul Nicolae Dumitrascu, Dorel\nRusu, filolog \u015fi folclorist, Andrei Fabian, teolog, istoricul Emil Pedemonte\nJuncanaru, economista Mihaela Ciucanu \u015f. a. Echipa se va afla \u00eentr-o str\u00e2ns\u0103\ncolaborare cu erudi\u0163i profesori din Neam\u0163: Xenia S\u00e2rbu din Bicaz, Gheorghe\nDruga din Hangu, Ani\u015foara Calu din Borca, Mihai Apopei din Tarcau, Paul\nNedeloiu \u015f. a.<\/p>\n\n\n\n<p>Ini\u0163iatorul\nproiectului, Viorel Nicolau, este autorul sau co-autorul a 16 volume (c\u0103r\u0163i de\nautor, albume, antologii, coordonator volume colective), cele mai multe fiind\ndedicate jude\u0163ului Neam\u0163 \u015fi \u00een special V\u0103ii Muntelui, studii de demografie\nistoric\u0103, etnografie \u015fi folclor, mitologie \u015fi antropologie istoric\u0103, turism\ncultural. <\/p>\n\n\n\n<p>Men\u0163ion\u0103m c\u0103\nproiectul a primit finan\u0163are din partea Consiliului Jude\u0163ean Neam\u0163, pentru\nperioada iulie-octombrie 2019. <\/p>\n\n\n\n<p><strong><em>Red.<\/em><\/strong><\/p>\n","protected":false},"excerpt":{"rendered":"<p>Ghidul monumentelor naturale \u015fi antropice Proiectul Om \u015fi natur\u0103 \u2013 Minunile Neam\u0163ului vizeaz\u0103 promovarea turismului nostru, prin valorizarea monumentelor naturale \u015fi antropice, prin realizarea unui ghid al monumentelor nem\u0163ene, a unui album fotografic \u015fi a unui volum colectiv. El urm\u0103re\u015fte&hellip;<\/p>\n<p class=\"more-link-p\"><a class=\"more-link\" href=\"http:\/\/www.slineamt.ro\/apostolul\/arte-si-meseriii\/pasi-spre\/\">Read more &rarr;<\/a><\/p>\n","protected":false},"author":1,"featured_media":0,"comment_status":"open","ping_status":"closed","sticky":false,"template":"","format":"standard","meta":{"footnotes":""},"categories":[7,400],"tags":[],"class_list":["post-17419","post","type-post","status-publish","format-standard","hentry","category-arte-si-meseriii","category-numarul-224"],"_links":{"self":[{"href":"http:\/\/www.slineamt.ro\/apostolul\/wp-json\/wp\/v2\/posts\/17419","targetHints":{"allow":["GET"]}}],"collection":[{"href":"http:\/\/www.slineamt.ro\/apostolul\/wp-json\/wp\/v2\/posts"}],"about":[{"href":"http:\/\/www.slineamt.ro\/apostolul\/wp-json\/wp\/v2\/types\/post"}],"author":[{"embeddable":true,"href":"http:\/\/www.slineamt.ro\/apostolul\/wp-json\/wp\/v2\/users\/1"}],"replies":[{"embeddable":true,"href":"http:\/\/www.slineamt.ro\/apostolul\/wp-json\/wp\/v2\/comments?post=17419"}],"version-history":[{"count":1,"href":"http:\/\/www.slineamt.ro\/apostolul\/wp-json\/wp\/v2\/posts\/17419\/revisions"}],"predecessor-version":[{"id":17425,"href":"http:\/\/www.slineamt.ro\/apostolul\/wp-json\/wp\/v2\/posts\/17419\/revisions\/17425"}],"wp:attachment":[{"href":"http:\/\/www.slineamt.ro\/apostolul\/wp-json\/wp\/v2\/media?parent=17419"}],"wp:term":[{"taxonomy":"category","embeddable":true,"href":"http:\/\/www.slineamt.ro\/apostolul\/wp-json\/wp\/v2\/categories?post=17419"},{"taxonomy":"post_tag","embeddable":true,"href":"http:\/\/www.slineamt.ro\/apostolul\/wp-json\/wp\/v2\/tags?post=17419"}],"curies":[{"name":"wp","href":"https:\/\/api.w.org\/{rel}","templated":true}]}}