{"id":17437,"date":"2019-09-24T16:04:53","date_gmt":"2019-09-24T16:04:53","guid":{"rendered":"http:\/\/www.slineamt.ro\/apostolul\/?p=17437"},"modified":"2019-09-24T16:04:53","modified_gmt":"2019-09-24T16:04:53","slug":"cartea-de-proza-geo-morosanu-curriculum-vitae-1-2","status":"publish","type":"post","link":"http:\/\/www.slineamt.ro\/apostolul\/cronica-literara\/cartea-de-proza-geo-morosanu-curriculum-vitae-1-2\/","title":{"rendered":"Cartea de proz\u0103: GEO MORO\u015eANU: \u201eCurriculum vitae 1\/2\u201d"},"content":{"rendered":"\n<p>-11. Arte \u015fi\nMeserii \u2013 litere<\/p>\n\n\n\n<div class=\"wp-block-image\"><figure class=\"alignleft is-resized\"><img loading=\"lazy\" decoding=\"async\" src=\"http:\/\/www.slineamt.ro\/apostolul\/wp-content\/uploads\/2019\/09\/27-ap224-foto1.jpg\" alt=\"\" class=\"wp-image-17440\" width=\"338\" height=\"480\" srcset=\"http:\/\/www.slineamt.ro\/apostolul\/wp-content\/uploads\/2019\/09\/27-ap224-foto1.jpg 369w, http:\/\/www.slineamt.ro\/apostolul\/wp-content\/uploads\/2019\/09\/27-ap224-foto1-211x300.jpg 211w, http:\/\/www.slineamt.ro\/apostolul\/wp-content\/uploads\/2019\/09\/27-ap224-foto1-260x369.jpg 260w, http:\/\/www.slineamt.ro\/apostolul\/wp-content\/uploads\/2019\/09\/27-ap224-foto1-160x227.jpg 160w\" sizes=\"auto, (max-width: 338px) 100vw, 338px\" \/><\/figure><\/div>\n\n\n\n<p>Pentru cine\nnu cunoa\u015fte traseul biografic al autorului c\u0103r\u0163ii incluse \u00een titlul de mai sus,\nse impune fie \u015fi o simpl\u0103 \u00een\u015firuire a principalelor \u201eexperien\u0163e profesionale\u201d\npe care le-a tr\u0103it acesta dup\u0103 absolvirea Liceului \u201ePetru Rare\u015f\u201d din\nPiatra-Neam\u0163 (1972) \u015fi satisfacerea stagiului militar (1972-1974): operator chimist,\nfierar-betonist, \u015fofer cu carte de munc\u0103, iar, \u00een particular: fotograf,\ncroitor, dactilograf, precum \u015fi muncitor pe \u015fantierul metroului bucure\u015ftean\n(1975-1977). Ultima \u201eexperien\u0163\u0103\u201d, cea mai dramatic\u0103, devine \u015fi sursa de inspira\u0163ie\npentru romanul <em>Metroul f\u0103r\u0103 Ceau\u015fescu<\/em>,\ncartea unui prozator care cunoa\u015fte importan\u0163a persifl\u0103rii, ironia, umorul\n\u00eentr-un text literar autentific. \u00cen acela\u015fi timp, vedem c\u0103 autorului nu i-au\nsc\u0103pat bancurile \u201eepocii de aur\u201d, din care a selectat \u015fi a introdus \u00een canavaua\ntextului numai at\u00e2t c\u00e2t a fost necesar, umorul s\u0103u tr\u0103d\u00e2nd un h\u00e2tru care poate\nocupa un loc propriu \u00een familia marelui humule\u015ftean. <\/p>\n\n\n\n<p>Chiar \u015fi\ndup\u0103 absolvirea Facult\u0103\u0163ii de Drept a Universit\u0103\u0163ii Bucure\u015fti (1981-1985), Geo\nMoro\u015fanu a continuat s\u0103 migreze prin diferite locuri de munc\u0103 \u015fi s\u0103 \u00eencerce\nvariate profesii: jurist, ziarist pentru o scurt\u0103 vreme, dup\u0103 1989, la ziarul\n\u201eCeahl\u0103ul\u201d, apoi taximetrist (astfel s-au n\u0103scut c\u00e2teva scrieri intitulate Taxi\nP). A \u00eencercat \u015fi jurnalistic\u0103 privat\u0103 (<em>Mic\nBoss<\/em>, s\u0103pt\u0103m\u00e2nal, vreo 20 de numere), a constituit, la Piatra-Neam\u0163, Asocia\u0163ia\n<em>Mica Europ\u0103<\/em> \u015fi a editat trei numere\ndin publica\u0163ia bilingv\u0103 omonim\u0103. Din decembrie 1995, a fost judec\u0103tor\n(Judec\u0103toria Piatra-Neam\u0163, Judec\u0103toria Bicaz).<\/p>\n\n\n\n<p>Cum era \u015fi\nfiresc pentru un ins \u00eenzestrat \u015fi cu talent narativ, acest \u015fir impresionant de\n\u201eexperien\u0163e\u201d tr\u0103ite de Geo (Gheorghe) Moro\u015fanu a dat na\u015ftere c\u0103r\u0163ii de fa\u0163\u0103, o\ncarte care avertizeaz\u0103 \u00eenc\u0103 din titlu faptul c\u0103 este o scriere cu profund\ncaracter autobiografic. <\/p>\n\n\n\n<p>Cititorii de\nbeletristic\u0103 vor observa cu u\u015furin\u0163\u0103 calit\u0103\u0163ile literare ale acestui nou text\nprecum \u015fi apartenen\u0163a lui la geniul epic. C\u00e2t prive\u015fte stabilirea speciei\nliterare, opera\u0163iunea nu va fi foarte u\u015foar\u0103. Eul narativ, acela\u015fi cu autorul,\n\u00ee\u015fi prezint\u0103 o serie de momente p\u0103strate \u00een memorie p\u00e2n\u0103 la v\u00e2rsta pension\u0103rii\n\u015fi le relateaz\u0103 \u00eentr-o form\u0103 roman\u0163at\u0103, cronologic, de la o prim\u0103 amintire de\npe la v\u00e2rsta de trei ani c\u00e2nd a primit o b\u0103taie de la tat\u0103l s\u0103u, un pluta\u015f de\npe Bistri\u0163a venit de prin p\u0103r\u0163ile Maramure\u015fului. Urmeaz\u0103 alte momente re\u0163inute\n\u00een memorie, dar faptele narate sunt trecute prin filtrul inteligent \u015fi nu\nlipsit de talent al maturului. Chiar \u015fi el constat\u0103 c\u0103 scrierea sa nu poate fi\nconsiderat\u0103 o carte de memorii, de\u015fi \u015ftie foarte bine c\u0103 \u2013 a\u015fa cum spunea\nmarele scriitor de limb\u0103 francez\u0103 n\u0103scut la R\u0103\u015finari \u2013 literatura este memorie,\n\u00een primul r\u00e2nd memorie. \u00cen ceea ce prive\u015fte talentul literar, acesta a fost\nremarcat \u00eenc\u0103 de la debutul autorului \u00een SLAST (Suplimentul Literar \u015fi Artistic\nal Sc\u00e2nteii Tineretului) de c\u0103tre criticul literar Alex \u015etef\u0103nescu care \u00eei\npublic\u0103 prezent\u00e2ndu-l elogios.<\/p>\n\n\n\n<p>Textul este\nsegmentat, secven\u0163ele succed\u00e2ndu-se ca \u00eentr-un scenariu cinematografic; unele\ndintre acestea put\u00e2nd fi citite ca simple momente sau schi\u0163e. El nu poate fi\n\u00eencadrat \u00eens\u0103 nici \u00een categoria \u201eamintirilor\u201d dar, dac\u0103 avem \u00een vedere c\u0103 eul\nnarator este prezentat ca un personaj care evolueaz\u0103 de la primii ani ai vie\u0163ii\n\u015fi p\u00e2n\u0103 la maturitatea deplin\u0103, putem considera aceast\u0103 carte \u2013 p\u0103str\u00e2nd propor\u0163iile\ndesigur \u2013 un bildungsroman a\u015fa cum s-a scris \u015fi despre \u201eamintirile\u201d lui\nCreang\u0103. <\/p>\n\n\n\n<p>Concluzion\u00e2nd,\nputem spune c\u0103 aceast\u0103 proz\u0103, a lui Geo Moro\u015fanu are elemente ce apar\u0163in mai\nmultor specii literare, unele men\u0163ionate de noi, \u015fi toate la un loc.<\/p>\n\n\n\n<p>Ea este o\nadev\u0103rat\u0103 scriere biografic\u0103 \u00een care autorul reu\u015fe\u015fte s\u0103-\u015fi realizeze\nautoportretul utiliz\u00e2nd toate mijloacele scriitorice\u015fti, de la relatarea seac\u0103\na faptelor, la momentele de melancolie peste care trece cu u\u015furin\u0163\u0103 \u00eentrebuin\u0163\u00e2nd\nironia \u015fi autoironia, excel\u00e2nd prin persiflare \u015fi autopersiflare. De fapt,\numorul de bun\u0103 calitate este piesa de rezisten\u0163\u0103 a acestei c\u0103r\u0163i scrise \u00eentr-o\nlimb\u0103 rom\u00e2n\u0103 corect\u0103, \u00eengrijit\u0103, f\u0103r\u0103 s\u0103 abunde \u00een expresii licen\u0163ioase cum se\nobi\u015fnuie\u015fte \u00een literatura contemporan\u0103 publicat\u0103 sau jucat\u0103 pe anumite scene\nteatrale. <\/p>\n\n\n\n<p>F\u0103r\u0103 a\nexagera, putem spune c\u0103 Geo (Gheorghe) Moro\u015fanu, dup\u0103 aceast\u0103 a doua carte de\nproz\u0103, este pe drumul pe care va putea s\u0103 ajung\u0103 scriitor, a\u015fa cum a afirmat c\u0103\nvrea s\u0103 devin\u0103 \u00eenc\u0103 din clasa \u00eent\u00e2i.<\/p>\n\n\n\n<p><strong><em>Constantin\nTOM\u015eA<\/em><\/strong><\/p>\n","protected":false},"excerpt":{"rendered":"<p>-11. Arte \u015fi Meserii \u2013 litere Pentru cine nu cunoa\u015fte traseul biografic al autorului c\u0103r\u0163ii incluse \u00een titlul de mai sus, se impune fie \u015fi o simpl\u0103 \u00een\u015firuire a principalelor \u201eexperien\u0163e profesionale\u201d pe care le-a tr\u0103it acesta dup\u0103 absolvirea Liceului&hellip;<\/p>\n<p class=\"more-link-p\"><a class=\"more-link\" href=\"http:\/\/www.slineamt.ro\/apostolul\/cronica-literara\/cartea-de-proza-geo-morosanu-curriculum-vitae-1-2\/\">Read more &rarr;<\/a><\/p>\n","protected":false},"author":1,"featured_media":0,"comment_status":"open","ping_status":"closed","sticky":false,"template":"","format":"standard","meta":{"footnotes":""},"categories":[16,400],"tags":[],"class_list":["post-17437","post","type-post","status-publish","format-standard","hentry","category-cronica-literara","category-numarul-224"],"_links":{"self":[{"href":"http:\/\/www.slineamt.ro\/apostolul\/wp-json\/wp\/v2\/posts\/17437","targetHints":{"allow":["GET"]}}],"collection":[{"href":"http:\/\/www.slineamt.ro\/apostolul\/wp-json\/wp\/v2\/posts"}],"about":[{"href":"http:\/\/www.slineamt.ro\/apostolul\/wp-json\/wp\/v2\/types\/post"}],"author":[{"embeddable":true,"href":"http:\/\/www.slineamt.ro\/apostolul\/wp-json\/wp\/v2\/users\/1"}],"replies":[{"embeddable":true,"href":"http:\/\/www.slineamt.ro\/apostolul\/wp-json\/wp\/v2\/comments?post=17437"}],"version-history":[{"count":1,"href":"http:\/\/www.slineamt.ro\/apostolul\/wp-json\/wp\/v2\/posts\/17437\/revisions"}],"predecessor-version":[{"id":17443,"href":"http:\/\/www.slineamt.ro\/apostolul\/wp-json\/wp\/v2\/posts\/17437\/revisions\/17443"}],"wp:attachment":[{"href":"http:\/\/www.slineamt.ro\/apostolul\/wp-json\/wp\/v2\/media?parent=17437"}],"wp:term":[{"taxonomy":"category","embeddable":true,"href":"http:\/\/www.slineamt.ro\/apostolul\/wp-json\/wp\/v2\/categories?post=17437"},{"taxonomy":"post_tag","embeddable":true,"href":"http:\/\/www.slineamt.ro\/apostolul\/wp-json\/wp\/v2\/tags?post=17437"}],"curies":[{"name":"wp","href":"https:\/\/api.w.org\/{rel}","templated":true}]}}