{"id":17482,"date":"2019-09-24T16:13:38","date_gmt":"2019-09-24T16:13:38","guid":{"rendered":"http:\/\/www.slineamt.ro\/apostolul\/?p=17482"},"modified":"2019-09-24T16:13:38","modified_gmt":"2019-09-24T16:13:38","slug":"cand-muzica-lui-enescu-inunda-toamna","status":"publish","type":"post","link":"http:\/\/www.slineamt.ro\/apostolul\/arte-si-meserii-muzica\/cand-muzica-lui-enescu-inunda-toamna\/","title":{"rendered":"C\u00e2nd muzica lui Enescu inund\u0103 toamna"},"content":{"rendered":"\n<div class=\"wp-block-image\"><figure class=\"alignleft is-resized\"><img loading=\"lazy\" decoding=\"async\" src=\"http:\/\/www.slineamt.ro\/apostolul\/wp-content\/uploads\/2019\/09\/21-ap224-foto1.jpg\" alt=\"\" class=\"wp-image-17485\" width=\"307\" height=\"430\" srcset=\"http:\/\/www.slineamt.ro\/apostolul\/wp-content\/uploads\/2019\/09\/21-ap224-foto1.jpg 373w, http:\/\/www.slineamt.ro\/apostolul\/wp-content\/uploads\/2019\/09\/21-ap224-foto1-214x300.jpg 214w, http:\/\/www.slineamt.ro\/apostolul\/wp-content\/uploads\/2019\/09\/21-ap224-foto1-260x364.jpg 260w, http:\/\/www.slineamt.ro\/apostolul\/wp-content\/uploads\/2019\/09\/21-ap224-foto1-160x224.jpg 160w\" sizes=\"auto, (max-width: 307px) 100vw, 307px\" \/><\/figure><\/div>\n\n\n\n<p>Bucure\u015ftiul\nse schimb\u0103 \u00een septembrie. Ora\u015ful cap\u0103t\u0103 alte culori, oamenii poart\u0103 cu ei alte\nemo\u0163ii (dintre cele mai frumoase sau frumos colorate), strada nu mai este at\u00e2t\nde zgomotoas\u0103. Scepticii ar spune c\u0103 impresiile sunt datorate concertelor sus\u0163inute\nde marile orchestre ale lumii sau de marile voci venite special la Bucure\u015fti s\u0103\nc\u00e2nte muzica lui Enescu. Lor le r\u0103spund c\u0103 muzica devine pretext \u015fi c\u0103 \u00een\nastfel de momente realiz\u0103m c\u00e2t de mic este pasul dintre \u201ezgomotul \u015fi furia\nora\u015fului\u201d \u015fi \u201eserenitatea tomnatic\u0103 a capitalei\u201d.<\/p>\n\n\n\n<p>Iubitorii\nmuzicii enesciene \u015fi clasice au vrut s\u0103 prelungeasc\u0103 starea de bine \u015fi s\u0103 o\npoarte cu ei oriunde, a\u015fa se face c\u0103 de la o edi\u0163ie la alta num\u0103rul concertelor\nsus\u0163inute \u00een \u0163ar\u0103 (sub umbrela Festivalului) a crescut, evenimentele culturale\nconexe s-au \u00eenmul\u0163it \u015fi diversificat din punctul de vedere al con\u0163inutului \u00een\nsine. Rezultatul direct? Edi\u0163ia 2019 este, cred, cea mai generoas\u0103 din toate\npunctele de vedere, dar mai cu seam\u0103 din perspectiva evenimentelor culturale\nconexe, cele care vin s\u0103 completeze universul sonor \u015fi s\u0103-i dea culoare \u015fi\ndimensiuni artistice neb\u0103nuite.<\/p>\n\n\n\n<p>Anul acesta,\nunsprezece ora\u015fe din Rom\u00e2nia organizeaz\u0103 concerte \u00een Festivalului Interna\u0163ional\nGeorge Enescu: <strong>Cluj-Napoca<\/strong>, <strong>Timi\u015foara<\/strong>, <strong>Ia\u015fi<\/strong>, <strong>Sibiu<\/strong>, <strong>T\u00e2rgu Mure\u015f<\/strong>, <strong>Bac\u0103u<\/strong>, <strong>B\u00e2rlad<\/strong>, <strong>T\u00e2rgovi\u015fte<\/strong>, <strong>Satu-Mare<\/strong> \u015fi <strong>Piatra-Neam\u0163<\/strong>.<\/p>\n\n\n\n<p>\u00cen 2019,\nFestivalul Interna\u0163ional George Enescu va fi interna\u0163ional \u015fi din punct de\nvedere teritorial. Cu alte cuvinte, vor fi concerte \u00een cinci \u0163\u0103ri \u015fi \u015fapte\nora\u015fe din Europa \u015fi Canada: Germania, Fran\u0163a, Italia, Canada \u015fi Moldova sunt \u0163\u0103rile\nunde iubitorii muzicii lui Enescu \u00ee\u015fi pot da \u00eent\u00e2lnire. Pe 20 septembrie la\nChi\u015fin\u0103u, a avut loc un concert dedicat Festivalului, \u00een viziunea Orchestrei\nFilarmonicii Na\u0163ionale \u201eSerghei Lunchevici\u201d. \u00cen cadrul concertului programat la\nToronto sunt incluse \u00een seria intitulata \u201eTribut lui George Enescu\u201d Toccata din\nSuita pentru pian Op. 10 \u015fi Impromptu concertant. Acela\u015fi Impromptu concertant\nse va auzi \u015fi la Vaughan, pe 15 septembrie. Pe 22 septembrie, violonistul\nAlexandru Tomescu a interpretat tot la Toronto, \u00een cadrul unui program mai\namplu care a inclus \u015fi lucr\u0103ri de Bach, Beethoven, Kriesler sau Piazzolla \u015fi\ncompozi\u0163ia \u201eScripcarul\u201d de George Enescu.<\/p>\n\n\n\n<p>Unul dintre\ncele mai frumoase proiecte muzicale, care vin s\u0103 completeze agenda Festivalului\nInterna\u0163ional George Enescu \u2013 edi\u0163ia 2019 a fost <em>Ora\u015ful c\u00e2nt\u0103<\/em>, un proiect dezvoltat de Programul Na\u0163ional Cantus\nMundi prin Corul Na\u0163ional de Camer\u0103 \u201eMadrigal \u2013 Marin Constantin\u201d, cu sus\u0163inerea\nCBRE Rom\u00e2nia, sub egida Festivalului Interna\u0163ional George Enescu.<\/p>\n\n\n\n<p>Un alt\nproiect foarte interesant, care s-a desf\u0103\u015furat tot \u00een cadrul Festivalului\nInterna\u0163ional George Enescu \u2013 edi\u0163ia 2019, a fost proiectul <em>Muzica de acas\u0103 \u2013 Cum alung\u0103m plictiseala<\/em>\n\u2013 o istorie ilustrat\u0103 a muzicii \u00een via\u0163a rom\u00e2nilor, \u00eencep\u00e2nd cu secolul al\nXIX-lea \u015fi p\u00e2n\u0103 \u00een zilele noastre. Expozi\u0163ia a putut fi v\u0103zut\u0103 la Palatul Su\u0163u\n(Bd. I.C. Br\u0103tianu, nr. 2), \u00eencep\u00e2nd cu data de 15 iulie \u015fi a constituit o\navanpremier\u0103 tematic\u0103 pentru Festivalul Interna\u0163ional George Enescu, edi\u0163ia\n2019. Vizitatorii au putut vedea exponate care ilustreaz\u0103 modul \u00een care se\nasculta muzica la rom\u00e2ni \u00eencep\u00e2nd cu anul 1830, c\u00e2nd \u00eent\u00e2lnirea cu acest gen de\nart\u0103 avea loc, \u00een special, acas\u0103, \u00een spa\u0163iul restr\u00e2ns al protipendadei urbane.\nExpozi\u0163ia <em>Muzica de acas\u0103 \u2013 Cum alung\u0103m\nplictiseala<\/em> va fi accesibil\u0103 publicului pe toat\u0103 durata Festivalului, fiind\nun prilej de a extinde experien\u0163a \u00eent\u00e2lnirii cu muzica dincolo de concertele\ndin s\u0103lile de spectacol.<\/p>\n\n\n\n<p>Pe tot\nparcursul edi\u0163iei de anul acesta, \u00een holul Ateneului Rom\u00e2n au fost expuse cinci\nscrisori inedite scrise de George Enescu. Dar pe l\u00e2ng\u0103 aceast\u0103 oportunitate,\nmai exist\u0103 un proiect dedicat imaginilor lui Enescu. Festivalul Interna\u0163ional\nGeorge Enescu \u015fi Prim\u0103ria Municipiului Bucure\u015fti prin Centrul Cultural Expo\nArte au organizat \u00een premier\u0103 Concursul Na\u0163ional de Art\u0103 intitulat <em>Imaginile lui Enescu<\/em>.<\/p>\n\n\n\n<p>Dup\u0103 cum\nobserva\u0163i, la edi\u0163ia de anul acesta a Festivalului Interna\u0163ional Geoge Enescu\nam avut suficiente ocazii \u015fi spa\u0163ii ca s\u0103 ne \u00eent\u00e2lnim cu creatorii de\nuniversuri sonore, cu muzica marelui compozitor, dar \u015fi a altora, cu alte\ncuvinte am avut nenum\u0103rate prilejuri s\u0103 vedem cum se schimb\u0103 \u00een bine via\u0163a\nBucure\u015ftiului, dar \u015fi a celorlalte ora\u015fe. E unul dintre miile de motive pentru\ncare acest festival trebuie s\u0103 mearg\u0103 mai departe. <em>Lumea \u00een armonie<\/em> este sloganul edi\u0163iei 2019 \u015fi cred c\u0103 la sf\u00e2r\u015fit\nde septembrie vom putea spune c\u0103 nu, nu e doar un vis frumos s\u0103 crezi c\u0103 po\u0163i\nface parte dintr-o astfel de lume. (<strong>N.\nR.<\/strong> Text prelucrat. Sursa ziarul <em>Metropolis<\/em>)<\/p>\n\n\n\n<p>&nbsp;<strong><em>Nona RAPOTAN<\/em><\/strong><\/p>\n","protected":false},"excerpt":{"rendered":"<p>Bucure\u015ftiul se schimb\u0103 \u00een septembrie. Ora\u015ful cap\u0103t\u0103 alte culori, oamenii poart\u0103 cu ei alte emo\u0163ii (dintre cele mai frumoase sau frumos colorate), strada nu mai este at\u00e2t de zgomotoas\u0103. Scepticii ar spune c\u0103 impresiile sunt datorate concertelor sus\u0163inute de marile&hellip;<\/p>\n<p class=\"more-link-p\"><a class=\"more-link\" href=\"http:\/\/www.slineamt.ro\/apostolul\/arte-si-meserii-muzica\/cand-muzica-lui-enescu-inunda-toamna\/\">Read more &rarr;<\/a><\/p>\n","protected":false},"author":1,"featured_media":0,"comment_status":"open","ping_status":"closed","sticky":false,"template":"","format":"standard","meta":{"footnotes":""},"categories":[193,400],"tags":[],"class_list":["post-17482","post","type-post","status-publish","format-standard","hentry","category-arte-si-meserii-muzica","category-numarul-224"],"_links":{"self":[{"href":"http:\/\/www.slineamt.ro\/apostolul\/wp-json\/wp\/v2\/posts\/17482","targetHints":{"allow":["GET"]}}],"collection":[{"href":"http:\/\/www.slineamt.ro\/apostolul\/wp-json\/wp\/v2\/posts"}],"about":[{"href":"http:\/\/www.slineamt.ro\/apostolul\/wp-json\/wp\/v2\/types\/post"}],"author":[{"embeddable":true,"href":"http:\/\/www.slineamt.ro\/apostolul\/wp-json\/wp\/v2\/users\/1"}],"replies":[{"embeddable":true,"href":"http:\/\/www.slineamt.ro\/apostolul\/wp-json\/wp\/v2\/comments?post=17482"}],"version-history":[{"count":1,"href":"http:\/\/www.slineamt.ro\/apostolul\/wp-json\/wp\/v2\/posts\/17482\/revisions"}],"predecessor-version":[{"id":17488,"href":"http:\/\/www.slineamt.ro\/apostolul\/wp-json\/wp\/v2\/posts\/17482\/revisions\/17488"}],"wp:attachment":[{"href":"http:\/\/www.slineamt.ro\/apostolul\/wp-json\/wp\/v2\/media?parent=17482"}],"wp:term":[{"taxonomy":"category","embeddable":true,"href":"http:\/\/www.slineamt.ro\/apostolul\/wp-json\/wp\/v2\/categories?post=17482"},{"taxonomy":"post_tag","embeddable":true,"href":"http:\/\/www.slineamt.ro\/apostolul\/wp-json\/wp\/v2\/tags?post=17482"}],"curies":[{"name":"wp","href":"https:\/\/api.w.org\/{rel}","templated":true}]}}