{"id":17491,"date":"2019-09-24T16:16:15","date_gmt":"2019-09-24T16:16:15","guid":{"rendered":"http:\/\/www.slineamt.ro\/apostolul\/?p=17491"},"modified":"2019-09-24T16:16:15","modified_gmt":"2019-09-24T16:16:15","slug":"comemorari-la-soroca","status":"publish","type":"post","link":"http:\/\/www.slineamt.ro\/apostolul\/lectia-de-istorie\/comemorari-la-soroca\/","title":{"rendered":"Comemor\u0103ri la Soroca"},"content":{"rendered":"\n<div class=\"wp-block-image\"><figure class=\"alignleft is-resized\"><img loading=\"lazy\" decoding=\"async\" src=\"http:\/\/www.slineamt.ro\/apostolul\/wp-content\/uploads\/2019\/09\/20-ap224-foto1.jpg\" alt=\"\" class=\"wp-image-17494\" width=\"486\" height=\"334\" srcset=\"http:\/\/www.slineamt.ro\/apostolul\/wp-content\/uploads\/2019\/09\/20-ap224-foto1.jpg 510w, http:\/\/www.slineamt.ro\/apostolul\/wp-content\/uploads\/2019\/09\/20-ap224-foto1-300x206.jpg 300w, http:\/\/www.slineamt.ro\/apostolul\/wp-content\/uploads\/2019\/09\/20-ap224-foto1-260x179.jpg 260w, http:\/\/www.slineamt.ro\/apostolul\/wp-content\/uploads\/2019\/09\/20-ap224-foto1-160x110.jpg 160w\" sizes=\"auto, (max-width: 486px) 100vw, 486px\" \/><\/figure><\/div>\n\n\n\n<p>\u2022 <strong>\u015etefan cel Mare \u015fi Sf\u00e2nt, 515 ani de\nnemurire<\/strong> <\/p>\n\n\n\n<p>Sute de\nsoroceni, m\u00e2ndri c\u0103 au \u00een localitatea lor o cetate prin care istoria \u00eei leag\u0103\nstr\u00e2ns de numele Domnitorului \u015etefan cel Mare \u015fi Sf\u00e2nt, oameni din alte\nlocalit\u0103\u0163i dar \u015fi fra\u0163i de peste Prut, au venit, \u00eempreun\u0103 cu familiile, \u00een\nseara zilei de 2 iulie, la concertul de <strong>comemorare\na domnitorului<\/strong> neamului nostru, care a avut loc \u00een Cetatea Soroca. <\/p>\n\n\n\n<p>C\u00e2ntece \u015fi\nversuri patriotice, coruri biserice\u015fti, expozi\u0163ii de anvergur\u0103 ale me\u015fterilor\npopulari \u2013 toate acestea au avut loc la comemorarea a 515 ani de la moartea\nmarelui voievod Stefan cel Mare \u015fi Sf\u00e2nt.<\/p>\n\n\n\n<p>&nbsp;\u201eAm invitat aici toat\u0103 lumea de bun\u0103 credin\u0163\u0103,\ns\u0103 ne bucur\u0103m \u00eempreun\u0103 la un spectacol de suflet, un spectacol cre\u015ftin, \u015fi\nrom\u00e2nesc \u00een acela\u015fi timp\u201d, a declarat Preasfin\u0163itul P\u0103rinte Antonie, Episcopul\nde B\u0103l\u0163i, unul dintre organizatorii evenimentului.<\/p>\n\n\n\n<p>Directorul\nmuzeului Cetatea Soroca, Nicolae Bulat, \u015fi-a exprimat bucuria c\u0103 \u201eanul acesta\nau fost mult mai mul\u0163i participan\u0163i \u015fi spectatori dec\u00e2t \u00een anii preceden\u0163i, \u015fi\na fost mult mai inimos, mai de la suflet. Oamenii au venit s\u0103-\u015fi aduc\u0103 aminte\nde marele voievod, de unde venim, de unde ne tragem \u015fi unde mergem\u201d. <\/p>\n\n\n\n<p>Preasfin\u0163itul\nP\u0103rinte Episcop Antonie a promis c\u0103 de acum \u00eencolo acest spectacol va deveni o\ntradi\u0163ie.<\/p>\n\n\n\n<p>\u2022 <strong>Sfin\u0163irea cimitirului din Stoicani<\/strong><\/p>\n\n\n\n<div class=\"wp-block-image\"><figure class=\"alignright is-resized\"><img loading=\"lazy\" decoding=\"async\" src=\"http:\/\/www.slineamt.ro\/apostolul\/wp-content\/uploads\/2019\/09\/20-ap224-foto2.jpg\" alt=\"\" class=\"wp-image-17497\" width=\"449\" height=\"316\" srcset=\"http:\/\/www.slineamt.ro\/apostolul\/wp-content\/uploads\/2019\/09\/20-ap224-foto2.jpg 489w, http:\/\/www.slineamt.ro\/apostolul\/wp-content\/uploads\/2019\/09\/20-ap224-foto2-300x211.jpg 300w, http:\/\/www.slineamt.ro\/apostolul\/wp-content\/uploads\/2019\/09\/20-ap224-foto2-260x183.jpg 260w, http:\/\/www.slineamt.ro\/apostolul\/wp-content\/uploads\/2019\/09\/20-ap224-foto2-160x113.jpg 160w\" sizes=\"auto, (max-width: 449px) 100vw, 449px\" \/><\/figure><\/div>\n\n\n\n<p>\u00cen satul\nStoicani, Soroca, <strong>a fost sfin\u0163it Cimitirul<\/strong>\nunde au fost \u00eenmorm\u00e2nta\u0163i 78 de osta\u015fi rom\u00e2ni c\u0103zu\u0163i \u00een cel de-Al Doilea R\u0103zboi\nMondial, \u00een luptele pentru eliberarea Basarabiei.<\/p>\n\n\n\n<p>Reabilitarea\nCimitirului Osta\u015filor Rom\u00e2ni din Stoicani a fost realizat\u0103 prin eforturile\nderulate de Consiliul Jude\u0163ean Buz\u0103u \u00een comun cu enoria\u015fii Parohiei Ortodoxe\nRom\u00e2ne <em>Sfin\u0163ii Martiri Br\u00e2ncoveni<\/em> din\nora\u015ful Soroca.<\/p>\n\n\n\n<p>Manifestarea\na cuprins un ceremonial religios cu participarea unui sobor de preo\u0163i, condus\nde Preasfin\u0163itul P\u0103rinte Antonie, Episcop al Mitropoliei Basarabiei, depuneri\nde flori la mormintele osta\u015filor rom\u00e2ni, precum \u015fi un scurt program artistic\nsus\u0163inut de elevii din localitate.<\/p>\n\n\n\n<p>\u00cen discursul\nata\u015fatului adjunct al ap\u0103r\u0103rii al Rom\u00e2niei \u00een Republica Moldova, maior Gheorghi\u0163\u0103\nTapalag\u0103, a fost subliniat faptul c\u0103 \u201esfin\u0163irea acestui sf\u00e2nt loca\u015f, \u00een care\n\u00ee\u015fi duc somnul eroii neamului care s-au jertfit pentru viitorul nostru, este\ns\u0103v\u00e2r\u015fit\u0103 \u00een acela\u015fi timp \u00een care Biserica Ortodox\u0103 Rom\u00e2n\u0103 \u00eel cinste\u015fte pe\n\u015etefan cel Mare \u015fi Sf\u00e2nt, cel care a pus biruin\u0163ele ob\u0163inute \u00een luptele purtate\nnu pe seama iscusin\u0163ei sale, ci a voii \u015fi puterii lui Dumnezeu, \u00een acest fel\nconferindu-se respectul cuvenit bravilor osta\u015fi, care au realizat sacrificiul\nsuprem pentru p\u0103m\u00e2ntul str\u0103mo\u015fesc\u201d.<\/p>\n\n\n\n<p><strong><em>Angelina\nBEGU<\/em><\/strong><\/p>\n","protected":false},"excerpt":{"rendered":"<p>\u2022 \u015etefan cel Mare \u015fi Sf\u00e2nt, 515 ani de nemurire Sute de soroceni, m\u00e2ndri c\u0103 au \u00een localitatea lor o cetate prin care istoria \u00eei leag\u0103 str\u00e2ns de numele Domnitorului \u015etefan cel Mare \u015fi Sf\u00e2nt, oameni din alte localit\u0103\u0163i dar&hellip;<\/p>\n<p class=\"more-link-p\"><a class=\"more-link\" href=\"http:\/\/www.slineamt.ro\/apostolul\/lectia-de-istorie\/comemorari-la-soroca\/\">Read more &rarr;<\/a><\/p>\n","protected":false},"author":1,"featured_media":0,"comment_status":"open","ping_status":"closed","sticky":false,"template":"","format":"standard","meta":{"footnotes":""},"categories":[6,400],"tags":[],"class_list":["post-17491","post","type-post","status-publish","format-standard","hentry","category-lectia-de-istorie","category-numarul-224"],"_links":{"self":[{"href":"http:\/\/www.slineamt.ro\/apostolul\/wp-json\/wp\/v2\/posts\/17491","targetHints":{"allow":["GET"]}}],"collection":[{"href":"http:\/\/www.slineamt.ro\/apostolul\/wp-json\/wp\/v2\/posts"}],"about":[{"href":"http:\/\/www.slineamt.ro\/apostolul\/wp-json\/wp\/v2\/types\/post"}],"author":[{"embeddable":true,"href":"http:\/\/www.slineamt.ro\/apostolul\/wp-json\/wp\/v2\/users\/1"}],"replies":[{"embeddable":true,"href":"http:\/\/www.slineamt.ro\/apostolul\/wp-json\/wp\/v2\/comments?post=17491"}],"version-history":[{"count":1,"href":"http:\/\/www.slineamt.ro\/apostolul\/wp-json\/wp\/v2\/posts\/17491\/revisions"}],"predecessor-version":[{"id":17500,"href":"http:\/\/www.slineamt.ro\/apostolul\/wp-json\/wp\/v2\/posts\/17491\/revisions\/17500"}],"wp:attachment":[{"href":"http:\/\/www.slineamt.ro\/apostolul\/wp-json\/wp\/v2\/media?parent=17491"}],"wp:term":[{"taxonomy":"category","embeddable":true,"href":"http:\/\/www.slineamt.ro\/apostolul\/wp-json\/wp\/v2\/categories?post=17491"},{"taxonomy":"post_tag","embeddable":true,"href":"http:\/\/www.slineamt.ro\/apostolul\/wp-json\/wp\/v2\/tags?post=17491"}],"curies":[{"name":"wp","href":"https:\/\/api.w.org\/{rel}","templated":true}]}}