{"id":17512,"date":"2019-09-24T16:19:13","date_gmt":"2019-09-24T16:19:13","guid":{"rendered":"http:\/\/www.slineamt.ro\/apostolul\/?p=17512"},"modified":"2019-09-24T16:19:13","modified_gmt":"2019-09-24T16:19:13","slug":"ion-hadarca-70-de-ani-de-la-nasterea-scriitorului","status":"publish","type":"post","link":"http:\/\/www.slineamt.ro\/apostolul\/arte-si-meseriii\/ion-hadarca-70-de-ani-de-la-nasterea-scriitorului\/","title":{"rendered":"Ion Had\u00e2rc\u0103 \u2013 70 de ani de la na\u015fterea scriitorului"},"content":{"rendered":"\n<div class=\"wp-block-image\"><figure class=\"alignleft\"><img loading=\"lazy\" decoding=\"async\" width=\"318\" height=\"319\" src=\"http:\/\/www.slineamt.ro\/apostolul\/wp-content\/uploads\/2019\/09\/18-ap224-foto1.jpg\" alt=\"\" class=\"wp-image-17515\" srcset=\"http:\/\/www.slineamt.ro\/apostolul\/wp-content\/uploads\/2019\/09\/18-ap224-foto1.jpg 318w, http:\/\/www.slineamt.ro\/apostolul\/wp-content\/uploads\/2019\/09\/18-ap224-foto1-150x150.jpg 150w, http:\/\/www.slineamt.ro\/apostolul\/wp-content\/uploads\/2019\/09\/18-ap224-foto1-300x300.jpg 300w, http:\/\/www.slineamt.ro\/apostolul\/wp-content\/uploads\/2019\/09\/18-ap224-foto1-260x261.jpg 260w, http:\/\/www.slineamt.ro\/apostolul\/wp-content\/uploads\/2019\/09\/18-ap224-foto1-160x161.jpg 160w\" sizes=\"auto, (max-width: 318px) 100vw, 318px\" \/><\/figure><\/div>\n\n\n\n<p><em>Cu sonetele din <\/em>Memoria celulozei<em> \u015fi, mai ales, cu cele din <\/em>Sonetariu<em> se \u00eentorc \u00een lirica lui Ion Had\u00e2rc\u0103 elegia \u015fi erosul, tema departelui\n\u015fi c\u00e2ntecul trist al (pe)trecerii omului. Spre deosebire \u00eens\u0103 de predecesori,\nIon Had\u00e2rc\u0103 merge mai departe, \u00eencerc\u00e2nd o temerar\u0103 \u015fi unic\u0103 experien\u0163\u0103 de\nreformare a sonetului prin absorb\u0163ia metodic\u0103 a rigorilor formei, deconstruc\u0163ia\n\u015fi reasamblarea postmodern\u0103 a arhirigidului construct sonetic\u2026<\/em><\/p>\n\n\n\n<p><strong><em>Ioan HOLBAN<\/em><\/strong><\/p>\n\n\n\n<p>Poet liric\n\u015fi politician de marc\u0103, Ion Had\u00e2rc\u0103 s-a n\u0103scut la 17 august 1949, \u00een comuna\nS\u00e2ngereii Vechi.<\/p>\n\n\n\n<p>Facultatea\nde Filologie a Institutului Pedagogic \u201eIon Creang\u0103\u201d din Chi\u015fin\u0103u (1974);\ndoctorat la Institutul de Limb\u0103 \u015fi Literatur\u0103 al Academiei de \u015etiin\u0163e a\nMoldovei (1978).<\/p>\n\n\n\n<p>De-a lungul\nanilor, a exercitat mai multe func\u0163ii: redactor, apoi \u015fef sec\u0163ie la Editura\n\u201eLiteratura artistic\u0103\u201d, pre\u015fedinte al Cenaclului literar \u201eLuceaf\u0103rul\u201d,\nconsultant literar \u015fi secretar al Comitetului de conducere al Uniunii\nScriitorilor din Moldova, deputat \u00een Congresul deputa\u0163ilor din fosta URSS\n(1989-1991), primul pre\u015fedinte al Frontului Popular din Moldova (1989-1992),\ndeputat (1990-1998) \u015fi prim-vicepre\u015fedinte (1990-1993) \u00een Parlamentul\nRepublicii Moldova, vicepre\u015fedinte (2008-2010), ulterior prim-vicepre\u015fedinte\n(2010- 2013) al Partidului Liberal, din 2013 \u2013 pre\u015fedinte al Partidului Liberal\nReformator. \u00cen prezent este senator \u00een Parlamentul Rom\u00e2niei.<\/p>\n\n\n\n<p>&nbsp;Din 1988 s-a \u00eencadrat activ \u00een mi\u015fcarea de\nrena\u015ftere na\u0163ional\u0103. A condus prima Mare Adunare Na\u0163ional\u0103 din 27 august 1989.\nA contribuit la proclamarea suveranit\u0103\u0163ii \u015fi independen\u0163ei Republicii Moldova.<\/p>\n\n\n\n<p>\u00cen 1977 \u00een\ncolec\u0163ia \u201eDebut\u201d \u00eei apare prima plachet\u0103 de versuri Zilele, prefa\u0163at\u0103 de\ncriticul Mihai Cimpoi. Este autor al volumelor de poezii \u015fi poeme <em>Lut ars<\/em> (1984), <em>Darul vorbirii<\/em> (1985), <em>Ambasadorul\nAtlantidei<\/em> (1996), <em>Helenice<\/em>\n(1998), <em>Albe cet\u0103\u0163ile negre<\/em> (1999), <em>Noimele dup\u0103 Ioan<\/em> (2012), <em>Antene parabolice<\/em> (2013) \u015f. a. Semneaz\u0103,\nde asemenea, volumele de eseuri, discursuri \u015fi interviuri <em>Arena cu iluzii<\/em> (1999), <em>Era\nbarbar\u0103<\/em> (2004), <em>Biblio-Mecca<\/em>\n(2014) \u015f. a.<\/p>\n\n\n\n<p>Ion Had\u00e2rc\u0103\neste \u015fi un str\u0103lucit sonetist, care cultiv\u0103 sonetul modern \u015fi modernizat \u015fi \u00een\ncare \u00eembin\u0103 \u00een mod armonios \u201eslova de foc\u201d cu \u201eslova f\u0103urit\u0103\u201d (vorba lui Tudor\nArghezi). Elocvente \u00een acest sens sunt nu numai sonetele din volumul <em>Dou\u0103 imperii<\/em> (1998), cu mari poten\u0163e\ninovatoare, ci \u015fi multe din sonetele originale din volumul <em>Gheara de fum<\/em> (2007), <em>Sonetariu<\/em>\n(2014) \u015f. a.<\/p>\n\n\n\n<p>S-a impus \u015fi\n\u00een sfera literaturii pentru copii: <em>Noi\u0163ele<\/em>\n(1985), <em>Duminica Mare<\/em> (1999), <em>Povestea Cerbului divin<\/em> (2000), <em>Bunicu\u0163a zbur\u0103toare<\/em> (2002), <em>De ce-i mare soarele<\/em> (2002), <em>Aproape trei cai<\/em> (2003), <em>Artera Zen<\/em> (2006), <em>Gr\u0103uncioare de lumin\u0103<\/em> (2009), <em>Ionu\u0163\ncel Nou-Nou\u0163<\/em> (2009). \u00cen aceste c\u0103r\u0163i \u201escriitorul \u00eembin\u0103 cu iscusin\u0163\u0103\npsihologia copilului cu psihologia maturului, ludicul cu \u00een\u0163elepciunea,\nfantasticul cu realul, propun\u00e2nd copiilor o poezie cult\u0103, net superioar\u0103\n\u201eciripirilor\u201d \u00een spiritul infantil.\u201d (Mihail Dolgan).<\/p>\n\n\n\n<p>Semneaz\u0103\ntraduceri din crea\u0163ia scriitorilor Cervantes, Ch. Baudelaire, M. Aguirre, J.\nMarti, R. Alberti, a scriitorilor ru\u015fi A. Pu\u015fkin, M. Lermontov, S. Esenin, V.\nHlebnikov, A. Ahmatova, S. Mar\u015fak \u015f. a.<\/p>\n\n\n\n<p>Premiul\nrevistei \u201eConvorbiri literare\u201d (2001), Premiul Uniunii Scriitorilor din Moldova\n\u00een 1998, 2002 \u015fi \u00een 2008, Premiul \u201eMihai Eminescu\u201d al Academiei Rom\u00e2ne (2007),\nPremiul pentru Poezie \u201eGrigore Vieru\u201d (2013), Marele Premiu pentru Poezie\n\u201eNichita St\u0103nescu\u201d (2015), Premiul \u201eLucian Blaga\u201d al revistei \u201eVia\u0163a\nBasarabiei\u201d (2017). \u015f.a. (<strong>N.R.<\/strong> \u2013\nText prelucrat dup\u0103 <em>Anivers\u0103ri culturale<\/em>,\n2019, Biblioteca \u201eIon Creang\u0103\u201d, Chi\u015fin\u0103u)<\/p>\n\n\n\n<p><strong><em>Maria HAREA<\/em><\/strong><\/p>\n","protected":false},"excerpt":{"rendered":"<p>Cu sonetele din Memoria celulozei \u015fi, mai ales, cu cele din Sonetariu se \u00eentorc \u00een lirica lui Ion Had\u00e2rc\u0103 elegia \u015fi erosul, tema departelui \u015fi c\u00e2ntecul trist al (pe)trecerii omului. Spre deosebire \u00eens\u0103 de predecesori, Ion Had\u00e2rc\u0103 merge mai departe,&hellip;<\/p>\n<p class=\"more-link-p\"><a class=\"more-link\" href=\"http:\/\/www.slineamt.ro\/apostolul\/arte-si-meseriii\/ion-hadarca-70-de-ani-de-la-nasterea-scriitorului\/\">Read more &rarr;<\/a><\/p>\n","protected":false},"author":1,"featured_media":0,"comment_status":"open","ping_status":"closed","sticky":false,"template":"","format":"standard","meta":{"footnotes":""},"categories":[7,400],"tags":[],"class_list":["post-17512","post","type-post","status-publish","format-standard","hentry","category-arte-si-meseriii","category-numarul-224"],"_links":{"self":[{"href":"http:\/\/www.slineamt.ro\/apostolul\/wp-json\/wp\/v2\/posts\/17512","targetHints":{"allow":["GET"]}}],"collection":[{"href":"http:\/\/www.slineamt.ro\/apostolul\/wp-json\/wp\/v2\/posts"}],"about":[{"href":"http:\/\/www.slineamt.ro\/apostolul\/wp-json\/wp\/v2\/types\/post"}],"author":[{"embeddable":true,"href":"http:\/\/www.slineamt.ro\/apostolul\/wp-json\/wp\/v2\/users\/1"}],"replies":[{"embeddable":true,"href":"http:\/\/www.slineamt.ro\/apostolul\/wp-json\/wp\/v2\/comments?post=17512"}],"version-history":[{"count":1,"href":"http:\/\/www.slineamt.ro\/apostolul\/wp-json\/wp\/v2\/posts\/17512\/revisions"}],"predecessor-version":[{"id":17518,"href":"http:\/\/www.slineamt.ro\/apostolul\/wp-json\/wp\/v2\/posts\/17512\/revisions\/17518"}],"wp:attachment":[{"href":"http:\/\/www.slineamt.ro\/apostolul\/wp-json\/wp\/v2\/media?parent=17512"}],"wp:term":[{"taxonomy":"category","embeddable":true,"href":"http:\/\/www.slineamt.ro\/apostolul\/wp-json\/wp\/v2\/categories?post=17512"},{"taxonomy":"post_tag","embeddable":true,"href":"http:\/\/www.slineamt.ro\/apostolul\/wp-json\/wp\/v2\/tags?post=17512"}],"curies":[{"name":"wp","href":"https:\/\/api.w.org\/{rel}","templated":true}]}}