{"id":17521,"date":"2019-09-24T16:21:15","date_gmt":"2019-09-24T16:21:15","guid":{"rendered":"http:\/\/www.slineamt.ro\/apostolul\/?p=17521"},"modified":"2019-09-24T16:21:15","modified_gmt":"2019-09-24T16:21:15","slug":"festivalul-cultural-al-romanilor-de-pretutindeni","status":"publish","type":"post","link":"http:\/\/www.slineamt.ro\/apostolul\/pasi-spre-europa\/festivalul-cultural-al-romanilor-de-pretutindeni\/","title":{"rendered":"Festivalul Cultural al Rom\u00e2nilor de Pretutindeni"},"content":{"rendered":"\n<div class=\"wp-block-image\"><figure class=\"alignleft is-resized\"><img loading=\"lazy\" decoding=\"async\" src=\"http:\/\/www.slineamt.ro\/apostolul\/wp-content\/uploads\/2019\/09\/17-ap224-foto1.jpg\" alt=\"\" class=\"wp-image-17524\" width=\"459\" height=\"291\" srcset=\"http:\/\/www.slineamt.ro\/apostolul\/wp-content\/uploads\/2019\/09\/17-ap224-foto1.jpg 510w, http:\/\/www.slineamt.ro\/apostolul\/wp-content\/uploads\/2019\/09\/17-ap224-foto1-300x190.jpg 300w, http:\/\/www.slineamt.ro\/apostolul\/wp-content\/uploads\/2019\/09\/17-ap224-foto1-260x165.jpg 260w, http:\/\/www.slineamt.ro\/apostolul\/wp-content\/uploads\/2019\/09\/17-ap224-foto1-160x101.jpg 160w\" sizes=\"auto, (max-width: 459px) 100vw, 459px\" \/><\/figure><\/div>\n\n\n\n<p> <\/p>\n\n\n\n<p>Festivalul\nCultural al Rom\u00e2nilor de Pretutindeni \u015fi-a deschis larg por\u0163ile s\u00e2mb\u0103t\u0103, 14\nseptembrie, la Complexul etno-cultural \u201eVatra\u201d, din raionul Str\u0103\u015feni, \u00eentr-o\nzon\u0103 pitoreasc\u0103 de la poalele Codrilor Moldovei. Acest festival s-a dorit a fi\nun mijloc de comunicare \u015fi solidaritate at\u00e2t \u00eentre genera\u0163ii, c\u00e2t \u015fi \u00eentre\nlocalit\u0103\u0163ile \u00eenfr\u0103\u0163ite din Republica Moldova, Rom\u00e2nia \u015fi Ucraina. <\/p>\n\n\n\n<p>Manifest\u0103rile\ns-au desf\u0103\u015furat timp de dou\u0103 zile pe trei platouri scenice concomitent, astfel\n\u00eenc\u00e2t s\u0103rb\u0103toarea, plin\u0103 de culoare, frumuse\u0163e \u015fi bun\u0103 dispozi\u0163ie, a cuprins\n\u00eentreg spa\u0163iul Complexului \u201eVatra\u201d. <\/p>\n\n\n\n<p>Peste 200 de\ndelega\u0163ii din toat\u0103 Rom\u00e2nia \u015fi Republica Moldova, formate din reprezentan\u0163i ai\nautorit\u0103\u0163ilor locale, colective etno-folclorice, me\u015fteri populari \u015fi buc\u0103tari\niscusi\u0163i, au demonstrat specificul cultural \u015fi tradi\u0163ional al neamului\nrom\u00e2nesc; a fost organizat\u0103 o mare parad\u0103 a portului tradi\u0163ional rom\u00e2nesc din\ntoate jude\u0163ele, municipiile \u015fi ora\u015fele Rom\u00e2niei c\u00e2t \u015fi din raioanele, ora\u015fele\n\u015fi satele Republicii Moldova.<\/p>\n\n\n\n<p>Pe parcursul\nfestivalului au evoluat pe scen\u0103 personalit\u0103\u0163i \u015fi arti\u015fti de renume, precum\nEugen Doga, Florin Piersic, \u201eL\u0103utarii\u201d lui Nicolae Botgros, Fuego, Irina\nLoghin, Subcarpa\u0163ii, Surorile Osoianu.<\/p>\n\n\n\n<p>\u00cen premier\u0103,\n\u00een cadrul evenimentului, a fost organizat\u0103 o reuniune festiv\u0103 a autorit\u0103\u0163ilor\nlocale din Rom\u00e2nia \u015fi Republica Moldova, care au abordat mai multe subiecte de\ninteres comun.<\/p>\n\n\n\n<p>Festivalul\nCultural al Rom\u00e2nilor de Pretutindeni este o continuare a evenimentelor\ndedicate \u00eemplinirii a 100 de ani de la Marea Unire din 1918 \u2013 Centenar-Fest,\norganizat anul trecut de Complexul etno-cultural \u201eVatra\u201d.<\/p>\n\n\n\n<p><strong><em>Angelina\nBEGU<\/em><\/strong><\/p>\n","protected":false},"excerpt":{"rendered":"<p>Festivalul Cultural al Rom\u00e2nilor de Pretutindeni \u015fi-a deschis larg por\u0163ile s\u00e2mb\u0103t\u0103, 14 septembrie, la Complexul etno-cultural \u201eVatra\u201d, din raionul Str\u0103\u015feni, \u00eentr-o zon\u0103 pitoreasc\u0103 de la poalele Codrilor Moldovei. Acest festival s-a dorit a fi un mijloc de comunicare \u015fi solidaritate&hellip;<\/p>\n<p class=\"more-link-p\"><a class=\"more-link\" href=\"http:\/\/www.slineamt.ro\/apostolul\/pasi-spre-europa\/festivalul-cultural-al-romanilor-de-pretutindeni\/\">Read more &rarr;<\/a><\/p>\n","protected":false},"author":1,"featured_media":0,"comment_status":"open","ping_status":"closed","sticky":false,"template":"","format":"standard","meta":{"footnotes":""},"categories":[9,400],"tags":[],"class_list":["post-17521","post","type-post","status-publish","format-standard","hentry","category-pasi-spre-europa","category-numarul-224"],"_links":{"self":[{"href":"http:\/\/www.slineamt.ro\/apostolul\/wp-json\/wp\/v2\/posts\/17521","targetHints":{"allow":["GET"]}}],"collection":[{"href":"http:\/\/www.slineamt.ro\/apostolul\/wp-json\/wp\/v2\/posts"}],"about":[{"href":"http:\/\/www.slineamt.ro\/apostolul\/wp-json\/wp\/v2\/types\/post"}],"author":[{"embeddable":true,"href":"http:\/\/www.slineamt.ro\/apostolul\/wp-json\/wp\/v2\/users\/1"}],"replies":[{"embeddable":true,"href":"http:\/\/www.slineamt.ro\/apostolul\/wp-json\/wp\/v2\/comments?post=17521"}],"version-history":[{"count":1,"href":"http:\/\/www.slineamt.ro\/apostolul\/wp-json\/wp\/v2\/posts\/17521\/revisions"}],"predecessor-version":[{"id":17527,"href":"http:\/\/www.slineamt.ro\/apostolul\/wp-json\/wp\/v2\/posts\/17521\/revisions\/17527"}],"wp:attachment":[{"href":"http:\/\/www.slineamt.ro\/apostolul\/wp-json\/wp\/v2\/media?parent=17521"}],"wp:term":[{"taxonomy":"category","embeddable":true,"href":"http:\/\/www.slineamt.ro\/apostolul\/wp-json\/wp\/v2\/categories?post=17521"},{"taxonomy":"post_tag","embeddable":true,"href":"http:\/\/www.slineamt.ro\/apostolul\/wp-json\/wp\/v2\/tags?post=17521"}],"curies":[{"name":"wp","href":"https:\/\/api.w.org\/{rel}","templated":true}]}}