{"id":17530,"date":"2019-09-24T16:22:50","date_gmt":"2019-09-24T16:22:50","guid":{"rendered":"http:\/\/www.slineamt.ro\/apostolul\/?p=17530"},"modified":"2019-09-24T16:22:50","modified_gmt":"2019-09-24T16:22:50","slug":"relatia-teologie-politica-in-crestinismul-primelor-secole","status":"publish","type":"post","link":"http:\/\/www.slineamt.ro\/apostolul\/nihil-sine-deo\/relatia-teologie-politica-in-crestinismul-primelor-secole\/","title":{"rendered":"Rela\u0163ia teologie &#8211; politic\u0103 \u00een cre\u015ftinismul primelor secole"},"content":{"rendered":"\n<p>Nu putem\ntrece cu vederea cartea semnat\u0103 de Ovidiu Panaite, <em>Studii de teologie istoric\u0103 de la configura\u0163ia istorico-doctrinar\u0103 a\ncre\u015ftinismului primar la redefinirile moderne ale sacrului<\/em>, ap\u0103rut\u0103 la\nEditura Presa Universitar\u0103 Clujean\u0103, Cluj-Napoca, 2019. <\/p>\n\n\n\n<p>Constituit\u0103\nsub forma unui nucleu conceptual, lucrarea cuprinde \u015fase articole \u015ftiin\u0163ifice\ncare acoper\u0103, cronologic \u015fi tematic, subiectul teologiei politice. Aceast\u0103\nsintagm\u0103 face parte din preocup\u0103rile de cercetare ale autorului prin care\nsparge orizontul tautologic evit\u00e2nd cli\u015feele specifice.<\/p>\n\n\n\n<p>Primul\ncapitol, <em>Rolul iudaismului \u015fi al comunit\u0103\u0163ilor\nsiro-aramaice \u00een fizionomia doctrinar\u0103 a cre\u015ftinismului primar<\/em>, ilustreaz\u0103\ndiversitatea \u015fi efervescen\u0163a eterogen\u0103 a primelor decenii cre\u015ftine \u00een contextul\noriginilor iudaice. <\/p>\n\n\n\n<p>Al doilea\ncapitol, <em>Note introductive pentru o\ncontextualizare istoric\u0103 \u015fi cultural\u0103 a cre\u015ftinismului syriac<\/em>, \u00eencearc\u0103\ns\u0103-i introduc\u0103 pe studen\u0163i \u015fi pe cei mai pu\u0163in ini\u0163ia\u0163i \u00een c\u00e2mpul vast \u015fi pu\u0163in\nexplorat al spiritualit\u0103\u0163ii siriace din epoca primar\u0103. <\/p>\n\n\n\n<p><em>Apari\u0163ia \u015fi evolu\u0163ia schismei meletiene \u00een faz\u0103\npreniceean\u0103 (325)<\/em>\nreflect\u0103 situa\u0163ia bisericii egiptene \u00een contextul arianismului \u015fi al crizei\nprovocate de c\u0103tre Meletie al Antiohiei. <\/p>\n\n\n\n<p>Cel de-al\npatrulea capitol al c\u0103r\u0163ii, <em>Perioada\nconstantinian\u0103 ca model al coexisten\u0163ei Stat \u2013 Biseric\u0103 \u2013 excurs asupra\nautorit\u0103\u0163ii \u2013<\/em>, propune o analiz\u0103 a rela\u0163iilor dintre Biseric\u0103 \u015fi stat\n(Imperiu), eviden\u0163iind sensibilitatea discursului specific unor astfel de\nleg\u0103turi. <\/p>\n\n\n\n<p>Urm\u0103torul\nstudiu, <em>Gra\u0163ian \u015fi Teodosie \u00een contextul\nprefacerilor politico-biserice\u015fti la sf\u00e2r\u015fitul secolului IV \u2013 Imperator intram\nEcclesiam, non supra Ecclesiam \u2013<\/em>, continu\u0103 studierea rela\u0163iei dintre\nputerea imperial\u0103 \u015fi cea eclesiastic\u0103 spre finele secolului al IV-lea \u015fi\n\u00eenceputul secolului al V-lea. Av\u00e2ndu-\u015fi originea \u00eentr-un mental echivalent cu\narianismul politic specific primelor secole, politologia imperiului va fi\nmarcat\u0103 de formula Sf\u00e2ntului Ambrozie al Milanului: \u201eImperator intram\nEcclesiam, non supra Ecclesiam\u201d. <\/p>\n\n\n\n<p>\u00cen\nconcluzie, prin <em>Redefinirea sacrului \u015fi\nderivarea exigen\u0163elor misionare contemporane \u2013 avatarurile \u201esacrului\u201d \u015fi ale\n\u201eSacrului\u201d<\/em> \u2013, autorul ne arat\u0103 c\u0103 lumea s-a \u00eendep\u0103rtat de sistemul tradi\u0163ional\nreligios, \u00een special dup\u0103 teoriile pozitiviste ale lui Auguste Comte, care\np\u0103reau c\u0103 ofer\u0103 forma \u015ftiin\u0163ific\u0103 \u00een dezvoltarea omenirii spre o religie a\nviitorului. Face o analiz\u0103 am\u0103nun\u0163it\u0103 a spa\u0163iului cultural european \u00een care s-a\nafirmat secularismul. <\/p>\n\n\n\n<p>Tematica\nabordat\u0103 de autor ilustreaz\u0103 discursul istoric dezvoltat \u00een cre\u015ftinism pornind\nde la recunoa\u015fterea dificult\u0103\u0163ii privind reconstituirea \u00eenceputului Bisericii\nCre\u015ftine \u015fi evolu\u0163ia acesteia \u00een istorie. <\/p>\n\n\n\n<p>Av\u00e2nd \u00een\nvedere faptul c\u0103 lucrarea este publicat\u0103 \u00een format electronic (E-Book), fiind\ndisponibil\u0103 la adresa\nhttp:\/\/www.editura.ubbcluj.ro\/www\/ro\/ebooks\/authors_d.php?ida=1495, o recomand\ntuturor celor interesa\u0163i s\u0103-\u015fi clarifice anumite aspecte privind teologia\npolitic\u0103 \u00een primele secole \u015fi consecin\u0163ele acesteia \u00een definirea sacrului\nast\u0103zi.<\/p>\n\n\n\n<p><strong><em>Prof. dr.\nMihai FLOROAIA<\/em><\/strong><\/p>\n","protected":false},"excerpt":{"rendered":"<p>Nu putem trece cu vederea cartea semnat\u0103 de Ovidiu Panaite, Studii de teologie istoric\u0103 de la configura\u0163ia istorico-doctrinar\u0103 a cre\u015ftinismului primar la redefinirile moderne ale sacrului, ap\u0103rut\u0103 la Editura Presa Universitar\u0103 Clujean\u0103, Cluj-Napoca, 2019. Constituit\u0103 sub forma unui nucleu conceptual,&hellip;<\/p>\n<p class=\"more-link-p\"><a class=\"more-link\" href=\"http:\/\/www.slineamt.ro\/apostolul\/nihil-sine-deo\/relatia-teologie-politica-in-crestinismul-primelor-secole\/\">Read more &rarr;<\/a><\/p>\n","protected":false},"author":1,"featured_media":0,"comment_status":"open","ping_status":"closed","sticky":false,"template":"","format":"standard","meta":{"footnotes":""},"categories":[22,400],"tags":[],"class_list":["post-17530","post","type-post","status-publish","format-standard","hentry","category-nihil-sine-deo","category-numarul-224"],"_links":{"self":[{"href":"http:\/\/www.slineamt.ro\/apostolul\/wp-json\/wp\/v2\/posts\/17530","targetHints":{"allow":["GET"]}}],"collection":[{"href":"http:\/\/www.slineamt.ro\/apostolul\/wp-json\/wp\/v2\/posts"}],"about":[{"href":"http:\/\/www.slineamt.ro\/apostolul\/wp-json\/wp\/v2\/types\/post"}],"author":[{"embeddable":true,"href":"http:\/\/www.slineamt.ro\/apostolul\/wp-json\/wp\/v2\/users\/1"}],"replies":[{"embeddable":true,"href":"http:\/\/www.slineamt.ro\/apostolul\/wp-json\/wp\/v2\/comments?post=17530"}],"version-history":[{"count":1,"href":"http:\/\/www.slineamt.ro\/apostolul\/wp-json\/wp\/v2\/posts\/17530\/revisions"}],"predecessor-version":[{"id":17533,"href":"http:\/\/www.slineamt.ro\/apostolul\/wp-json\/wp\/v2\/posts\/17530\/revisions\/17533"}],"wp:attachment":[{"href":"http:\/\/www.slineamt.ro\/apostolul\/wp-json\/wp\/v2\/media?parent=17530"}],"wp:term":[{"taxonomy":"category","embeddable":true,"href":"http:\/\/www.slineamt.ro\/apostolul\/wp-json\/wp\/v2\/categories?post=17530"},{"taxonomy":"post_tag","embeddable":true,"href":"http:\/\/www.slineamt.ro\/apostolul\/wp-json\/wp\/v2\/tags?post=17530"}],"curies":[{"name":"wp","href":"https:\/\/api.w.org\/{rel}","templated":true}]}}