{"id":17536,"date":"2019-09-24T16:24:12","date_gmt":"2019-09-24T16:24:12","guid":{"rendered":"http:\/\/www.slineamt.ro\/apostolul\/?p=17536"},"modified":"2019-09-24T16:24:28","modified_gmt":"2019-09-24T16:24:28","slug":"apin-lanseaza-proiectul-judetul-neamt-monografie","status":"publish","type":"post","link":"http:\/\/www.slineamt.ro\/apostolul\/scoala-nemteana-la-zi\/apin-lanseaza-proiectul-judetul-neamt-monografie\/","title":{"rendered":"APIN lanseaz\u0103 proiectul \u201eJude\u0163ul Neam\u0163 \u2013 monografie\u201d"},"content":{"rendered":"\n<div class=\"wp-block-image\"><figure class=\"alignleft\"><img loading=\"lazy\" decoding=\"async\" width=\"321\" height=\"454\" src=\"http:\/\/www.slineamt.ro\/apostolul\/wp-content\/uploads\/2019\/09\/15-ap224-foto1.jpg\" alt=\"\" class=\"wp-image-17539\" srcset=\"http:\/\/www.slineamt.ro\/apostolul\/wp-content\/uploads\/2019\/09\/15-ap224-foto1.jpg 321w, http:\/\/www.slineamt.ro\/apostolul\/wp-content\/uploads\/2019\/09\/15-ap224-foto1-212x300.jpg 212w, http:\/\/www.slineamt.ro\/apostolul\/wp-content\/uploads\/2019\/09\/15-ap224-foto1-260x368.jpg 260w, http:\/\/www.slineamt.ro\/apostolul\/wp-content\/uploads\/2019\/09\/15-ap224-foto1-160x226.jpg 160w\" sizes=\"auto, (max-width: 321px) 100vw, 321px\" \/><\/figure><\/div>\n\n\n\n<p>Un proiect\npe care-l dorim cu mare impact asupra locuitorilor jude\u0163ului Neam\u0163 este cel ini\u0163iat\nde Asocia\u0163ia Profesorilor de Istorie din Neam\u0163, sprijinit \u00een ac\u0163iunea sa de\nConsiliul Jude\u0163ean Neam\u0163: \u201eJude\u0163ul Neam\u0163 \u2013 monografie\u201d.<\/p>\n\n\n\n<p>Jude\u0163ul Neam\u0163\neste depozitarul unui valoros tezaur cultural, a unei bogate spiritualit\u0103\u0163i\ncre\u015ftine, a numeroase monumente naturale \u015fi antropice. Cadrul natural cu\npeisaje mirifice este completat de patrimoniul arhitectural, etnografic,\nartistic \u2013 mediul natural \u015fi istoria formeaz\u0103 un fericit meleu. Amintim\nnumeroasele situri arheologice, care atest\u0103 vechimea \u015fi continuitatea locuirii\npe aceste meleaguri, cu artefacte de inestimabil\u0103 valoare, minuni arhitectonice\nde la Evul Mediu \u015fi p\u00e2n\u0103 \u00een prezent, dovezi ale unei deosebite civiliza\u0163ii \u0163\u0103r\u0103ne\u015fti,\nnumeroase ctitorii domne\u015fti, boiere\u015fti sau s\u0103te\u015fti. \u015ei enumerarea ar putea\ncontinua. Cu toate acestea, jude\u0163ul nu beneficiaz\u0103 de existen\u0163a unor solide\nstudii monografice, \u015ftiin\u0163ifice \u015fi de popularizare, cele existente nefiind\nactualizate, f\u0103cute \u00een stil hei-rupist, f\u0103r\u0103 respectarea canoanelor \u015ftiin\u0163ifice\nsau tributare imixtiunii politicului.<\/p>\n\n\n\n<p>APIN propune\nacest proiect dorind punerea \u00een valoare a studiilor realizate \u00een anii preceden\u0163i,\ndar \u015fi o munc\u0103 laborioas\u0103 de cercetare, prin elevi \u015fi profesori, dar, \u00een\nprincipal, printr-o echip\u0103 de cercetare de valoare, format\u0103 din tineri\nuniversitari, originari din Neam\u0163, cercet\u0103tori nem\u0163eni, profesori care\nactiveaz\u0103 \u00een jude\u0163.<\/p>\n\n\n\n<p>Se dore\u015fte\nrealizarea unei monografii vaste, o completare la nivel jude\u0163ean a lucr\u0103rii\n\u201eValea Bistri\u0163ei nem\u0163ene \u2013 monografie\u201d realizat\u0103 \u00een 2016 de geograful Iulian\nS\u0103ndulache \u015fi istoricul Daniel Dieaconu, care se reg\u0103sesc \u015fi \u00een aceast\u0103 echip\u0103.\nProiectul se adreseaz\u0103 elevilor \u015fi profesorilor din \u00eentreg jude\u0163ul Neam\u0163,\nprofesori \u015fi elevi interesa\u0163i de trecutul istoric al acestei regiuni, de\ngeografia, de etnografia din c\u00e2t mai multe localit\u0103\u0163i, at\u00e2t urbane, c\u00e2t mai\nales rurale, devenind un mod de implicare activ\u0103.<\/p>\n\n\n\n<p>Un volum\neste dedicat profesorilor \u015fi elevilor, \u00een care vor fi publicate cele mai\nreu\u015fite micro-monografii sau articole \u015fi studii. Componenta iconografic\u0103 este\nuna foarte important\u0103, at\u00e2t \u00een cadrul monografiei, c\u00e2t \u015fi, bine\u00een\u0163eles, \u00een\nalbumul ce se va edita, con\u0163in\u00e2nd fotografii noi, dar \u015fi de epoc\u0103. Echipa de\nfotografi va fi sub coordonarea lui Iulian S\u0103ndulache, specialist \u00een mijloace\nfoto \u00een geografie, pred\u00e2nd un curs de acest fel la Universitatea din Bucure\u015fti.\nS-au al\u0103turat echipei pre\u015fedinta APIN, prof. Cristiana \u015eoimaru, managerul\nproiectului, prof. drd. Elena Preda, inspector \u015fcolar, asistent manager al\nacestui proiect, prof. drd. Emanuel B\u0103lan, cercet.\u015ft.dr. Corneliu Ciucanu,\nprof. Cristian Vatamanu, prof.dr. C\u0103t\u0103lina S\u0103ndulache, conf.univ.dr. R\u0103zvan\nOprea \u015fi lista este \u00eenc\u0103 deschis\u0103. Sper\u0103m la o conlucrare c\u00e2t mai fericit\u0103 \u015fi\nbenefic\u0103 \u00een folosul acestor lucr\u0103ri \u015fi a celor care le vor folosi ca baz\u0103\npentru ulterioare studii, care, cu siguran\u0163\u0103, vor fi \u015fi mai reu\u015fite\u2026<\/p>\n\n\n\n<p><strong><em>Prof. dr.\nDaniel DIEACONU<\/em><\/strong><\/p>\n","protected":false},"excerpt":{"rendered":"<p>Un proiect pe care-l dorim cu mare impact asupra locuitorilor jude\u0163ului Neam\u0163 este cel ini\u0163iat de Asocia\u0163ia Profesorilor de Istorie din Neam\u0163, sprijinit \u00een ac\u0163iunea sa de Consiliul Jude\u0163ean Neam\u0163: \u201eJude\u0163ul Neam\u0163 \u2013 monografie\u201d. Jude\u0163ul Neam\u0163 este depozitarul unui valoros&hellip;<\/p>\n<p class=\"more-link-p\"><a class=\"more-link\" href=\"http:\/\/www.slineamt.ro\/apostolul\/scoala-nemteana-la-zi\/apin-lanseaza-proiectul-judetul-neamt-monografie\/\">Read more &rarr;<\/a><\/p>\n","protected":false},"author":1,"featured_media":0,"comment_status":"open","ping_status":"closed","sticky":false,"template":"","format":"standard","meta":{"footnotes":""},"categories":[10,400],"tags":[],"class_list":["post-17536","post","type-post","status-publish","format-standard","hentry","category-scoala-nemteana-la-zi","category-numarul-224"],"_links":{"self":[{"href":"http:\/\/www.slineamt.ro\/apostolul\/wp-json\/wp\/v2\/posts\/17536","targetHints":{"allow":["GET"]}}],"collection":[{"href":"http:\/\/www.slineamt.ro\/apostolul\/wp-json\/wp\/v2\/posts"}],"about":[{"href":"http:\/\/www.slineamt.ro\/apostolul\/wp-json\/wp\/v2\/types\/post"}],"author":[{"embeddable":true,"href":"http:\/\/www.slineamt.ro\/apostolul\/wp-json\/wp\/v2\/users\/1"}],"replies":[{"embeddable":true,"href":"http:\/\/www.slineamt.ro\/apostolul\/wp-json\/wp\/v2\/comments?post=17536"}],"version-history":[{"count":2,"href":"http:\/\/www.slineamt.ro\/apostolul\/wp-json\/wp\/v2\/posts\/17536\/revisions"}],"predecessor-version":[{"id":17545,"href":"http:\/\/www.slineamt.ro\/apostolul\/wp-json\/wp\/v2\/posts\/17536\/revisions\/17545"}],"wp:attachment":[{"href":"http:\/\/www.slineamt.ro\/apostolul\/wp-json\/wp\/v2\/media?parent=17536"}],"wp:term":[{"taxonomy":"category","embeddable":true,"href":"http:\/\/www.slineamt.ro\/apostolul\/wp-json\/wp\/v2\/categories?post=17536"},{"taxonomy":"post_tag","embeddable":true,"href":"http:\/\/www.slineamt.ro\/apostolul\/wp-json\/wp\/v2\/tags?post=17536"}],"curies":[{"name":"wp","href":"https:\/\/api.w.org\/{rel}","templated":true}]}}