{"id":17560,"date":"2019-09-24T16:30:20","date_gmt":"2019-09-24T16:30:20","guid":{"rendered":"http:\/\/www.slineamt.ro\/apostolul\/?p=17560"},"modified":"2019-09-24T16:30:20","modified_gmt":"2019-09-24T16:30:20","slug":"profesorul-si-scriitorul-gheorghe-tigau-omul-de-langa-noi","status":"publish","type":"post","link":"http:\/\/www.slineamt.ro\/apostolul\/studii-si-sinteze\/profesorul-si-scriitorul-gheorghe-tigau-omul-de-langa-noi\/","title":{"rendered":"Profesorul \u015fi scriitorul Gheorghe \u0162ig\u0103u \u2013 Omul de l\u00e2ng\u0103 noi"},"content":{"rendered":"\n<div class=\"wp-block-image\"><figure class=\"alignleft\"><img loading=\"lazy\" decoding=\"async\" width=\"263\" height=\"400\" src=\"http:\/\/www.slineamt.ro\/apostolul\/wp-content\/uploads\/2019\/09\/12-ap224-foto1-1.jpg\" alt=\"\" class=\"wp-image-17566\" srcset=\"http:\/\/www.slineamt.ro\/apostolul\/wp-content\/uploads\/2019\/09\/12-ap224-foto1-1.jpg 263w, http:\/\/www.slineamt.ro\/apostolul\/wp-content\/uploads\/2019\/09\/12-ap224-foto1-1-197x300.jpg 197w, http:\/\/www.slineamt.ro\/apostolul\/wp-content\/uploads\/2019\/09\/12-ap224-foto1-1-260x395.jpg 260w, http:\/\/www.slineamt.ro\/apostolul\/wp-content\/uploads\/2019\/09\/12-ap224-foto1-1-160x243.jpg 160w\" sizes=\"auto, (max-width: 263px) 100vw, 263px\" \/><\/figure><\/div>\n\n\n\n<p>Muscelean,\nprin na\u015ftere, \u015fi nem\u0163ean prin adop\u0163ie, profesorul Gheorghe \u0162ig\u0103u a cunoscut\ntoate treptele profesiei de dasc\u0103l: profesor de limba \u015fi literatura rom\u00e2n\u0103 \u00een\n\u00eenv\u0103\u0163\u0103m\u00e2ntul preuniversitar, director al Liceului \u201eMihail Sadoveanu\u201d din Borca\n\u015fi inspector de specialitate, el \u015fi-a oferit inima sa sensibil\u0103 la frumosul\numan \u015fi artistic elevilor, prietenilor, cititorilor, cu asupra de m\u0103sur\u0103.<\/p>\n\n\n\n<p>Patria sa\neste limba rom\u00e2n\u0103 pe care o ap\u0103r\u0103 \u201ecu dragoste de ea, cu dor\u201d, pun\u00e2nd la\nst\u00e2lpul infamiei pe to\u0163i stric\u0103torii de limb\u0103.<\/p>\n\n\n\n<p>Ca scriitor\neste perseverent, diligent, pertinent, consecvent, polivalent \u015fi eminent.<\/p>\n\n\n\n<p>Asemeni lui\nVasile Alecsandri, adun\u0103 gr\u0103un\u0163ele de aur ale crea\u0163iei populare nem\u0163ene de o\ndeosebit\u0103 valoare \u015fi frumuse\u0163e. Volumele sale: \u201e<em>La p\u00e2r\u00e2ul dorului<\/em> \u2013 Literatur\u0103 popular\u0103 de pe Valea Bistri\u0163ei \u015fi din\n\u00eemprejurimi\u201d (Editura ADAN, Piatra- Neam\u0163, 2000), \u201e<em>La f\u00e2nt\u00e2n\u0103, la izvor<\/em> \u2013 Folclor literar nem\u0163ean vechi\u201d (Editura\nADAN, 2008) \u015fi \u201e<em>La p\u00e2r\u00e2ul dorului<\/em> \u2013\nFolclor literar nem\u0163ean\u201d (\u201eCreate Space\u201d, U.S.A., 2017) mi-au \u00eenc\u00e2ntat zilele\n\u015fi nop\u0163ile cu ferestre luminate, spre bucuria inimii \u015fi a min\u0163ii.<\/p>\n\n\n\n<p>Volumul <em>Lecturi pastelate<\/em> (Editura NONA,\nPiatra-Neam\u0163, 2005) \u201eilustreaz\u0103 texte literare clasice cu pictura inspirat\u0103 a\nunor elevi supra dota\u0163i\u201d (Virgil Ardeleanu).<\/p>\n\n\n\n<p>Ca\npublicist, este prezent \u00een ziare \u015fi reviste de cultur\u0103: \u201eCeahl\u0103ul\u201d,\n\u201eApostolul\u201d, \u201eMonitorul de Neam\u0163\u201d, \u201eLa Tazl\u0103u\u201d, \u201eTribuna \u00eenv\u0103\u0163\u0103m\u00e2ntului\u201d,\n\u201eVis\u0103torii\u201d, \u201eAmurg sentimental\u201d \u015f.a.<\/p>\n\n\n\n<p>Vedem, prin\nscrierile sale, pr\u0103pastia tot mai ad\u00e2nc\u0103 dintre oamenii de condei \u015fi\nne\u015ftiutorii de carte dubla\u0163i de incon\u015ftien\u0163ii care pocesc frumoasa \u015fi poetica\nnoastr\u0103 limb\u0103, \u201est\u0103p\u00e2na noastr\u0103\u201d, cum o numea MIHAI EMINESCU, arheul\nspiritualit\u0103\u0163ii rom\u00e2ne\u015fti, cel mai mare geniu poetic al \u0163\u0103rii care st\u0103 al\u0103turi\nde Shakespeare, Dante, Goethe, Hugo etc.<\/p>\n\n\n\n<p>\u201eScriitorii\n\u2013 iat\u0103 adev\u0103rata m\u0103re\u0163ie a umanit\u0103\u0163ii\u201d, spunea, c\u00e2ndva, Samuel Johnson.<\/p>\n\n\n\n<p>Ca scriitor,\nprofesorul Gheorghe \u0162ig\u0103u este excesiv de modest dar, ca orice exces, \u015fi\nmodestia prea mult\u0103 d\u0103uneaz\u0103 grav s\u0103n\u0103t\u0103\u0163ii individului \u015fi societ\u0103\u0163ii, fiindc\u0103\nies \u00een frunte nonvalorile \u00een toate domeniile de activitate: literar, politic,\nartistic.<\/p>\n\n\n\n<p>Gheorghe \u0162ig\u0103u\neste un scriitor excelent, care are talent dar \u015fi caracter, ceea ce unor confra\u0163i\nle lipse\u015fte cu des\u0103v\u00e2r\u015fire. (Se adaug\u0103 volumelor amintite, dou\u0103 c\u0103r\u0163i de teorie\nliterar\u0103 \u015fi monografia Liceului \u201eMihail Sadoveanu\u201d din Borca.)<\/p>\n\n\n\n<p>Recenta sa\ncarte <em>Oameni de l\u00e2ng\u0103 noi<\/em>\n(Piatra-Neam\u0163 \u2013 \u201eCetatea Doamnei\u201d, 2019) o dovede\u015fte cu prisosin\u0163\u0103.<\/p>\n\n\n\n<p>Autorul\ncreioneaz\u0103 din c\u00e2teva tr\u0103s\u0103turi personalit\u0103\u0163i nem\u0163ene din mai multe ramuri:\n\u201eScriitori, jurnali\u015fti, artistici plastici\u201d (20), profesori universitari (3),\n\u00eenv\u0103\u0163\u0103tori (3), profesori preuniversitari (19) \u015fi speciali\u015fti de valoare (14).<\/p>\n\n\n\n<p>O \u201ePostfa\u0163\u0103\u201d\nsemnat\u0103 de scriitorul Virgil Ardeleanu vine \u00een sprijinul celor afirmate la\n\u00eenceputul acestei cronici, anume c\u0103 acest om al \u015fcolii, de l\u00e2ng\u0103 noi, are\nmerite incontestabile \u00een calitatea sa de profesor-scriitor \u00eenzestrat cu har.<\/p>\n\n\n\n<p>Uit\u00e2nd de\nsine, scriitorul Gheorghe \u0162ig\u0103u d\u0103ltuie\u015fte \u00een piatra cuv\u00e2ntului chipuri de\noameni care constituie adev\u0103rate modele pentru t\u00e2n\u0103ra genera\u0163ie c\u0103reia tocmai\nasta \u00eei lipse\u015fte.<\/p>\n\n\n\n<p>\u201e\u015ei din\ncauza aceasta tinerii nu \u015ftiu cum s\u0103 se comporte, cum s\u0103 tr\u0103iasc\u0103. Dar \u015fi p\u0103rin\u0163ii\nsunt de vin\u0103. Ei aplaud\u0103 pornirile copiilor lor. S-a distrus \u015fi satul, care era\nmatricea spiritualit\u0103\u0163ii nea\u00admului, s-a desfiin\u0163at \u015fi familia \u015fi credin\u0163a. Nu\nse poate ca Dumnezeu s\u0103 nu ne pedepseasc\u0103\u201d (Zoe Dumitrescu Bu\u015fulenga).<\/p>\n\n\n\n<p>Scriitorul\nGheorghe \u0162ig\u0103u este alocentrist, ad\u0103ug\u00e2nd importan\u0163\u0103 major\u0103 membrilor\ncolectivit\u0103\u0163ii \u00een care tr\u0103ie\u015fte: \u201eCel ce pentru ob\u015fte se s\u00e2rguie\u015fte pentru sine\nmunce\u015fte, c\u0103 \u015fi el parte din ob\u015fte face\u201d (apud Virgil Mocanu).<\/p>\n\n\n\n<p><em>Omul de l\u00e2ng\u0103 noi<\/em>, Gheorghe \u0162ig\u0103u merit\u0103 pentru asta respectul\n\u015fi fr\u0103\u0163easca noastr\u0103 dragoste.<\/p>\n\n\n\n<p><strong><em>Petru\u015f\nANDREI<\/em><\/strong><\/p>\n","protected":false},"excerpt":{"rendered":"<p>Muscelean, prin na\u015ftere, \u015fi nem\u0163ean prin adop\u0163ie, profesorul Gheorghe \u0162ig\u0103u a cunoscut toate treptele profesiei de dasc\u0103l: profesor de limba \u015fi literatura rom\u00e2n\u0103 \u00een \u00eenv\u0103\u0163\u0103m\u00e2ntul preuniversitar, director al Liceului \u201eMihail Sadoveanu\u201d din Borca \u015fi inspector de specialitate, el \u015fi-a oferit&hellip;<\/p>\n<p class=\"more-link-p\"><a class=\"more-link\" href=\"http:\/\/www.slineamt.ro\/apostolul\/studii-si-sinteze\/profesorul-si-scriitorul-gheorghe-tigau-omul-de-langa-noi\/\">Read more &rarr;<\/a><\/p>\n","protected":false},"author":1,"featured_media":0,"comment_status":"open","ping_status":"closed","sticky":false,"template":"","format":"standard","meta":{"footnotes":""},"categories":[14,400],"tags":[],"class_list":["post-17560","post","type-post","status-publish","format-standard","hentry","category-studii-si-sinteze","category-numarul-224"],"_links":{"self":[{"href":"http:\/\/www.slineamt.ro\/apostolul\/wp-json\/wp\/v2\/posts\/17560","targetHints":{"allow":["GET"]}}],"collection":[{"href":"http:\/\/www.slineamt.ro\/apostolul\/wp-json\/wp\/v2\/posts"}],"about":[{"href":"http:\/\/www.slineamt.ro\/apostolul\/wp-json\/wp\/v2\/types\/post"}],"author":[{"embeddable":true,"href":"http:\/\/www.slineamt.ro\/apostolul\/wp-json\/wp\/v2\/users\/1"}],"replies":[{"embeddable":true,"href":"http:\/\/www.slineamt.ro\/apostolul\/wp-json\/wp\/v2\/comments?post=17560"}],"version-history":[{"count":1,"href":"http:\/\/www.slineamt.ro\/apostolul\/wp-json\/wp\/v2\/posts\/17560\/revisions"}],"predecessor-version":[{"id":17569,"href":"http:\/\/www.slineamt.ro\/apostolul\/wp-json\/wp\/v2\/posts\/17560\/revisions\/17569"}],"wp:attachment":[{"href":"http:\/\/www.slineamt.ro\/apostolul\/wp-json\/wp\/v2\/media?parent=17560"}],"wp:term":[{"taxonomy":"category","embeddable":true,"href":"http:\/\/www.slineamt.ro\/apostolul\/wp-json\/wp\/v2\/categories?post=17560"},{"taxonomy":"post_tag","embeddable":true,"href":"http:\/\/www.slineamt.ro\/apostolul\/wp-json\/wp\/v2\/tags?post=17560"}],"curies":[{"name":"wp","href":"https:\/\/api.w.org\/{rel}","templated":true}]}}