{"id":17581,"date":"2019-09-24T16:34:38","date_gmt":"2019-09-24T16:34:38","guid":{"rendered":"http:\/\/www.slineamt.ro\/apostolul\/?p=17581"},"modified":"2019-09-24T16:38:28","modified_gmt":"2019-09-24T16:38:28","slug":"cu-drag-domnului-profesor","status":"publish","type":"post","link":"http:\/\/www.slineamt.ro\/apostolul\/comemorari\/cu-drag-domnului-profesor\/","title":{"rendered":"Cu drag, Domnului Profesor"},"content":{"rendered":"\n<div class=\"wp-block-image\"><figure class=\"alignleft\"><img loading=\"lazy\" decoding=\"async\" width=\"272\" height=\"425\" src=\"http:\/\/www.slineamt.ro\/apostolul\/wp-content\/uploads\/2019\/09\/10-ap224-foto1.jpg\" alt=\"\" class=\"wp-image-17584\" srcset=\"http:\/\/www.slineamt.ro\/apostolul\/wp-content\/uploads\/2019\/09\/10-ap224-foto1.jpg 272w, http:\/\/www.slineamt.ro\/apostolul\/wp-content\/uploads\/2019\/09\/10-ap224-foto1-192x300.jpg 192w, http:\/\/www.slineamt.ro\/apostolul\/wp-content\/uploads\/2019\/09\/10-ap224-foto1-260x406.jpg 260w, http:\/\/www.slineamt.ro\/apostolul\/wp-content\/uploads\/2019\/09\/10-ap224-foto1-160x250.jpg 160w\" sizes=\"auto, (max-width: 272px) 100vw, 272px\" \/><\/figure><\/div>\n\n\n\n<p><em>Nu te-am cunoscut nici pe malurile Crac\u0103ului, nici la\nNormal\u0103 \u00een anii de \u015fcoal\u0103, ci mai t\u00e2rziu, prin ochii copilului de primar\u0103\nfa\u0163\u0103-n fa\u0163\u0103 cu un profesor lipsit de prejudec\u0103\u0163i, deschis la orice ac\u0163iune dar\n\u015fi la&#8230; reac\u0163iune! Ai l\u0103sat \u00een urm\u0103 tihna Bicazului, abia devenit or\u0103\u015fel,\npentru a ajunge diriginte de&#8230; \u015fantier dar \u015fi aproape director la noua \u015ecoal\u0103\nnr. 3, urma\u015fa \u015fcolii evreie\u015fti. Nuiaua, rigla \u015fi alte mici \u201einstrumente\u201d\nnecesare corec\u0163iilor aplicate, cu bun\u0103voin\u0163\u0103, n\u0103zdr\u0103vanilor de noi, le erau\ntovar\u0103\u015fe z\u00e2mbetul t\u0103u \u015f\u0103galnic \u015fi vorbele pline de umor care ajutau la\n\u015ftergerea \u201econflictului\u201d \u015fi apropierea elevilor de profesori, anticip\u00e2nd\ndictonul anilor 2000: \u015fcoala pentru m\u0103ria sa elevul! <\/em><\/p>\n\n\n\n<p><em>N-am avut norocul s\u0103 te am profesor pentru c\u0103 \u201eC-ul\u201d nu\nera prima clas\u0103, dar a avut \u015fi ea profesori buni, dar&#8230; \u015fi elevi silitori! Ai\ncontribuit, \u00een stilul propriu, la efortul colectiv de formare al multor\ngenera\u0163ii de copii buni \u015fi nu pu\u0163ini am fost cei care te-am condus pe drumul\nlini\u015ftii, cu lacrimi \u00een ochi! Am mers \u00eempreun\u0103 \u00een excursii, la \u201e\u015etafeta\nMun\u0163ilor\u201d \u015fi mai ales pe Ceahl\u0103u \u00een anii gri c\u00e2nd c\u0103utam recorduri \u00een num\u0103rul\ndrume\u0163iilor la muntele nostru sf\u00e2nt. Mi-ai d\u0103ruit primele numere din colec\u0163ia\n\u201eMun\u0163ii no\u015ftri\u201d pierdute datorit\u0103 serviciului militar. <\/em><\/p>\n\n\n\n<p><em>Anii au trecut \u015fi lan\u0163ul amici\u0163iei s-a extins prin\nrela\u0163ia p\u0103rinte-elev-profesor. Sub \u00eendrumarea ta copiii no\u015ftri au mers \u00een\nexcursii dar \u015fi \u00een tabere pentru deschiderea min\u0163ii! Te-ai pensionat \u015fi ai\nc\u00e2\u015ftigat timp pentru tine \u2013 20 de ani \u00een care te-ai remarcat, ca un bun\norganizator \u00een diverse domenii, perform\u00e2nd \u015fi d\u0103ruind din experien\u0163a ta celor din\njur. \u0162i-am fost ghid \u00een prima \u00eent\u00e2lnire cu Basarabia \u015fi oamenii s\u0103i buni \u015fi\nfrumo\u015fi. R\u00e2deai \u015fi te distrai \u00een lungile discu\u0163ii de la eroi, \u00eenv\u0103\u0163\u0103tori \u015fi de\nla alte multe comisii \u015fi asocia\u0163ii unde erai implicat. Am \u00eenv\u0103\u0163at de la tine ce\n\u00eenseamn\u0103 tenacitatea, bun\u0103tatea dar \u015fi tactul, diploma\u0163ia, jocul strategic\npentru atingerea \u0163elului. <\/em><\/p>\n\n\n\n<p><em>\u0162i-ai iubit familia, \u00ee\u0163i adorai nepoata, pre\u0163uiai munca\n\u015fi pe cei merituo\u015fi, dar erai activ \u015fi la distrac\u0163ie! Erai recunosc\u0103tor celor\nce au contribuit la formarea ta! Ai avut realiz\u0103ri \u015fi recunoa\u015ftere din partea\ncolegilor dar \u015fi a celor din administra\u0163ie. Ai fost v\u00e2n\u0103tor, apicultor,\ncolec\u0163ionar, \u00eenv\u0103\u0163\u0103tor \u015fi predicator! Ai \u015ftiut s\u0103 d\u0103ruie\u015fti! <\/em><\/p>\n\n\n\n<p><em>\u015ei vreo dou\u0103 regrete: nu ai fost sprijinit \u015fi nu ai\nreu\u015fit s\u0103 aduci \u201eacas\u0103\u201d \u015fi Vila Denisa \u2013 casa de la mare cump\u0103rat\u0103 prin efortul\nunor cadre didactice (de\u015fi ai contribuit la ob\u0163inerea altor spa\u0163ii ale\ndasc\u0103lilor pietreni). Ai avut, meritat, gard\u0103 de onoare \u015fi, pentru lucrurile\nbune \u015fi trainice realizate, pentru mine e\u015fti Cet\u0103\u0163ean de Onoare al ora\u015fului\nPiatra-Neam\u0163! <\/em><\/p>\n\n\n\n<p><em>Drum luminos domule profesor Gheorghe Amaicei, alias\nB\u0103dia Ghi\u0163\u0103!<\/em> <\/p>\n\n\n\n<p><strong><em>Viorel\nNICOLAU<\/em><\/strong><\/p>\n","protected":false},"excerpt":{"rendered":"<p>Nu te-am cunoscut nici pe malurile Crac\u0103ului, nici la Normal\u0103 \u00een anii de \u015fcoal\u0103, ci mai t\u00e2rziu, prin ochii copilului de primar\u0103 fa\u0163\u0103-n fa\u0163\u0103 cu un profesor lipsit de prejudec\u0103\u0163i, deschis la orice ac\u0163iune dar \u015fi la&#8230; reac\u0163iune! Ai l\u0103sat&hellip;<\/p>\n<p class=\"more-link-p\"><a class=\"more-link\" href=\"http:\/\/www.slineamt.ro\/apostolul\/comemorari\/cu-drag-domnului-profesor\/\">Read more &rarr;<\/a><\/p>\n","protected":false},"author":1,"featured_media":0,"comment_status":"open","ping_status":"closed","sticky":false,"template":"","format":"standard","meta":{"footnotes":""},"categories":[5,400],"tags":[],"class_list":["post-17581","post","type-post","status-publish","format-standard","hentry","category-comemorari","category-numarul-224"],"_links":{"self":[{"href":"http:\/\/www.slineamt.ro\/apostolul\/wp-json\/wp\/v2\/posts\/17581","targetHints":{"allow":["GET"]}}],"collection":[{"href":"http:\/\/www.slineamt.ro\/apostolul\/wp-json\/wp\/v2\/posts"}],"about":[{"href":"http:\/\/www.slineamt.ro\/apostolul\/wp-json\/wp\/v2\/types\/post"}],"author":[{"embeddable":true,"href":"http:\/\/www.slineamt.ro\/apostolul\/wp-json\/wp\/v2\/users\/1"}],"replies":[{"embeddable":true,"href":"http:\/\/www.slineamt.ro\/apostolul\/wp-json\/wp\/v2\/comments?post=17581"}],"version-history":[{"count":1,"href":"http:\/\/www.slineamt.ro\/apostolul\/wp-json\/wp\/v2\/posts\/17581\/revisions"}],"predecessor-version":[{"id":17587,"href":"http:\/\/www.slineamt.ro\/apostolul\/wp-json\/wp\/v2\/posts\/17581\/revisions\/17587"}],"wp:attachment":[{"href":"http:\/\/www.slineamt.ro\/apostolul\/wp-json\/wp\/v2\/media?parent=17581"}],"wp:term":[{"taxonomy":"category","embeddable":true,"href":"http:\/\/www.slineamt.ro\/apostolul\/wp-json\/wp\/v2\/categories?post=17581"},{"taxonomy":"post_tag","embeddable":true,"href":"http:\/\/www.slineamt.ro\/apostolul\/wp-json\/wp\/v2\/tags?post=17581"}],"curies":[{"name":"wp","href":"https:\/\/api.w.org\/{rel}","templated":true}]}}