{"id":17590,"date":"2019-09-24T16:36:54","date_gmt":"2019-09-24T16:36:54","guid":{"rendered":"http:\/\/www.slineamt.ro\/apostolul\/?p=17590"},"modified":"2019-09-24T16:36:54","modified_gmt":"2019-09-24T16:36:54","slug":"dragul-nostru-profesor-si-prieten-gheorghe-amaicei","status":"publish","type":"post","link":"http:\/\/www.slineamt.ro\/apostolul\/comemorari\/dragul-nostru-profesor-si-prieten-gheorghe-amaicei\/","title":{"rendered":"Dragul nostru profesor \u015fi prieten Gheorghe Amaicei,"},"content":{"rendered":"\n<div class=\"wp-block-image\"><figure class=\"alignleft\"><img loading=\"lazy\" decoding=\"async\" width=\"333\" height=\"392\" src=\"http:\/\/www.slineamt.ro\/apostolul\/wp-content\/uploads\/2019\/09\/09-ap224-foto1-1.jpg\" alt=\"\" class=\"wp-image-17596\" srcset=\"http:\/\/www.slineamt.ro\/apostolul\/wp-content\/uploads\/2019\/09\/09-ap224-foto1-1.jpg 333w, http:\/\/www.slineamt.ro\/apostolul\/wp-content\/uploads\/2019\/09\/09-ap224-foto1-1-255x300.jpg 255w, http:\/\/www.slineamt.ro\/apostolul\/wp-content\/uploads\/2019\/09\/09-ap224-foto1-1-260x306.jpg 260w, http:\/\/www.slineamt.ro\/apostolul\/wp-content\/uploads\/2019\/09\/09-ap224-foto1-1-160x188.jpg 160w\" sizes=\"auto, (max-width: 333px) 100vw, 333px\" \/><\/figure><\/div>\n\n\n\n<p>Ast\u0103zi,\naici, \u00een cimitir, la desp\u0103r\u0163irea noastr\u0103, am convingerea c\u0103 sufletul\ndumneavoastr\u0103 ne prive\u015fte \u015fi ne ascult\u0103, \u015fi pentru asta vreau s\u0103 v\u0103 vorbesc \u00een\nmod direct.<\/p>\n\n\n\n<p>Acum un an,\nla trecerea \u00een via\u0163a de dincolo a altui minunat profesor, Paul Vasiliu, a\u0163i\nvenit la mine \u015fi mi-a\u0163i spus \u201eM\u0103i Dane, s\u0103 vorbe\u015fti \u015fi la \u00eenmorm\u00e2ntarea mea!\u201d.\nAm aprobat atunci, z\u00e2mbind, crez\u00e2nd c\u0103 este o glum\u0103. Dar iat\u0103 c\u0103 ast\u0103zi este\nnevoie s\u0103 fac ceea ce m-a\u0163i rugat. <\/p>\n\n\n\n<p>Pentru c\u0103\np\u00e2n\u0103 acum, c\u00e2t a\u0163i fost printre noi, n-am avut nici curajul \u015fi poate nici\nprilejul s\u0103 v\u0103 spun ceea ce \u00eensemna\u0163i pentru mine \u015fi pentru mul\u0163i al\u0163i semeni\ncare v\u0103 admir\u0103, vreau s\u0103 v\u0103 fac acum c\u00e2teva m\u0103rturisiri.<\/p>\n\n\n\n<p>Credin\u0163a mea\neste c\u0103 prin ceea ce a\u0163i f\u0103cut \u00een bogata \u015fi frumoasa dumneavoastr\u0103 via\u0163\u0103, a\u0163i\nfost un mare dasc\u0103l de neam \u015fi un admirabil exemplu de om de omenie. <\/p>\n\n\n\n<p>\u015etiu c\u0103\nproveni\u0163i dintr-o mare \u015fi puternic\u0103 familie din Crac\u0103ul Negru \u015fi era\u0163i tare\nm\u00e2ndru de satul natal. Un bun prieten \u00ee\u015fi aminte\u015fte c\u0103, fiind mic, c\u00e2nd v\u0103\nvedea c\u0103 intra\u0163i \u00een Crac\u0103ul Negru, dumneavoastr\u0103, un foarte pre\u0163uit profesor de\nmatematic\u0103, al\u0103turi de distinsa \u015fi frumoasa dumneavoastr\u0103 so\u0163ie, valoroas\u0103\nprofesoar\u0103 de limba \u015fi literatura rom\u00e2n\u0103, am\u00e2ndoi tineri, frumo\u015fi \u015fi elegan\u0163i,\ns\u0103tenii v\u0103 primeau ca pe ni\u015fte prin\u0163i, cu mare respect \u015fi recuno\u015ftin\u0163\u0103. <\/p>\n\n\n\n<p>Cunosc, din\nsurse directe, c\u0103 a\u0163i ajutat pe mul\u0163i copii iste\u0163i din Crac\u0103ul Negru. C\u00e2nd\najungea\u0163i \u00een sat, avea\u0163i obiceiul s\u0103-i \u00eentreba\u0163i pe cei pe care-i \u00eent\u00e2lnea\u0163i,\ndac\u0103 \u015ftiu tabla \u00eenmul\u0163irii ori s\u0103 le da\u0163i probleme de matematic\u0103; iar c\u00e2nd \u00eel\ndescoperea\u0163i pe cel care r\u0103spundea corect \u015fi era iste\u0163 \u00eei \u015fi spunea\u0163i: \u201eM\u0103i\n&#8230;, e\u015fti de\u015ftept, hai la \u015fcoal\u0103 la Piatra-Neam\u0163, ca s\u0103 \u00eenve\u0163i carte \u015fi s\u0103\najungi cineva \u00een via\u0163\u0103!\u02ee Apoi trecea\u0163i la sf\u0103tuirea p\u0103rin\u0163ilor acelui copil\npentru a vi-l l\u0103sa s\u0103 v\u0103 ocupa\u0163i de preg\u0103tirea \u015fi viitorul lui. Cu lacrimi \u00een\nochi, o mare personalitate din ora\u015ful nostru, mi-a povestit c\u00e2t de mult v\u0103\ndatoreaz\u0103 pentru cariera sa str\u0103lucitoare. A fost un copil s\u0103rac \u015fi f\u0103r\u0103 nici\nun fel de perspective de viitor \u00een Crac\u0103ul Negru, dar care a avut marea \u015fans\u0103\ns\u0103 v\u0103 \u00eent\u00e2lneasc\u0103 \u015fi de care v-a\u0163i ocupat cu dragoste p\u0103rinteasc\u0103 \u015fi c\u0103ruia i-a\u0163i\ncreat un mare viitor. Un alt om recunosc\u0103tor, de mare reu\u015fit\u0103 \u00een via\u0163\u0103, \u00eemi\npovestea cum l-a\u0163i \u0163inut \u00een gazd\u0103, un an de zile, pentru a urma liceul, de\u015fi\nlocuia\u0163i \u00eempreun\u0103 cu so\u0163ia \u00eentr-o garsonier\u0103. Dar c\u00e2\u0163i or mai fi fost ca ace\u015fti\nnoroco\u015fi, care au \u00eent\u00e2lnit \u00een via\u0163\u0103 un om at\u00e2t de generos, ca dumneavoastr\u0103! <\/p>\n\n\n\n<p>Mai \u015ftiu c\u0103\na\u0163i fost un foarte mare profesor de matematic\u0103 \u015fi director, \u00een Piatra-Neam\u0163, \u015fi\na\u0163i s\u0103dit mult\u0103 \u015ftiin\u0163\u0103 \u015fi iubire \u00een mintea \u015fi sufletul a foarte mul\u0163i fo\u015fti\nelevi.<\/p>\n\n\n\n<p>A\u0163i avut\nmulte \u015fi frumoase pasiuni, precum v\u00e2n\u0103toarea, fotografia, numismatica \u015fi\naltele&#8230; Cine nu \u015ftia, cu ani \u00een urm\u0103, de vestitul v\u00e2n\u0103tor Ghi\u0163\u0103 Amaicei!<\/p>\n\n\n\n<p>Cel mai mult\nv-am cunoscut iubirea fa\u0163\u0103 de dasc\u0103lii de la catedr\u0103, \u00eenv\u0103\u0163\u0103torii, fiind\ndumneavoastr\u0103 \u00een\u015fiv\u0103 absolvent al unei prestigioase \u015fcoli pedagogice de \u00eenv\u0103\u0163\u0103tori.\nDup\u0103 Revolu\u0163ia din 1989 v-a\u0163i luptat cu mult\u0103 d\u0103ruire pentru a ob\u0163ine propriet\u0103\u0163i\n\u015fi alte drepturi ale \u00eenv\u0103\u0163\u0103torilor, dob\u00e2ndite de \u00eenainta\u015fi, \u00een perioada interbelic\u0103.\nA\u0163i re\u00eenfiin\u0163at Asocia\u0163ia \u00cenv\u0103\u0163\u0103torilor din Jude\u0163ul Neam\u0163 \u015fi a\u0163i muncit cu\ntoat\u0103 puterea \u015fi cu pasiune pentru afirmarea acestei asocia\u0163ii. Dup\u0103 mul\u0163i ani\nde conducere a Asocia\u0163iei \u00cenv\u0103\u0163\u0103torilor, m-a\u0163i rugat s\u0103 preiau conducerea\nacesteia, dar, din motive copil\u0103re\u015fti, am refuzat. Acum \u00eemi pare r\u0103u c\u0103 nu v-am\ncontinuat generoasa munc\u0103 pentru binele colegilor no\u015ftri.<\/p>\n\n\n\n<p>A\u0163i cl\u0103dit o\nfamilie minunat\u0103, \u00een care a\u0163i s\u0103dit mult\u0103 iubire \u015fi respect, pentru pre\u0163uita\ndumneavoastr\u0103 so\u0163ie, doamna Virginica, pentru iubita fiic\u0103, Lenu\u0163a, pentru\nginerele drag, Cornel \u015fi, mai ales, pentru prin\u0163esa cea mic\u0103, draga\ndumneavoastr\u0103 nepoat\u0103, Iustina.<\/p>\n\n\n\n<p>A\u015fa cum ne-a\u0163i\niubit pe cei care v-am fost \u00een preajm\u0103, fiindu-ne un mare mentor, v\u0103 rug\u0103m ca\n\u015fi de acolo de sus, s\u0103 ne veghea\u0163i, s\u0103 ne fi\u0163i ghid spiritual, s\u0103 ne inspira\u0163i\natunci c\u00e2nd ne e greu, pentru c\u0103 sunt sigur c\u0103, prin minunata via\u0163\u0103 pe care a\u0163i\ndus-o aici, pe P\u0103m\u00e2nt, v-a\u0163i c\u0103p\u0103tat un loc de cinste \u015fi acolo, \u00een Cer!<\/p>\n\n\n\n<p>Bunul\nDumnezeu s\u0103 v\u0103 ierte inerente p\u0103cate lume\u015fti \u015fi s\u0103 v\u0103 aib\u0103 \u00een paza sa minunat\u0103!\n<\/p>\n\n\n\n<p>Adio,\ndomnule profesor \u015fi prieten, Gheorghe Amaicei!<\/p>\n\n\n\n<p>Cu mult\u0103 pre\u0163uire,<\/p>\n\n\n\n<p><strong><em>Dan\nAGRIGOROAE<\/em><\/strong><\/p>\n\n\n\n<p>Piatra-Neam\u0163,\n5 septembrie 2019<\/p>\n","protected":false},"excerpt":{"rendered":"<p>Ast\u0103zi, aici, \u00een cimitir, la desp\u0103r\u0163irea noastr\u0103, am convingerea c\u0103 sufletul dumneavoastr\u0103 ne prive\u015fte \u015fi ne ascult\u0103, \u015fi pentru asta vreau s\u0103 v\u0103 vorbesc \u00een mod direct. Acum un an, la trecerea \u00een via\u0163a de dincolo a altui minunat profesor,&hellip;<\/p>\n<p class=\"more-link-p\"><a class=\"more-link\" href=\"http:\/\/www.slineamt.ro\/apostolul\/comemorari\/dragul-nostru-profesor-si-prieten-gheorghe-amaicei\/\">Read more &rarr;<\/a><\/p>\n","protected":false},"author":1,"featured_media":0,"comment_status":"open","ping_status":"closed","sticky":false,"template":"","format":"standard","meta":{"footnotes":""},"categories":[5,400],"tags":[],"class_list":["post-17590","post","type-post","status-publish","format-standard","hentry","category-comemorari","category-numarul-224"],"_links":{"self":[{"href":"http:\/\/www.slineamt.ro\/apostolul\/wp-json\/wp\/v2\/posts\/17590","targetHints":{"allow":["GET"]}}],"collection":[{"href":"http:\/\/www.slineamt.ro\/apostolul\/wp-json\/wp\/v2\/posts"}],"about":[{"href":"http:\/\/www.slineamt.ro\/apostolul\/wp-json\/wp\/v2\/types\/post"}],"author":[{"embeddable":true,"href":"http:\/\/www.slineamt.ro\/apostolul\/wp-json\/wp\/v2\/users\/1"}],"replies":[{"embeddable":true,"href":"http:\/\/www.slineamt.ro\/apostolul\/wp-json\/wp\/v2\/comments?post=17590"}],"version-history":[{"count":1,"href":"http:\/\/www.slineamt.ro\/apostolul\/wp-json\/wp\/v2\/posts\/17590\/revisions"}],"predecessor-version":[{"id":17599,"href":"http:\/\/www.slineamt.ro\/apostolul\/wp-json\/wp\/v2\/posts\/17590\/revisions\/17599"}],"wp:attachment":[{"href":"http:\/\/www.slineamt.ro\/apostolul\/wp-json\/wp\/v2\/media?parent=17590"}],"wp:term":[{"taxonomy":"category","embeddable":true,"href":"http:\/\/www.slineamt.ro\/apostolul\/wp-json\/wp\/v2\/categories?post=17590"},{"taxonomy":"post_tag","embeddable":true,"href":"http:\/\/www.slineamt.ro\/apostolul\/wp-json\/wp\/v2\/tags?post=17590"}],"curies":[{"name":"wp","href":"https:\/\/api.w.org\/{rel}","templated":true}]}}