{"id":17612,"date":"2019-09-24T16:40:43","date_gmt":"2019-09-24T16:40:43","guid":{"rendered":"http:\/\/www.slineamt.ro\/apostolul\/?p=17612"},"modified":"2019-09-24T16:40:43","modified_gmt":"2019-09-24T16:40:43","slug":"in-memoriam-catalina-buzoianu","status":"publish","type":"post","link":"http:\/\/www.slineamt.ro\/apostolul\/comemorari\/in-memoriam-catalina-buzoianu\/","title":{"rendered":"In memoriam C\u0102T\u0102LINA BUZOIANU"},"content":{"rendered":"\n<div class=\"wp-block-image\"><figure class=\"alignleft\"><img loading=\"lazy\" decoding=\"async\" width=\"326\" height=\"489\" src=\"https:\/\/www.slineamt.ro\/apostolul\/wp-content\/uploads\/2019\/09\/07-ap224-foto1.jpg\" alt=\"\" class=\"wp-image-17615\" srcset=\"http:\/\/www.slineamt.ro\/apostolul\/wp-content\/uploads\/2019\/09\/07-ap224-foto1.jpg 326w, http:\/\/www.slineamt.ro\/apostolul\/wp-content\/uploads\/2019\/09\/07-ap224-foto1-200x300.jpg 200w, http:\/\/www.slineamt.ro\/apostolul\/wp-content\/uploads\/2019\/09\/07-ap224-foto1-260x390.jpg 260w, http:\/\/www.slineamt.ro\/apostolul\/wp-content\/uploads\/2019\/09\/07-ap224-foto1-160x240.jpg 160w\" sizes=\"auto, (max-width: 326px) 100vw, 326px\" \/><\/figure><\/div>\n\n\n\n<p>(13 aprilie\n1938 \u2013 3 august 2019)<\/p>\n\n\n\n<p>A cucerit\nculmi pe t\u0103r\u00e2mul artei teatrale, suport fiindu-i credin\u0163a \u00een profesiunea pe\ncare \u015fi-a ales-o \u015fi c\u0103reia i s-a dedicat zeci de ani. A creat peste 100 de\nspecta\u00adcole mari \u2013 amprente pe memoria publicului. A cugetat asupra teatrului\nprin comunic\u0103ri, conferin\u0163e, ateliere, dialoguri, sus\u0163inute aici \u015fi \u00een diverse \u0163\u0103ri,\ndar \u015fi l\u0103s\u00e2nd \u00een volum buc\u0103\u0163i de \u201efile \u00eeng\u0103lbenite\u201d din caietele sale de regie,\nde \u201efile albe pentru viitor\u201d, descriind totodat\u0103 \u201eitinerarii teatrale\u201d sau\naduc\u00e2nd \u201eomagii\u201d oamenilor din via\u0163a sa. A scris fascinant despre teatru,\ndespre zeii lui, despre muze. A descoperit arti\u015fti \u2013 fie c\u0103 i-a c\u0103utat, fie c\u0103\ni-a g\u0103sit \u00eent\u00e2mpl\u0103tor; pe mul\u0163i i-a format, cu mul\u0163i a mers p\u00e2n\u0103 la r\u0103scruci de\ndrumuri. A \u00eenv\u0103\u0163at de la unii \u015fi i-a \u00eenv\u0103\u0163at pe al\u0163ii. Erudi\u0163ia ei\n\u00eenmagazineaz\u0103 tezaure ce \u0163in de aceast\u0103 art\u0103 considerat\u0103 efemer\u0103\u2026<\/p>\n\n\n\n<p>Dup\u0103\nabsolvirea Facult\u0103\u0163ii de Teatru a lucrat la Ia\u015fi, la Na\u0163ional, unde, dup\u0103 cum\nm\u0103rturisea, a fost foarte fericit\u0103, c\u0103ci \u201eam f\u0103cut multe spectacole, unele\nincredibile, printre care \u015fi \u00abBolnavul \u00eenchipuit\u00bb sau \u00abIstoria ieroglific\u0103\u00bb\u201d.\nApoi a plecat la Bucure\u015fti, unde a montat la Teatrul Bulandra, la Teatrul Mic,\ndedic\u00e2ndu-se \u015fi pedagogiei la Institutul de Teatru \u015fi Film, \u015fcoala \u00een care a\nr\u0103mas vreo trei decenii.<\/p>\n\n\n\n<p>A l\u0103sat urme\nfrumoase \u015fi la Studioul Casandra: \u00een 1979, a pus \u00een scen\u0103, cu studen\u0163ii, \u201eRomeo\n\u015fi Julieta\u201d de Shakespeare, cu Adrian Pintea \u015fi Mariana Buruian\u0103. Acel\nspectacol s-a jucat \u00een Anglia la un festival, iar dup\u0103 reprezenta\u0163ie Pintea a\nfost dus de public pe bra\u0163e, de la teatru p\u00e2n\u0103 la hotel.<\/p>\n\n\n\n<p>Cu totul\nspecial\u0103 pentru C\u0103t\u0103lina Buzoianu a fost \u201eepoca\u201d Teatrul Mic. \u00centre 1979 \u015fi\n1985, \u00een calitate de prim-regizor permanent, a \u00eenregistrat aici succese\nremarcabile: \u201eS\u0103-i \u00eembr\u0103c\u0103m pe cei goi\u201d de Pirandello, \u201eMaestrul \u015fi Margareta\u201d\nde Mihail Bulgakov, \u201eYvona, principesa Burgundiei\u201d de Witolt Gombrowicz, \u201eDama\ncu camelii\u201d de Alexandre Dumas \u015f. a.<\/p>\n\n\n\n<p>Dup\u0103 1985,\nla Teatrul Bulandra monteaz\u0103 \u201eO diminea\u0163\u0103 pierdut\u0103\u201d, dup\u0103 romanul Gabrielei\nAdame\u015fteanu, un succes teatral despre care se vorbe\u015fte \u015fi ast\u0103zi. Au urmat, mai\nt\u00e2rziu, \u201eUria\u015fii mun\u0163ilor\u201d de Pirandello, \u201eMerlin\u201d de Tankred Dorst, \u201ePatul lui\nProcust\u201d, dup\u0103 Camil Petrescu, \u201eCopilul \u00eengropat\u201d de Sam Shepard, \u201ePetru\u201d de\nVlad Zografi; \u201eMutter Courage\u201d de Bertolt Brecht.<\/p>\n\n\n\n<p>Alte titluri\nde referin\u0163\u0103, montate \u00een Bucure\u015fti sau \u00een \u0163ar\u0103: \u201ePesc\u0103ru\u015ful\u201d de Cehov, \u201eLolita\u201d\nde Vladimir Nabokov, \u201eFurtuna\u201d de Shakespeare, \u201eLevantul\u201d, dup\u0103 Mircea\nC\u0103rt\u0103rescu, \u201eFuga\u201d de Mihail Bulgakov, \u201ePelicanul\u201d de August Strindberg, \u201eChira\nChiralina\u201d \u015fi \u201eMediterana\u201d, dup\u0103 Panait Istrati \u015f. a. A montat \u015fi \u00een Polonia,\nIsrael, Fran\u0163a.<\/p>\n\n\n\n<p>\u201eLucrurile\nse fac p\u00e2n\u0103 la cap\u0103t sau nu se fac deloc.\u201d \u2013 declara regizoarea C\u0103t\u0103lina\nBuzoianu \u00een 2010, c\u00e2nd \u00ee\u015fi declara oficial retragerea de pe scena rom\u00e2neasc\u0103.\nDar artistul, omul C\u0103t\u0103lina Buzoianu a r\u0103mas permanent aproape de fenomenul\nteatral al ultimilor ani, urm\u0103rindu-l \u015fi colabor\u00e2nd ocazional cu arti\u015fti din\nmediul indepen\u00addent.<\/p>\n\n\n\n<p>A educat \u015fi\npreg\u0103tit cu exigen\u0163\u0103 \u015fi, \u00een acela\u015fi timp, cu mult\u0103 c\u0103ldur\u0103 uman\u0103 genera\u0163ii de\nregizori, printre ei Mihai M\u0103niu\u0163iu \u015fi Alexandru Dabija. <\/p>\n\n\n\n<p>A scris trei\nc\u0103r\u0163i: \u201eNovele teatrale\u201d, \u201eVaporul interior\u201d \u015fi \u201eMnemosina, bunica lui Orfeu\u201d. <\/p>\n\n\n\n<p>A fost\npremiat\u0103, \u00eenainte de 1989, \u00een \u0163ar\u0103 \u2013 Premiul Academiei Rom\u00e2ne, dar \u015fi \u00een\nstr\u0103in\u0103tate \u2013 \u00een Anglia, Polonia. Dup\u0103 1990 a ob\u0163inut mai multe premii anuale\nUNITER, premiul pentru \u00eentreaga activitatea regie, precum \u015fi premii la\nFestivalul Na\u0163ional de Teatru, unde i s-au jucat mai multe spectacole. \u00cen 2018,\na fost decorat\u0103 de pre\u015fedintele Rom\u00e2niei cu Ordinul Na\u0163ional \u201eServiciul\nCredincios\u201d \u00een grad de Comandor.<\/p>\n\n\n\n<p>\u00cen perioada\nie\u015fean\u0103, <strong>C\u0103t\u0103lina Buzoianu a montat la\nPiatra-Neam\u0163 dou\u0103 spectacole de referin\u0163\u0103, at\u00e2t pentru <\/strong><em>Teatrul Tineretului<\/em><strong>, c\u00e2t \u015fi\npentru teatrul epocii: <\/strong><em>Peer Gynt<\/em><strong> de Henrik Ibsen, cu Mitic\u0103 Popescu (Peer\nGynt), 1972 \u015fi <\/strong><em>Tinere\u0163e f\u0103r\u0103\nb\u0103tr\u00e2ne\u0163e<\/em><strong> de Eduard Covali, cu\nHora\u0163iu M\u0103l\u0103ele (Dorde), 1975<\/strong>. (<strong><em>Red.<\/em><\/strong>)<\/p>\n","protected":false},"excerpt":{"rendered":"<p>(13 aprilie 1938 \u2013 3 august 2019) A cucerit culmi pe t\u0103r\u00e2mul artei teatrale, suport fiindu-i credin\u0163a \u00een profesiunea pe care \u015fi-a ales-o \u015fi c\u0103reia i s-a dedicat zeci de ani. A creat peste 100 de specta\u00adcole mari \u2013 amprente&hellip;<\/p>\n<p class=\"more-link-p\"><a class=\"more-link\" href=\"http:\/\/www.slineamt.ro\/apostolul\/comemorari\/in-memoriam-catalina-buzoianu\/\">Read more &rarr;<\/a><\/p>\n","protected":false},"author":1,"featured_media":0,"comment_status":"open","ping_status":"closed","sticky":false,"template":"","format":"standard","meta":{"footnotes":""},"categories":[5,400],"tags":[],"class_list":["post-17612","post","type-post","status-publish","format-standard","hentry","category-comemorari","category-numarul-224"],"_links":{"self":[{"href":"http:\/\/www.slineamt.ro\/apostolul\/wp-json\/wp\/v2\/posts\/17612","targetHints":{"allow":["GET"]}}],"collection":[{"href":"http:\/\/www.slineamt.ro\/apostolul\/wp-json\/wp\/v2\/posts"}],"about":[{"href":"http:\/\/www.slineamt.ro\/apostolul\/wp-json\/wp\/v2\/types\/post"}],"author":[{"embeddable":true,"href":"http:\/\/www.slineamt.ro\/apostolul\/wp-json\/wp\/v2\/users\/1"}],"replies":[{"embeddable":true,"href":"http:\/\/www.slineamt.ro\/apostolul\/wp-json\/wp\/v2\/comments?post=17612"}],"version-history":[{"count":1,"href":"http:\/\/www.slineamt.ro\/apostolul\/wp-json\/wp\/v2\/posts\/17612\/revisions"}],"predecessor-version":[{"id":17618,"href":"http:\/\/www.slineamt.ro\/apostolul\/wp-json\/wp\/v2\/posts\/17612\/revisions\/17618"}],"wp:attachment":[{"href":"http:\/\/www.slineamt.ro\/apostolul\/wp-json\/wp\/v2\/media?parent=17612"}],"wp:term":[{"taxonomy":"category","embeddable":true,"href":"http:\/\/www.slineamt.ro\/apostolul\/wp-json\/wp\/v2\/categories?post=17612"},{"taxonomy":"post_tag","embeddable":true,"href":"http:\/\/www.slineamt.ro\/apostolul\/wp-json\/wp\/v2\/tags?post=17612"}],"curies":[{"name":"wp","href":"https:\/\/api.w.org\/{rel}","templated":true}]}}