{"id":17736,"date":"2019-10-29T15:08:31","date_gmt":"2019-10-29T15:08:31","guid":{"rendered":"http:\/\/www.slineamt.ro\/apostolul\/?p=17736"},"modified":"2019-10-29T15:08:31","modified_gmt":"2019-10-29T15:08:31","slug":"in-memoriam-alexandru-lazar","status":"publish","type":"post","link":"http:\/\/www.slineamt.ro\/apostolul\/comemorari\/in-memoriam-alexandru-lazar\/","title":{"rendered":"In memoriam Alexandru Laz\u0103r"},"content":{"rendered":"\n<div class=\"wp-block-image\"><figure class=\"alignleft is-resized\"><img loading=\"lazy\" decoding=\"async\" src=\"http:\/\/www.slineamt.ro\/apostolul\/wp-content\/uploads\/2019\/10\/35-ap225-foto1.jpg\" alt=\"\" class=\"wp-image-17739\" width=\"323\" height=\"448\" srcset=\"http:\/\/www.slineamt.ro\/apostolul\/wp-content\/uploads\/2019\/10\/35-ap225-foto1.jpg 348w, http:\/\/www.slineamt.ro\/apostolul\/wp-content\/uploads\/2019\/10\/35-ap225-foto1-217x300.jpg 217w, http:\/\/www.slineamt.ro\/apostolul\/wp-content\/uploads\/2019\/10\/35-ap225-foto1-260x360.jpg 260w, http:\/\/www.slineamt.ro\/apostolul\/wp-content\/uploads\/2019\/10\/35-ap225-foto1-160x222.jpg 160w\" sizes=\"auto, (max-width: 323px) 100vw, 323px\" \/><\/figure><\/div>\n\n\n\n<p>Student\nstr\u0103lucit al maestrului Moni Ghelerter, actorul Alexandru LAZ\u0102R (24.04. 1936,\n\u015etef\u0103ne\u015fti \u2013 Ilfov \u2013 15.10.2019, Bucure\u015fti) a venit la Piatra-Neam\u0163 \u00een 1961.\nEra anul \u00een care teatrul nem\u0163ean se desprindea de sub tutela celui din Bac\u0103u,\ndevenind Teatru de Stat, cu autoritate juridic\u0103 proprie, pentru ca, din 1967,\ns\u0103 devin\u0103 Teatrul Tineretului. Un nume transformat destul de repede \u00een renume,\nprin calitatea dramaturgiei abordate \u015fi a spectacolelor realizate, prin\nvaloarea \u015fi prospe\u0163imea colectivului artistic, prin num\u0103rul premiilor ob\u0163inute\n\u00een \u0163ar\u0103 \u015fi prin prestigioas\u0103 recunoa\u015ftere interna\u0163ional\u0103 (N\u00fcrnberg, Vene\u0163ia,\nSan Marino), prin viteza cu care crea \u015fi impunea vedete: Andrei \u015fi Ileana Stana\nIonescu, Carmen Galin, Mitic\u0103 Popescu, Leopoldina B\u0103l\u0103nu\u0163\u0103, Constantin Cojocaru\n\u015f. a.<\/p>\n\n\n\n<div class=\"wp-block-image\"><figure class=\"alignright is-resized\"><img loading=\"lazy\" decoding=\"async\" src=\"http:\/\/www.slineamt.ro\/apostolul\/wp-content\/uploads\/2019\/10\/35-ap225-foto2.jpg\" alt=\"\" class=\"wp-image-17742\" width=\"423\" height=\"271\" srcset=\"http:\/\/www.slineamt.ro\/apostolul\/wp-content\/uploads\/2019\/10\/35-ap225-foto2.jpg 630w, http:\/\/www.slineamt.ro\/apostolul\/wp-content\/uploads\/2019\/10\/35-ap225-foto2-300x192.jpg 300w, http:\/\/www.slineamt.ro\/apostolul\/wp-content\/uploads\/2019\/10\/35-ap225-foto2-560x359.jpg 560w, http:\/\/www.slineamt.ro\/apostolul\/wp-content\/uploads\/2019\/10\/35-ap225-foto2-260x167.jpg 260w, http:\/\/www.slineamt.ro\/apostolul\/wp-content\/uploads\/2019\/10\/35-ap225-foto2-160x103.jpg 160w\" sizes=\"auto, (max-width: 423px) 100vw, 423px\" \/><\/figure><\/div>\n\n\n\n<p>La toate\nacestea, Alexandru Laz\u0103r a contribuit semnificativ, asum\u00e2ndu-\u015fi un parcurs\npropriu \u00een cadrul colectivului artistic. <\/p>\n\n\n\n<div class=\"wp-block-image\"><figure class=\"alignleft is-resized\"><img loading=\"lazy\" decoding=\"async\" src=\"http:\/\/www.slineamt.ro\/apostolul\/wp-content\/uploads\/2019\/10\/35-ap225-foto3.jpg\" alt=\"\" class=\"wp-image-17745\" width=\"404\" height=\"270\" srcset=\"http:\/\/www.slineamt.ro\/apostolul\/wp-content\/uploads\/2019\/10\/35-ap225-foto3.jpg 652w, http:\/\/www.slineamt.ro\/apostolul\/wp-content\/uploads\/2019\/10\/35-ap225-foto3-300x201.jpg 300w, http:\/\/www.slineamt.ro\/apostolul\/wp-content\/uploads\/2019\/10\/35-ap225-foto3-560x375.jpg 560w, http:\/\/www.slineamt.ro\/apostolul\/wp-content\/uploads\/2019\/10\/35-ap225-foto3-260x174.jpg 260w, http:\/\/www.slineamt.ro\/apostolul\/wp-content\/uploads\/2019\/10\/35-ap225-foto3-160x107.jpg 160w\" sizes=\"auto, (max-width: 404px) 100vw, 404px\" \/><\/figure><\/div>\n\n\n\n<p>Dincolo de\nfaptul c\u0103 p\u00e2n\u0103 \u00een anul 1976 (c\u00e2nd s-a transferat la Bucure\u015fti), a jucat peste\n50 de roluri pe scena pietrean\u0103, a fost omul care, al\u0103turi de directorul Ion\nComan \u015fi secretarul literar Eduard Covali, s-a implicat \u00een men\u0163inerea valorii\n\u015fi prospe\u0163imii echipei, \u00een politica de colabor\u0103ri a institu\u0163iei. Faptul c\u0103 la\nPiatra-Neam\u0163 au montat \u00een acea perioad\u0103 nume ca Ion Cojar, Lucian Giurchescu,\nDinu Cernescu, Cornel Todea, Aureliu Manea, Radu Penciulescu, Zoe Anghel\nStanca, Andrei \u015eerban, C\u0103t\u0103lina Buzoianu, Silviu Purc\u0103rete \u015f. a. i se datoreaz\u0103\n\u00een mare m\u0103sur\u0103. <\/p>\n\n\n\n<div class=\"wp-block-image\"><figure class=\"alignright is-resized\"><img loading=\"lazy\" decoding=\"async\" src=\"http:\/\/www.slineamt.ro\/apostolul\/wp-content\/uploads\/2019\/10\/35-ap225-foto4.jpg\" alt=\"\" class=\"wp-image-17748\" width=\"355\" height=\"412\" srcset=\"http:\/\/www.slineamt.ro\/apostolul\/wp-content\/uploads\/2019\/10\/35-ap225-foto4.jpg 397w, http:\/\/www.slineamt.ro\/apostolul\/wp-content\/uploads\/2019\/10\/35-ap225-foto4-258x300.jpg 258w, http:\/\/www.slineamt.ro\/apostolul\/wp-content\/uploads\/2019\/10\/35-ap225-foto4-260x302.jpg 260w, http:\/\/www.slineamt.ro\/apostolul\/wp-content\/uploads\/2019\/10\/35-ap225-foto4-160x186.jpg 160w\" sizes=\"auto, (max-width: 355px) 100vw, 355px\" \/><\/figure><\/div>\n\n\n\n<p>Dincolo de\nprezen\u0163a sa tonic\u0103 \u00een echip\u0103, dincolo de cuno\u015ftin\u0163ele enciclopedice din\ndomeniul teatrului \u015fi al artelor adiacente, Sandu Laz\u0103r \u2013 S\u0103nd\u0103lul\u0103, cum \u00eei\nspuneau prietenii \u2013 a asigurat tot timpul leg\u0103tura cu Institutul de Teatru,\nat\u00e2t \u00eenainte, c\u00e2t \u015fi dup\u0103 transferul lui aici, \u00eencunun\u00e2nd o frumoas\u0103 carier\u0103\nuniversitar\u0103 cu titlul de prof. univ. dr. al I.A.T.C.<\/p>\n\n\n\n<div class=\"wp-block-image\"><figure class=\"alignleft is-resized\"><img loading=\"lazy\" decoding=\"async\" src=\"http:\/\/www.slineamt.ro\/apostolul\/wp-content\/uploads\/2019\/10\/35-ap225-foto5.jpg\" alt=\"\" class=\"wp-image-17751\" width=\"444\" height=\"286\" srcset=\"http:\/\/www.slineamt.ro\/apostolul\/wp-content\/uploads\/2019\/10\/35-ap225-foto5.jpg 510w, http:\/\/www.slineamt.ro\/apostolul\/wp-content\/uploads\/2019\/10\/35-ap225-foto5-300x193.jpg 300w, http:\/\/www.slineamt.ro\/apostolul\/wp-content\/uploads\/2019\/10\/35-ap225-foto5-260x167.jpg 260w, http:\/\/www.slineamt.ro\/apostolul\/wp-content\/uploads\/2019\/10\/35-ap225-foto5-160x103.jpg 160w\" sizes=\"auto, (max-width: 444px) 100vw, 444px\" \/><\/figure><\/div>\n\n\n\n<p>A publicat\nla Piatra-Neam\u0163, \u00een nume propriu cartea de memorii \u201eIon Coman sau mitul\nTeatrului Tineretului\u201d (Editura Nona, 2003) \u015fi, al\u0103turi de Eduard Covali,\nConstantin Cojocaru \u015fi Eugen Apostol, volumul \u201eTeatrul Tineretului 50. O\nistorie anecdotic\u0103 a unui teatru serios\u201d (Editura Cetatea Doamnei, 2008).\nUltima carte, mai mult sentimental\u0103 dec\u00e2t anecdotic\u0103, a c\u0103rei apari\u0163ie am\n\u00eengrijit-o cu drag, \u00eencearc\u0103 s\u0103 recreeze atmosfera \u201emiracolului teatral\u201d de la\nPiatra- Neam\u0163, un lucru minunat la a c\u0103rui \u00eenf\u0103ptuire, robul lui Dumnezeu\nAlexandru Laz\u0103r a pus inima \u015fi um\u0103rul din plin. Requiescat in pace!<\/p>\n\n\n\n<p><strong><em>M. Z.<\/em><\/strong><\/p>\n","protected":false},"excerpt":{"rendered":"<p>Student str\u0103lucit al maestrului Moni Ghelerter, actorul Alexandru LAZ\u0102R (24.04. 1936, \u015etef\u0103ne\u015fti \u2013 Ilfov \u2013 15.10.2019, Bucure\u015fti) a venit la Piatra-Neam\u0163 \u00een 1961. Era anul \u00een care teatrul nem\u0163ean se desprindea de sub tutela celui din Bac\u0103u, devenind Teatru de&hellip;<\/p>\n<p class=\"more-link-p\"><a class=\"more-link\" href=\"http:\/\/www.slineamt.ro\/apostolul\/comemorari\/in-memoriam-alexandru-lazar\/\">Read more &rarr;<\/a><\/p>\n","protected":false},"author":1,"featured_media":0,"comment_status":"open","ping_status":"closed","sticky":false,"template":"","format":"standard","meta":{"footnotes":""},"categories":[5,405],"tags":[],"class_list":["post-17736","post","type-post","status-publish","format-standard","hentry","category-comemorari","category-numarul-225"],"_links":{"self":[{"href":"http:\/\/www.slineamt.ro\/apostolul\/wp-json\/wp\/v2\/posts\/17736","targetHints":{"allow":["GET"]}}],"collection":[{"href":"http:\/\/www.slineamt.ro\/apostolul\/wp-json\/wp\/v2\/posts"}],"about":[{"href":"http:\/\/www.slineamt.ro\/apostolul\/wp-json\/wp\/v2\/types\/post"}],"author":[{"embeddable":true,"href":"http:\/\/www.slineamt.ro\/apostolul\/wp-json\/wp\/v2\/users\/1"}],"replies":[{"embeddable":true,"href":"http:\/\/www.slineamt.ro\/apostolul\/wp-json\/wp\/v2\/comments?post=17736"}],"version-history":[{"count":1,"href":"http:\/\/www.slineamt.ro\/apostolul\/wp-json\/wp\/v2\/posts\/17736\/revisions"}],"predecessor-version":[{"id":17754,"href":"http:\/\/www.slineamt.ro\/apostolul\/wp-json\/wp\/v2\/posts\/17736\/revisions\/17754"}],"wp:attachment":[{"href":"http:\/\/www.slineamt.ro\/apostolul\/wp-json\/wp\/v2\/media?parent=17736"}],"wp:term":[{"taxonomy":"category","embeddable":true,"href":"http:\/\/www.slineamt.ro\/apostolul\/wp-json\/wp\/v2\/categories?post=17736"},{"taxonomy":"post_tag","embeddable":true,"href":"http:\/\/www.slineamt.ro\/apostolul\/wp-json\/wp\/v2\/tags?post=17736"}],"curies":[{"name":"wp","href":"https:\/\/api.w.org\/{rel}","templated":true}]}}