{"id":17874,"date":"2019-10-29T15:38:27","date_gmt":"2019-10-29T15:38:27","guid":{"rendered":"http:\/\/www.slineamt.ro\/apostolul\/?p=17874"},"modified":"2019-10-29T15:38:27","modified_gmt":"2019-10-29T15:38:27","slug":"infocult-46","status":"publish","type":"post","link":"http:\/\/www.slineamt.ro\/apostolul\/arte-si-meseriii\/infocult-46\/","title":{"rendered":"INFOCULT"},"content":{"rendered":"\n<p><strong>Un cuceritor\nal spa\u0163iului: Mircea Titus Romanescu<\/strong><\/p>\n\n\n\n<div class=\"wp-block-image\"><figure class=\"alignleft\"><img loading=\"lazy\" decoding=\"async\" width=\"419\" height=\"331\" src=\"https:\/\/www.slineamt.ro\/apostolul\/wp-content\/uploads\/2019\/10\/19-ap225-foto1.jpg\" alt=\"\" class=\"wp-image-17877\" srcset=\"http:\/\/www.slineamt.ro\/apostolul\/wp-content\/uploads\/2019\/10\/19-ap225-foto1.jpg 419w, http:\/\/www.slineamt.ro\/apostolul\/wp-content\/uploads\/2019\/10\/19-ap225-foto1-300x237.jpg 300w, http:\/\/www.slineamt.ro\/apostolul\/wp-content\/uploads\/2019\/10\/19-ap225-foto1-260x205.jpg 260w, http:\/\/www.slineamt.ro\/apostolul\/wp-content\/uploads\/2019\/10\/19-ap225-foto1-160x126.jpg 160w\" sizes=\"auto, (max-width: 419px) 100vw, 419px\" \/><\/figure><\/div>\n\n\n\n<p>La sf\u00e2r\u015fitul lunii septembrie, pictorul\nMircea Titus Romanescu a vernisat la Muzeul de Art\u0103 din Piatra-Neam\u0163 o nou\u0103\nexpozi\u0163ie (\u201eAtelier 2019\u201d), care se impune prin rigoare \u015fi calitate. <\/p>\n\n\n\n<p>Criticul de art\u0103 <strong>Emil Nicolae<\/strong>: \u201eMircea Titus Romanescu nu bate pasul pe loc, adic\u0103\n\u015fi aceast\u0103 expozi\u0163ie aduce nout\u0103\u0163i. Nu e o fractur\u0103 evident\u0103, tran\u015fant\u0103 cu ceea\nce a f\u0103cut p\u00e2n\u0103 acum, cu ceea ce au remarcat criticii, adic\u0103 un fel de\nneocubism, cum zicea Constantin Prut, sau expresionism abstract, ceea ce nu\ncred c\u0103 era adev\u0103rat. Ceea ce mi se pare mie c\u0103 se \u00eent\u00e2mpl\u0103 acum \u00een lucr\u0103rile\ndin aceast\u0103 expozi\u0163ie este o \u201e\u00eenmuiere\u201d a desenului, adic\u0103 linia curb\u0103 \u00eencepe\ns\u0103 c\u00e2\u015ftige mai mult teren dec\u00e2t linia dreapt\u0103, fr\u00e2nt\u0103 din compozi\u0163iile\nanterioare \u015fi un fel de \u00eenc\u0103lzire, de melancolizare a cromaticii, pentru c\u0103,\np\u00e2n\u0103 la urm\u0103, \u00een arta sa aceste elemente sunt importante: desenul, construc\u0163ia\n\u015fi cromatica. \u00cen rest, este acela\u015fi pictor, artist citadin cu un background\nintelectual \u015fi un cuceritor al spa\u0163iului\u201d.<\/p>\n\n\n\n<p><strong>Mircea Titus\nRomanescu<\/strong> a afirmat c\u0103 fiecare om are un timp\ninterior care se concretizeaz\u0103 prin importan\u0163a tr\u0103irilor din via\u0163a lui: \u201eAm\nvrut s\u0103 accentuez faptul c\u0103 aceast\u0103 schimbare \u00een tendin\u0163a mea de revenire la o\nanumit\u0103 tehnic\u0103 de lucru \u00een straturi, m-a scos din acea idee modern\u0103 \u015fi postmodern\u0103\nde juxtapunere a culorii, de c\u0103utare a satura\u0163iei, a efectelor fauve \u015f.a.m.d.\nAducem poate de multe ori momente trecute \u00eenaintea unor momente viitoare. Sunt\nlucruri care se leag\u0103 \u00een mod firesc cu aceste c\u0103ut\u0103ri \u00een a-\u0163i g\u0103si originea, \u00een\na-\u0163i g\u0103si sensul pentru care e\u015fti \u00een via\u0163\u0103\u201d.<\/p>\n\n\n\n<p><strong>Trei artiste\nvietnameze \u00een Neam\u0163<\/strong><\/p>\n\n\n\n<p>Biblioteca Jude\u0163ean\u0103 \u201eG.T. Kirileanu\u201d Neam\u0163 a\ng\u0103zduit concertul extraordinar \u201eOmagiu Rom\u00e2niei\u201d, sus\u0163inut de trei talentate\nartiste vietnameze, s\u00e2mb\u0103t\u0103, 28 septembrie 2019, \u00een Sala Cupola. Au interpretat\n\u0110inh Ho\u00e0i Xu\u00e2n la violoncel, H\u1ed3 Th\u1ecb Ng\u1ecdc H\u00e0 la pian \u015fi Do Vu Lan Nhung,\nsopran\u0103. Prezentarea a fost f\u0103cut\u0103 de Valeriu Arteni, ex ambasador al Rom\u00e2niei\n\u00een Vietnam. Cu acest prilej a fost organizat\u0103 \u015fi o expozi\u0163ie de tablouri\nvietnameze.<\/p>\n\n\n\n<p>Toate interpretele au urmat studiile \u015fi \u00een\nRomania: \u0110inh Ho\u00e0i Xu\u00e2n (doctorat \u00een interpretare la violoncel la Universitatea\nNa\u0163ional\u0103 de Muzic\u0103 Bucure\u015fti), H\u1ed3 Th\u1ecb Ng\u1ecdc H\u00e0 (studii de master la\nUniversitatea Na\u0163ional\u0103 de Muzic\u0103 din Bucure\u015fti), Do Vu Lan Nhung (studiaz\u0103\ncanto de oper\u0103 la Universitatea Na\u0163ional\u0103 de Muzic\u0103 din Bucure\u015fti, sub\n\u00eendrumarea profesoarei Mariana Colpos).<\/p>\n\n\n\n<p>Valeriu Arteni (n\u0103scut la 21 septembrie 1951\n\u00een M\u0103rgineni, jude\u0163ul Neam\u0163) este diplomat de carier\u0103. \u00cen 1976 a absolvit\nFacultatea de litere a Universit\u0103\u0163ii Na\u0163ionale din Hanoi, Vietnam. \u00cen anul 2001\na urmat la Paris un curs de specializare \u00een Protocol Diplomatic. Limbi str\u0103ine:\naraba, engleza, franceza, rusa, coreeana.<\/p>\n\n\n\n<p><strong>Octombrie \u00een\nculori: \u201eBezem 72\u201d<\/strong><\/p>\n\n\n\n<div class=\"wp-block-image\"><figure class=\"alignright is-resized\"><img loading=\"lazy\" decoding=\"async\" src=\"https:\/\/www.slineamt.ro\/apostolul\/wp-content\/uploads\/2019\/10\/19-ap225-foto2.jpg\" alt=\"\" class=\"wp-image-17880\" width=\"402\" height=\"302\" srcset=\"http:\/\/www.slineamt.ro\/apostolul\/wp-content\/uploads\/2019\/10\/19-ap225-foto2.jpg 510w, http:\/\/www.slineamt.ro\/apostolul\/wp-content\/uploads\/2019\/10\/19-ap225-foto2-300x225.jpg 300w, http:\/\/www.slineamt.ro\/apostolul\/wp-content\/uploads\/2019\/10\/19-ap225-foto2-260x195.jpg 260w, http:\/\/www.slineamt.ro\/apostolul\/wp-content\/uploads\/2019\/10\/19-ap225-foto2-160x120.jpg 160w\" sizes=\"auto, (max-width: 402px) 100vw, 402px\" \/><\/figure><\/div>\n\n\n\n<p>Vernisat\u0103 pe 3 oct. a. c., expozi\u0163ia de\npictur\u0103 \u201eBezem 72\u201d a putut fi vizitat\u0103, p\u00e2n\u0103 pe 15 oct, \u00een Sala Cupola a\nBibliotecii Jude\u0163ene \u201eG.T. Kirileanu\u201d Neam\u0163. Lucr\u0103rile lui Dumitru Bezem provin\ndin colec\u0163ia Elena \u015fi Vasile Ple\u015fca.<\/p>\n\n\n\n<p>\u201eNe-am g\u00e2ndit s\u0103 aducem \u00een fa\u0163a publicului\nepisoade, secven\u0163e din celelalte expozi\u0163ii, la aniversarea lui Dumitru Bezem.\nDac\u0103 am r\u0103m\u00e2ne singuri \u00eentr-o camer\u0103 cu pictura lui Bezem, cred c\u0103 am putea\nasculta simfonia acestor lucr\u0103ri pe care le face maestrul\u201d, a spus Elena\nPle\u015fca.<\/p>\n\n\n\n<p>Cronica plastic\u0103 a fost realizat\u0103 de\nscriitorul Vasile Baghiu. \u201eLa Dumitru Bezem avem de-a face cu o intensitate a\nmelancoliei, indiferent de tema pe care o abordeaz\u0103. Este o pictur\u0103 tr\u0103it\u0103.\nEste o tr\u0103ire dominat\u0103 de melancolie, ca \u00een marea art\u0103 \u015fi poezie a lumii. La\ncolec\u0163ionarii Elena \u015fi Vasile Ple\u015fca avem de-a face cu o intensitate a pre\u0163uirii\n\u015fi a recunoa\u015fterii\u201d.<\/p>\n\n\n\n<p><strong>Expozi\u0163ie\nfotografic\u0103 itinerant\u0103 <\/strong><\/p>\n\n\n\n<div class=\"wp-block-image\"><figure class=\"alignleft\"><img loading=\"lazy\" decoding=\"async\" width=\"340\" height=\"510\" src=\"https:\/\/www.slineamt.ro\/apostolul\/wp-content\/uploads\/2019\/10\/19-ap225-foto3.jpg\" alt=\"\" class=\"wp-image-17883\" srcset=\"http:\/\/www.slineamt.ro\/apostolul\/wp-content\/uploads\/2019\/10\/19-ap225-foto3.jpg 340w, http:\/\/www.slineamt.ro\/apostolul\/wp-content\/uploads\/2019\/10\/19-ap225-foto3-200x300.jpg 200w, http:\/\/www.slineamt.ro\/apostolul\/wp-content\/uploads\/2019\/10\/19-ap225-foto3-260x390.jpg 260w, http:\/\/www.slineamt.ro\/apostolul\/wp-content\/uploads\/2019\/10\/19-ap225-foto3-160x240.jpg 160w\" sizes=\"auto, (max-width: 340px) 100vw, 340px\" \/><\/figure><\/div>\n\n\n\n<p>O impresionant\u0103 expozi\u0163ie itinerant\u0103 de\nfotografie a putut fi admirat\u0103 pe 27 septembrie, \u00een Sala Cupol\u0103 a Bibliotecii\nJude\u0163ene \u201eG.T. Kirileanu\u201d Neam\u0163. Intitulat\u0103 <strong><em>California Dreaming<\/em><\/strong>,\naceasta cuprinde 20 de fotografii (90\u00d760 cm) realizate de Oana Popa, R\u0103zvan\nIliescu, Ciprian Bot, Daniel Drelciuc, Irina Drelciuc, Horia Bogdan \u015fi Gheorghe\nPopa \u00eentr-o expedi\u0163ie organizat\u0103 \u00een statul american California.<\/p>\n\n\n\n<p>\u201e\u015etim foarte bine c\u0103 mai \u00eent\u00e2i este visul,\neste proiec\u0163ia, proiect\u0103m o realitate pe care apoi reu\u015fim s-o tr\u0103im. Uit\u00e2ndu-m\u0103\nla fotografii, mi-a venit \u00een minte clasificarea, triada de care vorbea filozoful\nConstantin Noica \u015fi anume c\u0103 exist\u0103 trei trepte de reprezentare: fotografia,\nportretul \u015fi icoana. Fotografia surprinde o anumit\u0103 imagine, portretul deja\ncontureaz\u0103 o tr\u0103s\u0103tur\u0103 de caracter, iar icoana ne prezint\u0103 dimensiunea\nspiritual\u0103\u201d, a afirmat, \u00een cuv\u00e2ntul introductiv, bibliotecarul Dan Iacob.<\/p>\n\n\n\n<p>Toate fotografiile expuse au fost printate pe\nh\u00e2rtie profesional\u0103 Olmec Pearl Premium 310gsm de la Innova Art, cu o\nimprimant\u0103 foto profesional\u0103 de 44 \u201eEpson Sure Color SC-P8000 STD\u201d, cerneal\u0103\nEpson Utrachrome HD. Expozi\u0163ia de fotografie California Dreaming va mai poposi\nla Casino Cluj-Napoca (16 octombrie), \u015fi F64 Bucure\u015fti (25 octombrie).<\/p>\n\n\n\n<p><strong>Ziua\nEuropean\u0103 a Limbilor la GTK <\/strong><\/p>\n\n\n\n<p>Biblioteca Jude\u0163ean\u0103 \u201eG.T. Kirileanu\u201d Neam\u0163 a\nmarcat <em>Ziua European\u0103 a Limbilor<\/em> (26\nseptembrie) prin manifest\u0103ri diverse, devenite o tradi\u0163ie, cu scopul de\ncon\u015ftientizare \u015fi s\u0103rb\u0103torire a diversit\u0103\u0163ii \u015fi bog\u0103\u0163iei lingvistice \u015fi\nculturale europene.<\/p>\n\n\n\n<p>\u00cen s\u0103pt\u0103m\u00e2na 23-27 septembrie 2019, Filiala\nde Carte Str\u0103in\u0103 a organizat \u00een parteneriat cu institu\u0163ii din \u00eenv\u0103\u0163\u0103m\u00e2ntul\ngimnazial \u015fi liceal nem\u0163ean (Liceul Economic \u201eAl. I. Cuza\u201d Piatra-Neam\u0163, \u015ecoala\nGimnazial\u0103 \u201eDumitru Alma\u015f\u201d Negre\u015fti, \u015ecoala Gimnazial\u0103 Nr. 3 Piatra-Neam\u0163,\n\u015ecoala Gimnazial\u0103 \u201eNicu Albu\u201d Piatra-Neam\u0163), o nou\u0103 serie de activit\u0103\u0163i care,\nprin caracteristica lor interactiv\u0103, au menirea de a determina t\u00e2n\u0103ra genera\u0163ie\nde elevi s\u0103 \u00een\u0163eleag\u0103 faptul c\u0103 \u00eenv\u0103\u0163area limbilor str\u0103ine este important\u0103 at\u00e2t\npentru comunicarea \u015fi \u00een\u0163elegerea intercultural\u0103, c\u00e2t \u015fi pentru a ad\u0103uga un\nplus esen\u0163ial \u015fanselor de reu\u015fit\u0103 \u00een via\u0163\u0103.<\/p>\n\n\n\n<p>De asemenea, pe 25 septembrie 2019, Clubul de\nfrancez\u0103 din cadrul Filialei de Carte Str\u0103in\u0103 a desf\u0103\u015furat o dezbatere pe tema\n\u201eItinerariu gastronomic francez\u201d, ac\u0163iune moderat\u0103 de profesor Elena David.<\/p>\n\n\n\n<p><strong>Nocturna\nBibliotecilor<\/strong><\/p>\n\n\n\n<div class=\"wp-block-image\"><figure class=\"alignright\"><img loading=\"lazy\" decoding=\"async\" width=\"281\" height=\"397\" src=\"https:\/\/www.slineamt.ro\/apostolul\/wp-content\/uploads\/2019\/10\/19-ap225-foto4.jpg\" alt=\"\" class=\"wp-image-17886\" srcset=\"http:\/\/www.slineamt.ro\/apostolul\/wp-content\/uploads\/2019\/10\/19-ap225-foto4.jpg 281w, http:\/\/www.slineamt.ro\/apostolul\/wp-content\/uploads\/2019\/10\/19-ap225-foto4-212x300.jpg 212w, http:\/\/www.slineamt.ro\/apostolul\/wp-content\/uploads\/2019\/10\/19-ap225-foto4-260x367.jpg 260w, http:\/\/www.slineamt.ro\/apostolul\/wp-content\/uploads\/2019\/10\/19-ap225-foto4-160x226.jpg 160w\" sizes=\"auto, (max-width: 281px) 100vw, 281px\" \/><\/figure><\/div>\n\n\n\n<p>Biblioteca Jude\u0163ean\u0103 \u201eG.T. Kirileanu\u201d Neam\u0163 a\norganizat s\u00e2mb\u0103t\u0103, 28 septembrie, <em>Nocturna\nBibliotecilor<\/em>, edi\u0163ia 2019. <\/p>\n\n\n\n<p>Ini\u0163iativa manifest\u0103rii <em>Nocturna Bibliotecilor<\/em> apar\u0163ine Asocia\u0163iei Na\u0163ionale a\nBibliotecarilor \u015fi Bibliotecilor Publice din Rom\u00e2nia (ANBPR). \u201eBibliotecile\nreprezint\u0103 deopotriv\u0103 tradi\u0163ie \u015fi avangard\u0103, vechi \u015fi nou, tradi\u0163ional \u015fi\nnon-conformist. Bibliotecile cristalizeaz\u0103 valoare din valoare \u015fi poten\u0163eaz\u0103\nimpactul culturii \u015fi educa\u0163iei asupra maselor\u201d, se arat\u0103 \u00eentr-un comunicat al\nANBPR.<\/p>\n\n\n\n<p>\u00cen programul manifest\u0103rii nem\u0163ene: concertul\nextraordinar \u201eOmagiu Rom\u00e2niei\u201d, o lec\u0163ie demonstrativ\u0103 de limba englez\u0103 sus\u0163inut\u0103\nde prof. Daniela Rotaru de la Centrul Lingvistic Twinkle Star, la sediul\nfilialei (activit\u0103\u0163i dup\u0103 modelul testelor Cambrigde), un concert sus\u0163inut de\nLiceul de Arte \u201eVictor Brauner\u201d Piatra-Neam\u0163 (Acompaniament la pian \u2013 prof.\ndrd. Adrian Stroici \u015fi prof. Oana C\u0103rbunariu). Totodat\u0103, Sec\u0163ia Arte,\nMultimedia \u201eVictor Brauner\u201d a organizat audi\u0163ii muzicale \u015fi proiec\u0163ii\ncinematografice.<\/p>\n\n\n\n<p>Participarea la toate activit\u0103\u0163ile <em>Nocturnei Bibliotecilor<\/em> de la Biblioteca\nJude\u0163ean\u0103 \u201eG.T. Kirileanu\u201d a fost gratuit\u0103.<\/p>\n\n\n\n<p><strong>Maraton\ncinematografic<\/strong><\/p>\n\n\n\n<div class=\"wp-block-image\"><figure class=\"alignleft\"><img loading=\"lazy\" decoding=\"async\" width=\"318\" height=\"442\" src=\"https:\/\/www.slineamt.ro\/apostolul\/wp-content\/uploads\/2019\/10\/19-ap225-foto5.jpg\" alt=\"\" class=\"wp-image-17889\" srcset=\"http:\/\/www.slineamt.ro\/apostolul\/wp-content\/uploads\/2019\/10\/19-ap225-foto5.jpg 318w, http:\/\/www.slineamt.ro\/apostolul\/wp-content\/uploads\/2019\/10\/19-ap225-foto5-216x300.jpg 216w, http:\/\/www.slineamt.ro\/apostolul\/wp-content\/uploads\/2019\/10\/19-ap225-foto5-260x361.jpg 260w, http:\/\/www.slineamt.ro\/apostolul\/wp-content\/uploads\/2019\/10\/19-ap225-foto5-160x222.jpg 160w\" sizes=\"auto, (max-width: 318px) 100vw, 318px\" \/><\/figure><\/div>\n\n\n\n<p>Caravana \u201eZilele Filmului Rom\u00e2nesc\u201d a parcat\nla <em>Cinema Mon Amour<\/em>, din Piatra-Neam\u0163,\npe 18 \u015fi 19 octombrie, cu patru produc\u0163ii lansate deja \u00een mari festivaluri\nprecum Cannes, Berlin sau TIFF: \u201eLa Gomera\u201d, \u201eMon\u015ftri.\u201d, \u201eParking\u201d \u015fi \u201eMo\u201d.\nInvitatul serii de vineri, 18 octombrie, a fost regizorul Tudor Giurgiu, care a\nstat de vorb\u0103 cu publicul despre \u201eParking\u201d, o pelicul\u0103 care red\u0103 povestea de\ndragoste a unui poet rom\u00e2n emigrant \u015fi a unei c\u00e2nt\u0103re\u0163e spaniole, filmat\u0103 \u00een\nAndaluzia, cu vedete spaniole pe afi\u015f.<\/p>\n\n\n\n<p>Spectatorii au putut urm\u0103ri \u201eLa Gomera\u201d (cu:\nVlad Ivanov, Catrinel Marlon (Menghia), regizat de Corneliu Porumboiu \u015fi propus\nde Rom\u00e2nia la Premiile Oscar, \u201eMon\u015ftri\u201d (regia, Marius Olteanu, cu: Dana Rogoz,\nR\u0103zvan Vasilescu, M\u0103d\u0103lina Craiu&#8230;), un film despre dragoste, rela\u0163ii \u015fi\ncompromisurile lor, lansat la Berlin, precum \u015fi \u201eMo\u201d (regia, Radu Dragomir cu:\nDana Rogoz, R\u0103zvan Vasilescu, M\u0103d\u0103lina Craiu&#8230;) \u015fi \u201eParking\u201d (cu: Mihai\nSmarandache, Bel\u00e9n Cuesta, Ariadna Gil&#8230;)<\/p>\n\n\n\n<p>Caravana \u201eZilele Filmului Rom\u00e2nesc\u201d,\nprezentat\u0103 de Festivalul Interna\u0163ional de Film Transilvania (TIFF), \u00ee\u015fi propune\ns\u0103 aduc\u0103 cele mai noi filme rom\u00e2ne\u015fti c\u00e2t mai aproape de public.<\/p>\n\n\n\n<p><strong>\u201eAripi\u201d, cu\npictori\u0163a Ana Ranete<\/strong><\/p>\n\n\n\n<p>&nbsp;Mar\u0163i,\n15 octombrie, la Biblioteca Jude\u0163ean\u0103, \u00een cadrul Stagiunii artistice 2019 \u2013\n2020, Centrul pentru Cultur\u0103 \u015fi Arte \u201eCarmen Saeculare\u201d Neam\u0163, \u00een parteneriat\ncu Academia Na\u0163ional\u0103 de Muzic\u0103 \u201eGheorghe Dima\u201d Cluj-Napoca, Extensia\nPiatra-Neam\u0163, au organizat vernisajul expozi\u0163iei de pictur\u0103 intitulat\u0103 ARIPI.\nPe simezele S\u0103lii Cupola de la Biblioteca Jude\u0163ean\u0103 \u201eG.T. Kirileanu\u201d s-au aflat\nlucr\u0103ri realizate de pictori\u0163a Ana Ranete. Dar arta plastic\u0103 s-a \u00eent\u00e2lnit \u00een\nmod armonios cu muzica prin momentul liric preg\u0103tit de soprana Gabriela\nPepelea, acompaniat\u0103 de pianista Cristina \u015eoitu.<\/p>\n\n\n\n<p>N\u0103scut\u0103 la Izvorul Alb (jude\u0163ul Neam\u0163), \u00een\n1959, Ana Ranete este absolvent\u0103 a Universit\u0103\u0163ii Politehnice, membr\u0103 a Asocia\u0163iei\nArti\u015ftilor Plastici Bucure\u015fti \u015fi a Creatorilor Profesioni\u015fti din Rom\u00e2nia. <\/p>\n\n\n\n<p>\u00cencep\u00e2nd cu anul 2002, particip\u0103 la expozi\u0163ii\ncolective \u015fi de grup ale Asocia\u0163iei Arti\u015ftilor Plastici Bucure\u015fti, la Salonul\nNa\u0163ional al Artelor, Con\u00ads\u00adtan\u0163a, la Bienala Interna\u0163ional\u0103 de Arte, Taranto\n(Italia, mai 2017).<\/p>\n\n\n\n<p>\u00cen palmaresul personal se reg\u0103sesc o serie de\npremii cucerite la concursurile din \u0163ar\u0103: Premiul II la Concursul UNIVERS XXL,\nedi\u0163ia I (2012), Premiul II la Concursul de pictur\u0103 marin\u0103 \u201eDimitrie \u015etiubei\u201d\n(august 2015), Premiul II la Concursul de pictur\u0103 \u015fi grafic\u0103 Bucure\u015fti\n(decembrie 2015), Premiul III la Concursul de pictur\u0103 marin\u0103 \u201eEnescu \u015fi marea\u201d,\nla Ateneul Rom\u00e2n, (decembrie 2016).<\/p>\n\n\n\n<p><strong>Lansare de\ncarte la Roman<\/strong><\/p>\n\n\n\n<p>Joi, 17 octombrie, cu \u00eencepere de la ora\n16:00, la Cercul Militar din Roman, istoricul militar Sorin Grumu\u015f a lansat\n\u201eIstoria Militar\u0103 a ora\u015fului Roman (1831-1947)\u201d, volum ap\u0103rut la Editura\nEditgraph din Buz\u0103u. <\/p>\n\n\n\n<p>Despre cartea lui Sorin Grumu\u015f, profesorul\nuniv. dr. \u00een istorie Aurel Pentelescu, membru \u00een Comisia Rom\u00e2n\u0103 de Istorie\nMilitar\u0103, a men\u0163ionat: \u201ePozi\u0163ia geografic\u0103 \u2013 la vest de r\u00e2ul Siret, pe o u\u015foar\u0103\ncolin\u0103, \u015fi la confluen\u0163a r\u00e2ului Moldova cu r\u00e2ul Siret, precum \u015fi pe traseul\nnord-sud al c\u0103ii ferate Suceava-Pa\u015fcani-Roman-Foc\u015fani \u015fi a \u015foselei paralel\u0103 cu\nlinia C.F.R. \u2013 a conferit gir favorabil devenirii ora\u015fului Roman ca important\u0103\ngarnizoan\u0103 militar\u0103. De-a lungul anilor, \u00een aceast\u0103 garnizoan\u0103 s-au cumulat\nnumeroase structuri (unit\u0103\u0163i) ale for\u0163elor terestre (infanterie, artilerie,\ntancuri etc.), inclusiv avia\u0163ie, centre de instruc\u0163ie \u015fi, mai ales, \u00een anii\ncelor dou\u0103 r\u0103zboaie ale secolului al XX-lea, loca\u0163ii pentru comandamente de\nmari unit\u0103\u0163i militare operative. Cartea domnului Sorin Grumu\u015f este un mesaj\ntransmis genera\u0163iilor tinere \u00een care li se vorbe\u015fte despre valorile poporului\nrom\u00e2n, despre tenacitatea unui neam care a crezut \u00een victorie chiar \u015fi atunci\nc\u00e2nd sor\u0163ii i-au fost potrivnici\u201d.<\/p>\n\n\n\n<p><strong><em>Violeta MO\u015eU<\/em><\/strong><\/p>\n","protected":false},"excerpt":{"rendered":"<p>Un cuceritor al spa\u0163iului: Mircea Titus Romanescu La sf\u00e2r\u015fitul lunii septembrie, pictorul Mircea Titus Romanescu a vernisat la Muzeul de Art\u0103 din Piatra-Neam\u0163 o nou\u0103 expozi\u0163ie (\u201eAtelier 2019\u201d), care se impune prin rigoare \u015fi calitate. Criticul de art\u0103 Emil Nicolae:&hellip;<\/p>\n<p class=\"more-link-p\"><a class=\"more-link\" href=\"http:\/\/www.slineamt.ro\/apostolul\/arte-si-meseriii\/infocult-46\/\">Read more &rarr;<\/a><\/p>\n","protected":false},"author":1,"featured_media":0,"comment_status":"open","ping_status":"closed","sticky":false,"template":"","format":"standard","meta":{"footnotes":""},"categories":[7,405],"tags":[],"class_list":["post-17874","post","type-post","status-publish","format-standard","hentry","category-arte-si-meseriii","category-numarul-225"],"_links":{"self":[{"href":"http:\/\/www.slineamt.ro\/apostolul\/wp-json\/wp\/v2\/posts\/17874","targetHints":{"allow":["GET"]}}],"collection":[{"href":"http:\/\/www.slineamt.ro\/apostolul\/wp-json\/wp\/v2\/posts"}],"about":[{"href":"http:\/\/www.slineamt.ro\/apostolul\/wp-json\/wp\/v2\/types\/post"}],"author":[{"embeddable":true,"href":"http:\/\/www.slineamt.ro\/apostolul\/wp-json\/wp\/v2\/users\/1"}],"replies":[{"embeddable":true,"href":"http:\/\/www.slineamt.ro\/apostolul\/wp-json\/wp\/v2\/comments?post=17874"}],"version-history":[{"count":1,"href":"http:\/\/www.slineamt.ro\/apostolul\/wp-json\/wp\/v2\/posts\/17874\/revisions"}],"predecessor-version":[{"id":17892,"href":"http:\/\/www.slineamt.ro\/apostolul\/wp-json\/wp\/v2\/posts\/17874\/revisions\/17892"}],"wp:attachment":[{"href":"http:\/\/www.slineamt.ro\/apostolul\/wp-json\/wp\/v2\/media?parent=17874"}],"wp:term":[{"taxonomy":"category","embeddable":true,"href":"http:\/\/www.slineamt.ro\/apostolul\/wp-json\/wp\/v2\/categories?post=17874"},{"taxonomy":"post_tag","embeddable":true,"href":"http:\/\/www.slineamt.ro\/apostolul\/wp-json\/wp\/v2\/tags?post=17874"}],"curies":[{"name":"wp","href":"https:\/\/api.w.org\/{rel}","templated":true}]}}