{"id":18381,"date":"2019-11-25T15:01:31","date_gmt":"2019-11-25T15:01:31","guid":{"rendered":"http:\/\/www.slineamt.ro\/apostolul\/?p=18381"},"modified":"2019-11-25T15:01:31","modified_gmt":"2019-11-25T15:01:31","slug":"liceul-cu-program-sportiv-din-piatra-neamt-partener-intr-un-proiect-erasmus","status":"publish","type":"post","link":"http:\/\/www.slineamt.ro\/apostolul\/pasi-spre-europa\/liceul-cu-program-sportiv-din-piatra-neamt-partener-intr-un-proiect-erasmus\/","title":{"rendered":"Liceul cu Program Sportiv din Piatra-Neam\u0163, partener \u00eentr-un proiect Erasmus+"},"content":{"rendered":"\n<div class=\"wp-block-image\"><figure class=\"alignleft\"><img loading=\"lazy\" decoding=\"async\" width=\"425\" height=\"319\" src=\"https:\/\/www.slineamt.ro\/apostolul\/wp-content\/uploads\/2019\/11\/09-ap226-foto1.jpg\" alt=\"\" class=\"wp-image-18384\" srcset=\"http:\/\/www.slineamt.ro\/apostolul\/wp-content\/uploads\/2019\/11\/09-ap226-foto1.jpg 425w, http:\/\/www.slineamt.ro\/apostolul\/wp-content\/uploads\/2019\/11\/09-ap226-foto1-300x225.jpg 300w, http:\/\/www.slineamt.ro\/apostolul\/wp-content\/uploads\/2019\/11\/09-ap226-foto1-260x195.jpg 260w, http:\/\/www.slineamt.ro\/apostolul\/wp-content\/uploads\/2019\/11\/09-ap226-foto1-160x120.jpg 160w\" sizes=\"auto, (max-width: 425px) 100vw, 425px\" \/><\/figure><\/div>\n\n\n\n<p>Liceul cu\nProgram Sportiv din Piatra-Neam\u0163 este, \u00eencep\u00e2nd cu acest an \u015fcolar, partener\n\u00eentr-un proiect Erasmus+, intitulat Fostering Tolerance And Respect Against\nViolence And Bullying. Acesta se adreseaz\u0103 elevilor de liceu \u015fi, al\u0103turi de\npietreni, mai implic\u0103 tineri de la urm\u0103toarele institu\u0163ii de \u00eenv\u0103\u0163\u0103m\u00e2nt: \u201e<strong>Liceum Ogolnoksztalcace im. Rodu\nLeszczynskich w Lesznie<\/strong>\u201d din Polonia, liceu care a fost desemnat\ncoordonator de proiect, Professional<strong>\nTextile High School \u201eGjoce Stojceski\u201d<\/strong> \u2013 Macedonia, <strong>Colegio \u201eSalesiano Hermano Garate\u201d<\/strong> \u2013 Spania \u015fi <strong>Necip Fazil Kisakurek Anadolu Lisesi<\/strong> \u2013 Turcia.<\/p>\n\n\n\n<p>Prima\nactivitate a constat \u00een crearea unui logo comun, reprezentativ, pentru to\u0163i\npartenerii. Astfel, din cele cinci logo-uri propuse de fiecare \u0163ar\u0103, s-a\nstabilit, de comun acord, ca logo-ul elevilor din Polonia s\u0103 fie desemnat\nc\u00e2\u015ftig\u0103tor. De implementarea acestui proiect se ocup\u0103 profesorii: <strong>Carmen Asmarandei<\/strong>, <strong>M\u0103d\u0103lina Vornicu<\/strong>, <strong>Valentin\nGavril<\/strong> \u015fi <strong>Ovidiu \u0162oc<\/strong>.<\/p>\n\n\n\n<p>Partenerii\ndin Turcia au realizat pagina de internet comun\u0103 a proiectului:\nhttps:\/\/sites.google. com\/ view\/fosteringtolerance\/home.<\/p>\n\n\n\n<p>Obiectivul\nprioritar al acestui proiect este incluziunea social\u0103, promovarea \u015fi\ndezvoltarea competen\u0163elor de comunicare. S-a constatat c\u0103 schimb\u0103rile constante\nale sistemelor educa\u0163ionale, noile politici educa\u0163ionale \u015fi cererile din ce \u00een\nce mai mari ale societ\u0103\u0163ii nu au o influen\u0163\u0103 pozitiv\u0103 suficient\u0103 \u00een ceea ce\nprive\u015fte bun\u0103starea elevilor, deoarece se observ\u0103 o presiune a fenomenelor de\nh\u0103r\u0163uire \u015fi violen\u0163ei \u00een r\u00e2ndul copiilor.<\/p>\n\n\n\n<p>Elevii \u015fi\nprofesorii implica\u0163i \u00een acest proiect \u00eencearc\u0103 s\u0103 creeze planuri de prevenire\n\u015fi interven\u0163ie pentru a face fa\u0163\u0103 tendin\u0163elor de violen\u0163\u0103 \u015fi discriminare ale\nelevilor.<\/p>\n\n\n\n<p>Totodat\u0103, se\n\u00eencearc\u0103 crearea unei strategii de reducere a discrimin\u0103rii la nivelul \u015fcolii\ncare \u00eei va face pe elevi mai angaja\u0163i \u015fi responsabili ca locuitori ai unei\ncomunit\u0103\u0163i unite.<\/p>\n\n\n\n<p>\u00centregul\nproiect \u00eencurajeaz\u0103 respectul \u015fi toleran\u0163a unii fa\u0163\u0103 de ceilal\u0163i, precum \u015fi\negalitatea. Implicarea activ\u0103 a elevilor \u015fi profesorilor la scar\u0103 interna\u0163ional\u0103\nva consolida profilul elevilor, dezvoltarea unor noi orizonturi \u00een ceea ce\nprive\u015fte bunele practici ale UE pentru a face fa\u0163\u0103 h\u0103r\u0163uirii, violen\u0163ei \u015fi\ndiscrimin\u0103rilor la nivel \u015fcolar \u015fi nu numai.<\/p>\n\n\n\n<p>Activit\u0103\u0163ile\ndin cadrul proiectului vor fi organizate pe ateliere. Aceste ateliere vor fi\nconduse de elevii-gazd\u0103 cu implicarea oaspe\u0163ilor. Scopul este de a \u00eencuraja\n\u00eenv\u0103\u0163area reciproc\u0103 \u015fi \u00eencrederea \u00een sine a studen\u0163ilor. Astfel, se va acorda\nmai mult respect de sine, deoarece vor face schimb de informa\u0163ii despre\ndomeniul lor de specializare: MK \u2013Multimedia, PL \u2013 Gatire, ES \u2013 Design, RO \u2013\nsport, TR \u2013 art\u0103.<\/p>\n\n\n\n<p>Pentru\nrealizarea acestor activit\u0103\u0163i elevii trebuie s\u0103 converseze \u00een limba englez\u0103. De\nasemenea, elevii vor fi implica\u0163i \u00een crearea rezultatelor pro\u00adiectului,\ncolectarea de date, centralizarea acestora, participarea la evenimente legate\nde proiect etc.<\/p>\n\n\n\n<p>Repartizarea\nsarcinilor s-a f\u0103cut astfel:<\/p>\n\n\n\n<p><em>&#8211; Turcia va g\u0103zdui prima mobilitate \u015fi va crea pagina de\ninternet comun\u0103 a proiectului.<\/em><\/p>\n\n\n\n<p><em>&#8211; Macedonia va g\u0103zdui a doua mobilitate \u015fi va fi\nresponsabil\u0103 de editarea filmelor create \u00een timpul \u00eent\u00e2lnirilor.<\/em><\/p>\n\n\n\n<p><em>&#8211; Spania va g\u0103zdui a treia mobilitate \u015fi va disemina\nproiectul utiliz\u00e2nd platforma eTwinning. Echipa spaniol\u0103 va crea \u015fi va\nactualiza Twininspirace, to\u0163i profesorii \u015fi studen\u0163ii vor contribui \u00een mod\nactiv la realizarea acestui lucru.<\/em><\/p>\n\n\n\n<p><em>&#8211; A patra mobilitate va fi \u00een Polonia, elevii fiind\nresponsabili de crearea calendarului proiectului, utilizat ca monitorizare \u015fi\ninstrument de diseminare la nivel interna\u0163ional.<\/em><\/p>\n\n\n\n<p><em>&#8211; Rom\u00e2nia va g\u0103zdui a cincea mobilitate. Va aduna toate\nmaterialele legate de proiect \u015fi va crea raportul de proiect.<\/em><\/p>\n\n\n\n<p><em>Rapoartele reuniunilor LTTA se vor materializa \u00een:<\/em><\/p>\n\n\n\n<p><em>&#8211; o revist\u0103 care va con\u0163ine materiale produse \u00een cadrul\nreuniunilor interna\u0163ionale;<\/em><\/p>\n\n\n\n<p><em>&#8211; un calendar ilustr\u00e2nd momentele importante ale proiectului;<\/em><\/p>\n\n\n\n<p><em>&#8211; un site comun al proiectului;<\/em><\/p>\n\n\n\n<p><em>&#8211; CD-uri de pove\u015fti foto-filme-imagini<\/em>.<\/p>\n\n\n\n<p>Subiectul\nproiectului \u015fi activit\u0103\u0163ile vor consolida procesul de comunicare \u00eentre cadrele\ndidactice \u015fi familii. Elevii se vor sim\u0163i mai aproape de profesorii lor, vor\nc\u00e2\u015ftiga o anumit\u0103 \u00eencredere pentru a-\u015fi \u00eemp\u0103rt\u0103\u015fi sentimentele \u015fi, pe de alt\u0103\nparte, profesorii vor \u00eenv\u0103\u0163a cum s\u0103 se apropie de genera\u0163ia t\u00e2n\u0103r\u0103.<\/p>\n\n\n\n<p>Prin urmare,\ngenerarea decalajului va sc\u0103dea. Metodele schimbate pe parcursul proiectului\nvor fi utilizate \u00een practica \u015fcolar\u0103 zilnic\u0103, \u015fcolile vor promova o cultur\u0103 \u00een\nacest domeniu care vizeaz\u0103 s\u0103 dezvolte obiceiurile elevilor de a lupta\n\u00eempotriva discrimin\u0103rii, a intimid\u0103rii \u015fi a violen\u0163ei. Participarea la proiect\nva beneficia foarte mult de dezvoltarea \u015fcolilor noastre.<\/p>\n\n\n\n<p><strong><em>Prof. Ovidiu\n\u0162OC junior, directorul Liceului cu Program Sportiv din Piatra-Neam\u0163<\/em><\/strong><\/p>\n","protected":false},"excerpt":{"rendered":"<p>Liceul cu Program Sportiv din Piatra-Neam\u0163 este, \u00eencep\u00e2nd cu acest an \u015fcolar, partener \u00eentr-un proiect Erasmus+, intitulat Fostering Tolerance And Respect Against Violence And Bullying. Acesta se adreseaz\u0103 elevilor de liceu \u015fi, al\u0103turi de pietreni, mai implic\u0103 tineri de la&hellip;<\/p>\n<p class=\"more-link-p\"><a class=\"more-link\" href=\"http:\/\/www.slineamt.ro\/apostolul\/pasi-spre-europa\/liceul-cu-program-sportiv-din-piatra-neamt-partener-intr-un-proiect-erasmus\/\">Read more &rarr;<\/a><\/p>\n","protected":false},"author":1,"featured_media":0,"comment_status":"open","ping_status":"closed","sticky":false,"template":"","format":"standard","meta":{"footnotes":""},"categories":[9,411],"tags":[],"class_list":["post-18381","post","type-post","status-publish","format-standard","hentry","category-pasi-spre-europa","category-numarul-226"],"_links":{"self":[{"href":"http:\/\/www.slineamt.ro\/apostolul\/wp-json\/wp\/v2\/posts\/18381","targetHints":{"allow":["GET"]}}],"collection":[{"href":"http:\/\/www.slineamt.ro\/apostolul\/wp-json\/wp\/v2\/posts"}],"about":[{"href":"http:\/\/www.slineamt.ro\/apostolul\/wp-json\/wp\/v2\/types\/post"}],"author":[{"embeddable":true,"href":"http:\/\/www.slineamt.ro\/apostolul\/wp-json\/wp\/v2\/users\/1"}],"replies":[{"embeddable":true,"href":"http:\/\/www.slineamt.ro\/apostolul\/wp-json\/wp\/v2\/comments?post=18381"}],"version-history":[{"count":1,"href":"http:\/\/www.slineamt.ro\/apostolul\/wp-json\/wp\/v2\/posts\/18381\/revisions"}],"predecessor-version":[{"id":18387,"href":"http:\/\/www.slineamt.ro\/apostolul\/wp-json\/wp\/v2\/posts\/18381\/revisions\/18387"}],"wp:attachment":[{"href":"http:\/\/www.slineamt.ro\/apostolul\/wp-json\/wp\/v2\/media?parent=18381"}],"wp:term":[{"taxonomy":"category","embeddable":true,"href":"http:\/\/www.slineamt.ro\/apostolul\/wp-json\/wp\/v2\/categories?post=18381"},{"taxonomy":"post_tag","embeddable":true,"href":"http:\/\/www.slineamt.ro\/apostolul\/wp-json\/wp\/v2\/tags?post=18381"}],"curies":[{"name":"wp","href":"https:\/\/api.w.org\/{rel}","templated":true}]}}