{"id":18393,"date":"2019-11-25T15:02:58","date_gmt":"2019-11-25T15:02:58","guid":{"rendered":"http:\/\/www.slineamt.ro\/apostolul\/?p=18393"},"modified":"2019-11-25T15:02:58","modified_gmt":"2019-11-25T15:02:58","slug":"eveniment-olimpiada-internationala-de-astronomie-de-la-piatra-neamt","status":"publish","type":"post","link":"http:\/\/www.slineamt.ro\/apostolul\/pasi-spre-europa\/eveniment-olimpiada-internationala-de-astronomie-de-la-piatra-neamt\/","title":{"rendered":"EVENIMENT: Olimpiada Interna\u0163ional\u0103 de Astronomie de la Piatra-Neam\u0163"},"content":{"rendered":"\n<p>A XXIV-a edi\u0163ie\na Olimpiadei Interna\u0163ionale de Astronomie de la Piatra-Neam\u0163, din perioada\n18-27 octombrie, se consacr\u0103 drept evenimentul educa\u0163ional al anului 2019. F\u0103r\u0103\nfrontierele limbii \u015fi culturilor celor 148 de elevi \u015fi profesori, veni\u0163i din 21\nde \u0163\u0103ri din Europa, America \u015fi Asia, limbajul comun a fost curiozitatea de a se\ncunoa\u015fte, de a explora \u0163inutul Neam\u0163ului, bucuria de a \u00eemp\u0103rt\u0103\u015fi experien\u0163e\ninedite, tr\u0103ite \u00een cele zece zile de eveniment. Desemnarea municipiului\nPiatra-Neam\u0163 ca gazd\u0103 a competi\u0163iei, \u00een anul c\u00e2nd se \u00eemplinesc 100 de ani de la\n\u00eenfiin\u0163area Uniunii Astronomice Interna\u0163ionale \u015fi 150 de ani de existen\u0163\u0103 a\nColegiului Na\u0163ional \u201ePetru Rare\u015f\u201d, a fost argumentul care a motivat organizarea\nimpecabil\u0103 a competi\u0163iei. Hot\u0103r\u00e2\u0163i s\u0103 dea tot ce au mai bun, cei 7 copii\nfrumo\u015fi care au compus echipa Rom\u00e2niei \u015fi-au adjudecat podiumul, cu o medalie\nde bronz, patru de argint \u015fi dou\u0103 de aur.<\/p>\n\n\n\n<p>Un spectacol\ndeosebit \u00een deschiderea oficial\u0103 a olimpiadei s-a desf\u0103\u015furat duminic\u0103, 20\noctombrie, la Sala Polivalent\u0103 din Piatra-Neam\u0163. Au fost implica\u0163i peste 1.800\nde directori, profesori \u015fi elevi din Neam\u0163. Oaspe\u0163ii au putut admira o expozi\u0163ie\ncu costume tradi\u0163ionale \u015fi obiecte de artizanat, o alta cu bun\u0103t\u0103\u0163i de toamn\u0103,\nmomente artistice (Liceul de Arte \u201eVictor Brauner\u201d \u015fi Seminarul Teologic \u201eSfin\u0163ii\n\u00cemp\u0103ra\u0163i Constantin \u015fi Elena\u201d) \u015fi folclorice (ansamblul \u201eTopora\u015ful\u201d al\nColegiului Tehnic \u201eGheorghe Cartianu\u201d Piatra-Neam\u0163, ansamblul \u201eC\u0103iu\u0163ii\u201d din\nBorle\u015fti \u015f. a.).<\/p>\n\n\n\n<p>Au urmat\nprobele competi\u0163iei: cea scris\u0103, din 21 octombrie, \u015fi cea practic\u0103, din 23\noctombrie, desf\u0103\u015furate la colegiul \u201ePetru Rare\u015f\u201d \u015fi cea observa\u0163ional\u0103, din\nnoaptea de 22 octombrie, derulat\u0103 pe stadionul municipal din Piatra-Neam\u0163, cu\n25 de sta\u0163ii de observare, cu telescoape identice pentru to\u0163i concuren\u0163ii.\nProba s-a desf\u0103\u015furat \u00eencep\u00e2nd cu ora 20.30 \u015fi s-a \u00eencheiat la ora 2, timp \u00een\ncare to\u0163i cei 98 de concuren\u0163i au analizat bolta cereasc\u0103 \u00een c\u0103utarea\nNeptunului \u015fi au r\u0103spuns cerin\u0163elor probei observa\u0163ionale. <\/p>\n\n\n\n<p>Premierea\nolimpicilor a avut loc la Teatrul Tineretului. Oaspe\u0163ii au fost \u00eent\u00e2mpina\u0163i cu\nexpozi\u0163ia de icoane pictate pe lemn, \u00een stil bizantin \u015fi neobizantin, a\nelevilor de la Seminarul Teologic Ortodox \u201eVeniamin Costachi\u201d M\u0103n\u0103stirea Neam\u0163,\n\u00een acordurile muzicii de camer\u0103 \u015fi celebra \u201eBalad\u0103\u201d a lui Ciprian Porumbescu.<\/p>\n\n\n\n<p>Emo\u0163iile au\nelectrizat atmosfera de gal\u0103 la momentul decern\u0103rii premiilor. Rezultat\nexcelent pentru Flavia Cristina Pascal, \u00een clasa a X-a la \u201ePetru Rare\u015f\u201d, care,\nla prima participare \u00een competi\u0163ia de \u00eenalt\u0103 anvergur\u0103, a c\u00e2\u015ftigat medalia de\nbronz. Medalii de argint au c\u00e2\u015ftigat Teodor Ionu\u0163 Grosu, de la Colegiul Na\u0163ional\n\u201eGheorghe Vr\u0103nceanu\u201d Bac\u0103u, Drago\u015f Andrei S\u00e2rghi, de la Colegiul Na\u0163ional\n\u201e\u015etefan cel Mare\u201d Suceava, Traian Rare\u015f Tu\u015f, de la Colegiul Na\u0163ional \u201eGheorghe\n\u015eincai\u201d Baia Mare \u015fi Adrian Marian \u0162iripa, de la Liceul Teoretic \u201eNicolae\nIorga\u201d Br\u0103ila. Medalii de aur au fost ob\u0163inute de Daria Teodora H\u0103r\u0103bor, de la\nColegiul Na\u0163ional \u201eVasile Alecsandri\u201d Gala\u0163i \u015fi George Cristian Ardeleanu, de\nla Liceul Interna\u0163ional de Informatic\u0103 Bucure\u015fti.<\/p>\n\n\n\n<p>La aceast\u0103\nedi\u0163ie s-au acordat diplome de participare pentru 36 de elevi, 31 medalii de\nbronz, 21 medalii de argint, 11 medalii de aur, 9 premii speciale, diplome\nacordate profesorilor coordonatori ai echipelor din \u0163\u0103rile participante.\nMinisterul Educa\u0163iei Na\u0163ionale a acordat diplome de excelen\u0163\u0103 organizatorilor.<\/p>\n\n\n\n<p>Referindu-se\nla eveniment, inspectorul Cristinel Secar\u0103 a conchis: \u201eOrganizarea unei competi\u0163ii\ninterna\u0163ionale la cel mai \u00eenalt nivel \u015ftiin\u0163ific a necesitat un efort\nremarcabil al \u00eentregii comunit\u0103\u0163i educa\u0163ionale din jude\u0163ul Neam\u0163: 165 de profesori\nde fizic\u0103 din liceele \u015fi \u015fcolile gimnaziale membrii Asocia\u0163iei profesorilor de\nfizic\u0103 \u00abPhysics@NT\u00bb, profesori de limbi str\u0103ine, istorie-geografie, arte,\ninformatic\u0103, tehnologii, peste 80 de elevi voluntari din \u015fcolile nem\u0163ene. \u00cen\nnumele organizatorilor, mul\u0163umim tuturor factorilor implica\u0163i \u00een organizarea\nedi\u0163iei a XXIV-a a Olimpiadei Interna\u0163ionale de Astronomie la Piatra Neam\u0163, edi\u0163ie\ncare, conform participan\u0163ilor, a fost una memorabil\u0103!\u201d. (<strong>N. R.<\/strong> \u2013 text prelucrat. Sursa: <em>Mesagerul\nde Neam\u0163<\/em>)<\/p>\n\n\n\n<p><strong><em>Red.<\/em><\/strong><\/p>\n","protected":false},"excerpt":{"rendered":"<p>A XXIV-a edi\u0163ie a Olimpiadei Interna\u0163ionale de Astronomie de la Piatra-Neam\u0163, din perioada 18-27 octombrie, se consacr\u0103 drept evenimentul educa\u0163ional al anului 2019. F\u0103r\u0103 frontierele limbii \u015fi culturilor celor 148 de elevi \u015fi profesori, veni\u0163i din 21 de \u0163\u0103ri din&hellip;<\/p>\n<p class=\"more-link-p\"><a class=\"more-link\" href=\"http:\/\/www.slineamt.ro\/apostolul\/pasi-spre-europa\/eveniment-olimpiada-internationala-de-astronomie-de-la-piatra-neamt\/\">Read more &rarr;<\/a><\/p>\n","protected":false},"author":1,"featured_media":0,"comment_status":"open","ping_status":"closed","sticky":false,"template":"","format":"standard","meta":{"footnotes":""},"categories":[9,411],"tags":[],"class_list":["post-18393","post","type-post","status-publish","format-standard","hentry","category-pasi-spre-europa","category-numarul-226"],"_links":{"self":[{"href":"http:\/\/www.slineamt.ro\/apostolul\/wp-json\/wp\/v2\/posts\/18393","targetHints":{"allow":["GET"]}}],"collection":[{"href":"http:\/\/www.slineamt.ro\/apostolul\/wp-json\/wp\/v2\/posts"}],"about":[{"href":"http:\/\/www.slineamt.ro\/apostolul\/wp-json\/wp\/v2\/types\/post"}],"author":[{"embeddable":true,"href":"http:\/\/www.slineamt.ro\/apostolul\/wp-json\/wp\/v2\/users\/1"}],"replies":[{"embeddable":true,"href":"http:\/\/www.slineamt.ro\/apostolul\/wp-json\/wp\/v2\/comments?post=18393"}],"version-history":[{"count":1,"href":"http:\/\/www.slineamt.ro\/apostolul\/wp-json\/wp\/v2\/posts\/18393\/revisions"}],"predecessor-version":[{"id":18399,"href":"http:\/\/www.slineamt.ro\/apostolul\/wp-json\/wp\/v2\/posts\/18393\/revisions\/18399"}],"wp:attachment":[{"href":"http:\/\/www.slineamt.ro\/apostolul\/wp-json\/wp\/v2\/media?parent=18393"}],"wp:term":[{"taxonomy":"category","embeddable":true,"href":"http:\/\/www.slineamt.ro\/apostolul\/wp-json\/wp\/v2\/categories?post=18393"},{"taxonomy":"post_tag","embeddable":true,"href":"http:\/\/www.slineamt.ro\/apostolul\/wp-json\/wp\/v2\/tags?post=18393"}],"curies":[{"name":"wp","href":"https:\/\/api.w.org\/{rel}","templated":true}]}}