{"id":18402,"date":"2019-11-25T15:04:52","date_gmt":"2019-11-25T15:04:52","guid":{"rendered":"http:\/\/www.slineamt.ro\/apostolul\/?p=18402"},"modified":"2019-11-25T15:05:39","modified_gmt":"2019-11-25T15:05:39","slug":"complexul-muzeal-national-neamt-la-expozitia-originile-europei-civilizatii-preistorice-intre-carpati-si-dunarea-de-jos","status":"publish","type":"post","link":"http:\/\/www.slineamt.ro\/apostolul\/pasi-spre-europa\/complexul-muzeal-national-neamt-la-expozitia-originile-europei-civilizatii-preistorice-intre-carpati-si-dunarea-de-jos\/","title":{"rendered":"Complexul Muzeal Na\u0163ional Neam\u0163, la expozi\u0163ia \u201eOriginile Europei. Civiliza\u0163ii preistorice \u00eentre Carpa\u0163i \u015fi Dun\u0103rea de Jos\u201d"},"content":{"rendered":"\n<div class=\"wp-block-image\"><figure class=\"alignleft\"><img loading=\"lazy\" decoding=\"async\" width=\"300\" height=\"425\" src=\"https:\/\/www.slineamt.ro\/apostolul\/wp-content\/uploads\/2019\/11\/07-ap226-foto1.jpg\" alt=\"\" class=\"wp-image-18405\" srcset=\"http:\/\/www.slineamt.ro\/apostolul\/wp-content\/uploads\/2019\/11\/07-ap226-foto1.jpg 300w, http:\/\/www.slineamt.ro\/apostolul\/wp-content\/uploads\/2019\/11\/07-ap226-foto1-212x300.jpg 212w, http:\/\/www.slineamt.ro\/apostolul\/wp-content\/uploads\/2019\/11\/07-ap226-foto1-260x368.jpg 260w, http:\/\/www.slineamt.ro\/apostolul\/wp-content\/uploads\/2019\/11\/07-ap226-foto1-160x227.jpg 160w\" sizes=\"auto, (max-width: 300px) 100vw, 300px\" \/><\/figure><\/div>\n\n\n\n<p>Muzeul Na\u0163ional\nde Istorie a Rom\u00e2niei \u015fi Institutul Cultural Rom\u00e2n anun\u0163\u0103 deschiderea expozi\u0163iei\n\u201eOriginile Europei. Civiliza\u0163ii preistorice \u00eentre Carpa\u0163i \u015fi Dun\u0103rea de Jos\u201d,\ncea de-a doua expozi\u0163ie cu tematic\u0103 arheologic\u0103 organizat\u0103 \u00een cadrul\nFestivalului Interna\u0163ional de Arte EUROPALIA.<\/p>\n\n\n\n<p>Peste 450 de\nbunuri culturale \u015fi seturi de artefacte arheologice acoperind o perioad\u0103 de\naproape cinci milenii, obiecte preistorice descoperite pe teritoriul actual al\nRom\u00e2niei prin cercet\u0103ri arheologice mai vechi sau mai recente, piese deosebit\nde valoroase apar\u0163in\u00e2nd culturilor neo-eneolitice Hamangia, V\u0103dastra, Gumelni\u0163a\nsau Cucuteni, dar \u015fi culturilor Monteoru, Wietenberg sau Otomani din perioada\nepocii bronzului, precum \u015fi culturilor G\u00e1va sau Basarabi din prima epoc\u0103 a\nfierului vor fi expuse la Muzeul Grand Curtius din Li\u00e8ge, Belgia, \u00een perioada 8\nnoiembrie 2019 \u2013 26 aprilie 2020, \u00een cadrul festivalului EUROPALIA.<\/p>\n\n\n\n<p>La aceast\u0103\nexpozi\u0163ie organizat\u0103 de Muzeul Na\u0163ional de Istorie a Rom\u00e2niei particip\u0103 \u015fi\ninstitu\u0163ia muzeal\u0103 nem\u0163ean\u0103, dar sub noua titulatur\u0103, dup\u0103 cum se poate vedea\ndin afi\u015ful manifest\u0103rii: <strong>Complexul\nMuzeal Na\u0163ional Neam\u0163<\/strong>. Comisia Na\u0163ional\u0103 a Muzeelor \u015fi Colec\u0163iilor a avizat\nsolicitarea de trecere \u00een categoria muzeelor de importan\u0163\u0103 na\u0163ional\u0103.<\/p>\n\n\n\n<p>Consiliul\nJude\u0163ean Neam\u0163, potrivit prevederilor art. 14 din Normele de clasificare a\nmuzeelor \u015fi a colec\u0163iilor publice, aprobate prin ordinul ministrului culturii\n\u015fi cultelor nr. 2185\/2007, a solicitat acordarea titulaturii de muzeu de\nimportan\u0163\u0103 na\u0163ional\u0103, precum \u015fi schimbarea denumirii Complexului Muzeal Jude\u0163ean\nNeam\u0163 \u00een Complexul Muzeal Na\u0163ional Neam\u0163. \u00cen acest scop, a fost adus drept\nargument faptul c\u0103 \u00een patrimoniul muzeului se afl\u0103 colec\u0163ii unicat la nivel na\u0163ional\ncum sunt colec\u0163ia de pe\u015fti fosili oligoceni din patrimoniul Muzeului de \u015etiin\u0163e\nNaturale Piatra-Neam\u0163 \u015fi colec\u0163ia de numismatic\u0103 a Muzeului de Istorie \u015fi\nArheologie Piatra-Neam\u0163. Colec\u0163ia de pe\u015fti Oligoceni reprezint\u0103 cea mai\nimportant\u0103 colec\u0163ie \u015ftiin\u0163ific\u0103 de acest gen din \u0163ar\u0103 \u015fi una dintre cele mai\nimportante din Europa, al\u0103tur\u00e2ndu-se \u00een acest fel colec\u0163iilor similare din\nmuzeele de la Moscova (Rusia), Wroclaw (Polonia), Brno (Cehia), Viena\n(Austria), Darmstadt (Germania), Paris (Fran\u0163a). Unicitatea depozitelor\nfosilifere din jurul ora\u015fului Piatra-Neam\u0163 (Pietricica, Cozla, Cernegura,\nAg\u00e2rcia), diversitatea deosebit\u0103 \u015fi importan\u0163a \u015ftiin\u0163ific\u0103 a speciilor de pe\u015fti\nfosili Oligoceni au atras aten\u0163ia paleoihtiologilor din diferite institu\u0163ii\neuropene de profil \u015fi nu numai; astfel, o parte din colec\u0163ia \u015ftiin\u0163ific\u0103 de\npe\u015fti fosili a fost itinerat\u0103 \u00een cadrul unor expozi\u0163ii interna\u0163ionale\n(Solnhofen \u2013 Germania) \u00een timp ce colabor\u0103rile cu diferi\u0163i cercet\u0103tori au\npermis participarea speciali\u015ftilor muzeului \u00eentr-o serie de expedi\u0163ii finan\u0163ate\nde National Geographic Society (Washington, USA) care au avut ca scop\ncolectarea de material ihtiofaunistic fosil din diferite loca\u0163ii, \u00een vederea\nstudiului comparativ. Colec\u0163ia numismatic\u0103 a Muzeului de Istorie \u015fi Arheologie\nPiatra-Neam\u0163 este format\u0103 din piese monetare \u00eencadrate cronologic \u00eentre secolul\nal IV-lea \u00ee.Hr. \u015fi secolul al XVIII-lea, care au intrat \u00een posesia muzeului \u00een\nurma cercet\u0103rilor arheologice, descoperiri \u00eent\u00e2mpl\u0103toare, dona\u0163ii \u015fi achizi\u0163ii.\nTotodat\u0103, Muzeul de Art\u0103 Eneolitic\u0103 Cucuteni constituie un unicat la nivel na\u0163ional,\nprin tematica abordat\u0103 (dedicat\u0103 exclusiv artei decorative \u015fi figurative\ncucuteniene), fiind \u00een acela\u015fi timp un muzeu de arheologie, de istorie, dar \u015fi\nde art\u0103, ce ad\u0103poste\u015fte \u00een prezent cea mai important\u0103 colec\u0163ie de art\u0103\nneo-eneolitic\u0103 din sud-estul Europei. Aici sunt expuse \u00een prezent cele mai\nspectaculoase artefacte cucuteniene descoperite pe actualul teritoriu al\nRom\u00e2niei, capodopere ale artei preistorice, ce constituie veritabile obiecte de\nprestigiu, toate fiind clasate \u00een categoriile tezaur \u015fi fond ale patrimoniului\ncultural na\u0163ional mobil. \u00cen muzeu sunt valorificate expozi\u0163ional deopotriv\u0103\nobiecte tridimensionale \u015fi materiale foto- documentare, apar\u0163in\u00e2nd tuturor\nfazelor \u015fi etapelor de evolu\u0163ie ale acestei civiliza\u0163ii, de pe \u00eentreg arealul\nrom\u00e2nesc.<\/p>\n\n\n\n<p>&nbsp;\u00cen considerarea prevederilor art. 16 alin.(1)\n\u015fi (2) din Legea nr. 311\/2003 a muzeelor \u015fi a colec\u0163iilor publice, republicat\u0103,\nsolicitarea Consiliului Jude\u0163ean Neam\u0163 a fost supus\u0103 analizei Comisiei Na\u0163ionale\na Muzeelor \u015fi Colec\u0163iilor \u00een \u015fedin\u0163a din 30.07.2019 \u015fi din 24.09.2019. Din\nexaminarea documenta\u0163iei depuse s-a putut constata c\u0103 Muzeul se \u00eencadreaz\u0103 \u00een\nexcep\u0163ia prev\u0103zut\u0103 la alin. (3) al art. 6 din Normele de clasificare a muzeelor\n\u015fi a colec\u0163iilor publice, aprobate prin Ordinul nr. 2185\/2007, de\u0163in\u00e2nd \u00een\npatrimoniul s\u0103u bunuri cultural mobile ce constituie colec\u0163ii unicat la nivel\nna\u0163ional. Astfel, prin Avizul cu nr. 4797\/DPC\/30.07.2019 \u015fi nr.\n7116\/DPC\/24.09.2019, Comisia Na\u0163ional\u0103 a Muzeelor \u015fi Colec\u0163iilor a avizat\nsolicitarea Consiliului Jude\u0163ean Neam\u0163.<\/p>\n\n\n\n<p>Pornind de\nla aceste considerente a fost elaborat un proiect de Hot\u0103r\u00e2re privind acordarea\ntitulaturii de muzeu de importan\u0163\u0103 na\u0163ional\u0103 Complexului Muzeal Jude\u0163ean Neam\u0163\n\u015fi pentru aprobarea schimb\u0103rii denumirii acestuia, proiect supus spre adoptare\nGuvernului. (Sursa: Comunicat Complexul Muzeal Jude\u0163ean Neam\u0163)<\/p>\n\n\n\n<p><strong><em>Red.<\/em><\/strong><\/p>\n","protected":false},"excerpt":{"rendered":"<p>Muzeul Na\u0163ional de Istorie a Rom\u00e2niei \u015fi Institutul Cultural Rom\u00e2n anun\u0163\u0103 deschiderea expozi\u0163iei \u201eOriginile Europei. Civiliza\u0163ii preistorice \u00eentre Carpa\u0163i \u015fi Dun\u0103rea de Jos\u201d, cea de-a doua expozi\u0163ie cu tematic\u0103 arheologic\u0103 organizat\u0103 \u00een cadrul Festivalului Interna\u0163ional de Arte EUROPALIA. Peste 450&hellip;<\/p>\n<p class=\"more-link-p\"><a class=\"more-link\" href=\"http:\/\/www.slineamt.ro\/apostolul\/pasi-spre-europa\/complexul-muzeal-national-neamt-la-expozitia-originile-europei-civilizatii-preistorice-intre-carpati-si-dunarea-de-jos\/\">Read more &rarr;<\/a><\/p>\n","protected":false},"author":1,"featured_media":0,"comment_status":"open","ping_status":"closed","sticky":false,"template":"","format":"standard","meta":{"footnotes":""},"categories":[9,411],"tags":[],"class_list":["post-18402","post","type-post","status-publish","format-standard","hentry","category-pasi-spre-europa","category-numarul-226"],"_links":{"self":[{"href":"http:\/\/www.slineamt.ro\/apostolul\/wp-json\/wp\/v2\/posts\/18402","targetHints":{"allow":["GET"]}}],"collection":[{"href":"http:\/\/www.slineamt.ro\/apostolul\/wp-json\/wp\/v2\/posts"}],"about":[{"href":"http:\/\/www.slineamt.ro\/apostolul\/wp-json\/wp\/v2\/types\/post"}],"author":[{"embeddable":true,"href":"http:\/\/www.slineamt.ro\/apostolul\/wp-json\/wp\/v2\/users\/1"}],"replies":[{"embeddable":true,"href":"http:\/\/www.slineamt.ro\/apostolul\/wp-json\/wp\/v2\/comments?post=18402"}],"version-history":[{"count":2,"href":"http:\/\/www.slineamt.ro\/apostolul\/wp-json\/wp\/v2\/posts\/18402\/revisions"}],"predecessor-version":[{"id":18411,"href":"http:\/\/www.slineamt.ro\/apostolul\/wp-json\/wp\/v2\/posts\/18402\/revisions\/18411"}],"wp:attachment":[{"href":"http:\/\/www.slineamt.ro\/apostolul\/wp-json\/wp\/v2\/media?parent=18402"}],"wp:term":[{"taxonomy":"category","embeddable":true,"href":"http:\/\/www.slineamt.ro\/apostolul\/wp-json\/wp\/v2\/categories?post=18402"},{"taxonomy":"post_tag","embeddable":true,"href":"http:\/\/www.slineamt.ro\/apostolul\/wp-json\/wp\/v2\/tags?post=18402"}],"curies":[{"name":"wp","href":"https:\/\/api.w.org\/{rel}","templated":true}]}}