{"id":18414,"date":"2019-11-25T15:11:31","date_gmt":"2019-11-25T15:11:31","guid":{"rendered":"http:\/\/www.slineamt.ro\/apostolul\/?p=18414"},"modified":"2019-11-25T15:11:31","modified_gmt":"2019-11-25T15:11:31","slug":"de-la-evora-la-hong-kong","status":"publish","type":"post","link":"http:\/\/www.slineamt.ro\/apostolul\/pasi-spre-europa\/de-la-evora-la-hong-kong\/","title":{"rendered":"De la Evora la Hong Kong"},"content":{"rendered":"\n<div class=\"wp-block-image\"><figure class=\"alignleft\"><img loading=\"lazy\" decoding=\"async\" width=\"323\" height=\"482\" src=\"https:\/\/www.slineamt.ro\/apostolul\/wp-content\/uploads\/2019\/11\/06-ap226-foto1.jpg\" alt=\"\" class=\"wp-image-18417\" srcset=\"http:\/\/www.slineamt.ro\/apostolul\/wp-content\/uploads\/2019\/11\/06-ap226-foto1.jpg 323w, http:\/\/www.slineamt.ro\/apostolul\/wp-content\/uploads\/2019\/11\/06-ap226-foto1-201x300.jpg 201w, http:\/\/www.slineamt.ro\/apostolul\/wp-content\/uploads\/2019\/11\/06-ap226-foto1-260x388.jpg 260w, http:\/\/www.slineamt.ro\/apostolul\/wp-content\/uploads\/2019\/11\/06-ap226-foto1-160x239.jpg 160w\" sizes=\"auto, (max-width: 323px) 100vw, 323px\" \/><\/figure><\/div>\n\n\n\n<p>La \u00eenceput\nde an \u015fcolar, doi talenta\u0163i elevi nem\u0163eni, membri ai Cercului de Pictur\u0103 II din\ncadrul Palatului Copiilor din Piatra-Neam\u0163 coordonat de prof. Cristina\nPetrariu, au primit dou\u0103 distinc\u0163ii importante pentru \u00eenalta \u0163inut\u0103 a\nlucr\u0103rilor realizate, precum \u015fi invita\u0163ia de a participa, \u00een perioada 7-16\noctombrie, la prestigiosul Festival Interna\u0163ional de Art\u0103 pentru copii \u201eXX th\nINTERNATIONAL MEETING OF JUVENILE ART\u201d \u2013 Evora, Portugalia 2019.<\/p>\n\n\n\n<p><strong>Miruna Ioana Mor\u0163e<\/strong> \u015fi <strong>Lauren\u0163iu\nEmanuel P\u0103r<\/strong> sunt de 10 ani elevii profesoarei Cristina Petrariu la Palatul\nCopiilor, timp \u00een care s-au distins prin premiile pe care le-au ob\u0163inut \u015fi prin\nvolumul uria\u015f de munc\u0103 depus la Palat, la Atelierul de Arte din cadrul Asocia\u0163iei\nCulturale \u201eArte.Ro\u201d, unde sunt membri de foarte mult timp, \u015fi la Liceul de Arte\n\u201eVictor Brauner\u201d, ei fiind colegi \u00een clasa a X-a.<\/p>\n\n\n\n<p>Cei doi\nelevi au fost selecta\u0163i s\u0103 participe la festival dintr-un num\u0103r de 14 elevi\ncoordona\u0163i de c\u0103tre profesoara lor de la Palatul Copiilor, care au ob\u0163inut\npremii la edi\u0163ia precedent\u0103 a concursului interna\u0163ional din Portugalia (Miruna\nIoana Mor\u0163e \u2013 medalie de aur, Lauren\u0163iu Emanuel P\u0103r, Popa Teodora \u015fi Vasiliu\nAnda \u2013 medalie de argint, Tatulea Alexandra, Munteanu Maria Alexandra, Mor\u0163e\nMaia, Lecu\u015fescu Larisa, Iliu\u0163\u0103 Matei, Cru\u015fitu Sabina, Constantin Flavia, Cazan\nGiorgia Aurora, B\u00e2rsan Teodora, Mihai Anasatasia \u2013 Men\u0163iuni de onoare).<\/p>\n\n\n\n<div class=\"wp-block-image\"><figure class=\"alignright\"><img loading=\"lazy\" decoding=\"async\" width=\"406\" height=\"346\" src=\"https:\/\/www.slineamt.ro\/apostolul\/wp-content\/uploads\/2019\/11\/06-ap226-foto2.jpg\" alt=\"\" class=\"wp-image-18420\" srcset=\"http:\/\/www.slineamt.ro\/apostolul\/wp-content\/uploads\/2019\/11\/06-ap226-foto2.jpg 406w, http:\/\/www.slineamt.ro\/apostolul\/wp-content\/uploads\/2019\/11\/06-ap226-foto2-300x256.jpg 300w, http:\/\/www.slineamt.ro\/apostolul\/wp-content\/uploads\/2019\/11\/06-ap226-foto2-260x222.jpg 260w, http:\/\/www.slineamt.ro\/apostolul\/wp-content\/uploads\/2019\/11\/06-ap226-foto2-160x136.jpg 160w\" sizes=\"auto, (max-width: 406px) 100vw, 406px\" \/><\/figure><\/div>\n\n\n\n<p>\u00cen semn de\npre\u0163uire a efortului participan\u0163ilor \u015fi a elevilor premia\u0163i, organizatorii\nconcursului \u2013 Consiliul Municipalit\u0103\u0163ii din Evora, Departamentul Regional de\nCultur\u0103 din Evora, Funda\u0163ia \u201eEugenio de Almeida\u201d \u015fi Funda\u0163ia Cultural\u0103\n\u201eTEOARTIS Gallery\u201d \u2013 au invitat \u0163\u0103rile c\u00e2\u015ftig\u0103toare, la premierea oficial\u0103 care\na avut loc \u00een incinta Prim\u0103riei ora\u015fului Evora, luni 7 octombrie 2019. Au fost\nprezen\u0163i elevii c\u00e2\u015ftig\u0103tori, \u00eenso\u0163i\u0163i de profesorii lor, din urm\u0103toarele \u0163\u0103ri:\nPortugalia, Rusia (Moscova \u015fi Novosibirsk), Slovenia, Hong Kong, Israel,\nTurcia, Ucraina, Egipt, Bulgaria \u015fi Rom\u00e2nia.<\/p>\n\n\n\n<p>Dup\u0103 ce au\nfost premia\u0163i pentru lucr\u0103rile expediate la concurs, cei peste 50 de elevi\nc\u00e2\u015ftig\u0103tori au fost invita\u0163i s\u0103 participe la o tab\u0103r\u0103 de crea\u0163ie plastic\u0103 care\na durat 7 zile. \u00cen acest r\u0103stimp, tinerii arti\u015fti au surprins \u00een crea\u0163iile lor,\npict\u00e2nd \u00een plein-air, \u00een tehnici ale desenului, graficii \u015fi picturii, fragmente\ndin istoria ora\u015fului vechi Evora reprezent\u00e2nd vestigii romane, poduri, cl\u0103diri,\nviaducte, stradele, biserici \u015fi pie\u0163e.<\/p>\n\n\n\n<p>De asemenea,\ngazdele au organizat vizite \u00een ora\u015fele Nazare, Bathalia, Monsaraz \u015fi Fatima,\nlocuri \u00een care elevii au luat contact cu particularit\u0103\u0163ile arhitecturale ale\nstilului gotic manuelin \u015fi au realizat in situ schi\u0163e de peisaj \u015fi detalii de\narhitectur\u0103.<\/p>\n\n\n\n<p>La sf\u00e2r\u015fitul\ntaberei, s-au premiat cele mai bune lucr\u0103ri realizate pe parcursul celor 6\nzile, iar Rom\u00e2nia a mai \u00eenregistrat o victorie frumoas\u0103, ob\u0163in\u00e2nd dou\u0103 distinc\u0163ii\npre\u0163ioase: Men\u0163iunea de onoare la sec\u0163iunea individual, grupa de v\u00e2rst\u0103 15-18\nani, pentru elevii Lauren\u0163iu Emanuel P\u0103r (grafic\u0103) \u015fi Miruna Ioana Mor\u0163e\n(pictur\u0103). <\/p>\n\n\n\n<div class=\"wp-block-image\"><figure class=\"alignleft\"><img loading=\"lazy\" decoding=\"async\" width=\"330\" height=\"496\" src=\"https:\/\/www.slineamt.ro\/apostolul\/wp-content\/uploads\/2019\/11\/06-ap226-foto3.jpg\" alt=\"\" class=\"wp-image-18423\" srcset=\"http:\/\/www.slineamt.ro\/apostolul\/wp-content\/uploads\/2019\/11\/06-ap226-foto3.jpg 330w, http:\/\/www.slineamt.ro\/apostolul\/wp-content\/uploads\/2019\/11\/06-ap226-foto3-200x300.jpg 200w, http:\/\/www.slineamt.ro\/apostolul\/wp-content\/uploads\/2019\/11\/06-ap226-foto3-260x391.jpg 260w, http:\/\/www.slineamt.ro\/apostolul\/wp-content\/uploads\/2019\/11\/06-ap226-foto3-160x240.jpg 160w\" sizes=\"auto, (max-width: 330px) 100vw, 330px\" \/><\/figure><\/div>\n\n\n\n<p>Urmare a\nacestor rezultate, a palmaresului interna\u0163ional al Atelierului de Arte din\ncadrul Asocia\u0163iei Culturale \u201eArte.Ro\u201d, \u015fi evalu\u00e2nd portofoliile elevilor s\u0103i,\njuriul <strong><em>Art Next Expo<\/em><\/strong> (Hong Kong) a decis ca Rom\u00e2nia s\u0103 fie\nreprezentat\u0103 la acest eveniment global, la \u00eenceputul lunii noiembrie 2019, de\nprof. Cristina Petrariu, \u00eempreun\u0103 cu Miruna Ioana Mor\u0163e \u015fi Lauren\u0163iu Emanuel\nP\u0103r.<\/p>\n\n\n\n<p>\u201eSunt rare\nsitua\u0163iile \u00een care m-am sim\u0163it mai apreciat\u0103 profesional dec\u00e2t acum. Aceast\u0103\ninvita\u0163ie de a reprezenta Rom\u00e2nia la Art Next Expo din Hong Kong, reprezint\u0103\npentru mine confirmarea interna\u0163ional\u0103 la cel mai \u00eenalt nivel al preg\u0103tirii \u015fi\nmuncii mele cu elevii pe care \u00eei coordonez. Toamna se num\u0103r\u0103 bobocii, \u015fi, de\u015fi\nnu sunt \u00eenc\u0103 (sper\u2026) ajuns\u0103 \u00een toamna vie\u0163ii profesionale, sunt la un frumos\nmoment de bilan\u0163. Rezultatele acestor copiii m\u0103 asigur\u0103 din nou c\u0103 fac ceea ce\ntrebuie, c\u0103 fac bine ceea ce fac, cu sacrificiile inerente, \u00een fiecare zi, c\u0103\nefortul meu contribuie \u00eenc\u0103 pu\u0163in la o imagine pozitiv\u0103 a Rom\u00e2niei \u00een lume.\nAcum este momentul \u00een care demonstr\u0103m \u00eenc\u0103 o dat\u0103, c\u0103 Rom\u00e2nia nu este doar \u0163ara\ndublelor standarde, o \u0163ar\u0103 de m\u00e2na a doua, a corup\u0163iei \u015fi a ignoran\u0163ei. Ace\u015fti\ncopii sunt cei mai patrio\u0163i rom\u00e2ni pe care \u00eei cunosc, pentru c\u0103 reprezint\u0103 o\nRom\u00e2nie care st\u0103 dreapt\u0103, cu fruntea sus, datorit\u0103 rezultatelor lor excep\u0163ionale,\ndatorit\u0103 sacrificiului lor zilnic, contorizat \u00een multe ore de munc\u0103, \u00een renun\u0163\u0103ri,\n\u00een decen\u0163\u0103 \u015fi bun sim\u0163\u201d a declarat Cristina Petrariu, pre\u015fedinta Asocia\u0163iei\nCulturale \u201eArte.Ro\u201d.<\/p>\n\n\n\n<p><strong>\u201eArt Next Expo\u201d, o experien\u0163\u0103 de neuitat<\/strong><\/p>\n\n\n\n<p><strong><em>Bienala Art\nNext Expo<\/em><\/strong> a\nfost fondat\u0103 \u00een 2015, fiind singura expozi\u0163ie \u015fi t\u00e2rg interna\u0163ional de art\u0103\npentru tinerii arti\u015fti emergen\u0163i din \u00eentreaga lume. Evenimentul pune fa\u0163\u0103 \u00een fa\u0163\u0103\ncei mai valoro\u015fi tineri arti\u015fti ai momentului de pe tot mapamondul, curatori \u015fi\ncolec\u0163ionari de art\u0103. \u00cen 2017, evenimentul organizat de guvernul din Hong Kong,\na str\u00e2ns laolalt\u0103 o sut\u0103 de tineri arti\u015fti selecta\u0163i din 19 \u0163\u0103ri. Edi\u0163ia\naceasta a fost organizat\u0103 de guvernul din Hong Kong, \u00een parteneriat cu Academii\nde art\u0103, galerii \u015fi consulate\u00adle \u0163\u0103rilor participante, precum \u015fi cu muzee de\nprestigiu din \u00eentreaga lume.<\/p>\n\n\n\n<p>Anul acesta,\ncea de a treia expozi\u0163ie a Bienalei <strong><em>Art Next Expo<\/em><\/strong>, a avut loc \u00een Hong\nKong, \u00een perioada 1-4 noiembrie, \u015fi a reunit din nou peste o sut\u0103 de participan\u0163i\nde pe mapamond. Ei s-au bucurat de prezen\u0163a unui public avizat \u015fi extrem de\nnumeros, alc\u0103tuit din curatori, colec\u0163ionari de art\u0103, ata\u015fa\u0163i culturali, membri\nai ministerelor culturii \u015fi educa\u0163iei din Hong Kong, elevi \u015fi studen\u0163i,\nlocalnici \u015fi turi\u015fti. Expozi\u0163ia a constituit o platform\u0103 foarte important\u0103 de\nprezentare \u015fi promovare a \u0163\u0103rilor participante, prin intermediul lucr\u0103rilor de\nart\u0103 de \u00eenalt\u0103 \u0163inut\u0103 \u015fi implicit prin arti\u015ftii participan\u0163i.<\/p>\n\n\n\n<div class=\"wp-block-image\"><figure class=\"alignright\"><img loading=\"lazy\" decoding=\"async\" width=\"290\" height=\"456\" src=\"https:\/\/www.slineamt.ro\/apostolul\/wp-content\/uploads\/2019\/11\/06-ap226-foto4.jpg\" alt=\"\" class=\"wp-image-18426\" srcset=\"http:\/\/www.slineamt.ro\/apostolul\/wp-content\/uploads\/2019\/11\/06-ap226-foto4.jpg 290w, http:\/\/www.slineamt.ro\/apostolul\/wp-content\/uploads\/2019\/11\/06-ap226-foto4-191x300.jpg 191w, http:\/\/www.slineamt.ro\/apostolul\/wp-content\/uploads\/2019\/11\/06-ap226-foto4-260x409.jpg 260w, http:\/\/www.slineamt.ro\/apostolul\/wp-content\/uploads\/2019\/11\/06-ap226-foto4-160x252.jpg 160w\" sizes=\"auto, (max-width: 290px) 100vw, 290px\" \/><\/figure><\/div>\n\n\n\n<p>Rom\u00e2nia a\nfost selectat\u0103 s\u0103 participe cu lucr\u0103rile a trei elevi: Maria Dima din\nBucure\u015fti; Miruna Mor\u0163e \u015fi Lauren\u0163iu P\u0103r din Piatra-Neam\u0163, de\u0163in\u0103torii a mai\nmultor premii interna\u0163ionale la concursuri din Japonia, Hong Kong, Rusia,\nUcraina, Bulgaria, Macedonia, Portugalia, Statele Unite, Israel, Turcia, \u015fi\nmulte altele.<\/p>\n\n\n\n<p>Curatorul\ndin Hong Kong care s-a ocupat de pavilionul European, reputatul profesor,\narhitect \u015fi artist vizual Henry Lau, \u00eempreun\u0103 cu doamna profesor Iris Lee, au\nselectat 13 elevi care au aplicat dosare cu portofolii deosebite \u015fi cv-uri\nimpresionante pentru participarea la acest eveniment. Au contat foarte mult \u00een\nprocesul de jurizare \u015fi selec\u0163ie, premiile interna\u0163ionale \u015fi particip\u0103rile\ncelor selec\u0163iona\u0163i la Festivaluri dedicate artei tinere. La aceast\u0103 sec\u0163iune,\nal\u0103turi de rom\u00e2ni au mai participat elevi din Serbia, Turcia, Israel,\nMacedonia, Rusia.<\/p>\n\n\n\n<p>Cei doi\nelevi pietreni, \u00eempreun\u0103 cu profesoara Cristina Petrariu, au vizitat\nnumeroasele pavilioane ale expozi\u0163iei desf\u0103\u015furate pe cele dou\u0103 niveluri ale\nPMQ, interac\u0163ion\u00e2nd cu arti\u015ftii participan\u0163i, au planificat colabor\u0103ri \u015fi\nschimburi de experien\u0163\u0103, dar au avut prilejul \u015fi s\u0103 exploreze turistic Hong\nKong-ul, bucur\u00e2ndu-se de atmosfera unic\u0103 a portului Victoria Harbour, a\npunctului de observa\u0163ie Victoria Peak, a str\u0103zilor aglomerate din Mong Kok \u015fi\nKowloon, sim\u0163indu-se cople\u015fi\u0163i de p\u0103durea de zg\u00e2rie nori din zona Central unde\nau \u015fi locuit timp de 6 zile, de aglomer\u0103rile urbane de pe insul\u0103 dar \u015fi de\natmosfera patriarhal\u0103 din Sai Kung, cu portul s\u0103u, str\u0103du\u0163ele \u00eenguste cu case\ntradi\u0163ionale \u015fi numeroasele restaurante specifice.<\/p>\n\n\n\n<p>\u201eLe mul\u0163umesc\norganizatorilor \u015fi juriului pentru decizia de a-i alege pe t\u00e2n\u0103ra artist\u0103\nbucure\u015fteanc\u0103 \u015fi pe cei doi elevi ai mei s\u0103 reprezinte arta t\u00e2n\u0103r\u0103 din Rom\u00e2nia\nla o manifestare at\u00e2t de prestigioas\u0103. Pentru mine, acest fapt constituie cel\nmai bun feedback posibil deocamdat\u0103 \u015fi cea mai bun\u0103 confirmare a muncii mele\ndidactice \u015fi artistice.<\/p>\n\n\n\n<div class=\"wp-block-image\"><figure class=\"alignleft is-resized\"><img loading=\"lazy\" decoding=\"async\" src=\"https:\/\/www.slineamt.ro\/apostolul\/wp-content\/uploads\/2019\/11\/06-ap226-foto5.jpg\" alt=\"\" class=\"wp-image-18429\" width=\"347\" height=\"260\" srcset=\"http:\/\/www.slineamt.ro\/apostolul\/wp-content\/uploads\/2019\/11\/06-ap226-foto5.jpg 461w, http:\/\/www.slineamt.ro\/apostolul\/wp-content\/uploads\/2019\/11\/06-ap226-foto5-300x225.jpg 300w, http:\/\/www.slineamt.ro\/apostolul\/wp-content\/uploads\/2019\/11\/06-ap226-foto5-260x195.jpg 260w, http:\/\/www.slineamt.ro\/apostolul\/wp-content\/uploads\/2019\/11\/06-ap226-foto5-160x120.jpg 160w\" sizes=\"auto, (max-width: 347px) 100vw, 347px\" \/><\/figure><\/div>\n\n\n\n<p>\u00cei felicit\npe Miruna \u015fi pe Lauren\u0163iu pentru performan\u0163a lor \u015fi le doresc r\u0103bdare,\nconsecven\u0163\u0103 \u015fi s\u0103 aib\u0103 \u00eencredere \u00een ei c\u0103 pot ajunge la un nivel la care pot\nschimba lucruri care conteaz\u0103. Au demonstrat inteligen\u0163\u0103, creativitate,\nconsecven\u0163\u0103 \u015fi seriozitate \u015fi mi-a fost lesne s\u0103 \u00een\u0163eleg repede c\u0103 arta e\nmarele lor drum \u00een via\u0163\u0103. L-am auzit recent pe \u00eendr\u0103gitul critic de art\u0103 Pavel\n\u015eu\u015far\u0103, \u00eentr-un interviu al Danielei Zeca-Buzura, afirm\u00e2nd despre art\u0103 c\u0103 \u201enu\nconsoleaz\u0103, ci formeaz\u0103\u201d. Mi-a pl\u0103cut zicerea domniei sale \u015fi cred cu t\u0103rie c\u0103\narta multor arti\u015fti ast\u0103zi, departe de a fi pur decorativ\u0103, este deopotriv\u0103\nbucurie pentru ochi, dar \u015fi concept, este formativ\u0103, este uneori militant\u0103 de-a\ndreptul. Sunt convins\u0103 c\u0103 mul\u0163i dintre tinerii arti\u015fti contemporani vor\nschimba, prin arta lor, tipare, mentalit\u0103\u0163i, structuri sociale. Printre ei\npoate \u015fi copii aparent obi\u015fnui\u0163i, din Piatra-Neam\u0163 sau de prin alte locuri, pe\ncare \u00eei vedem dimine\u0163ile c\u0103r\u00e2ndu-\u015fi mapele grele cu lucr\u0103ri, p\u00e2nzele \u015fi\nculorile \u00een goana lor spre o nou\u0103 zi petrecut\u0103 \u00een atelierul de pictur\u0103\u201d, a\ndeclarat prof. Cristina Petrariu, pre\u015fedintele Asocia\u0163iei Culturale \u201eArte.Ro\u201d.<\/p>\n\n\n\n<p><strong><em>Mircea\nZAHARIA<\/em><\/strong><\/p>\n","protected":false},"excerpt":{"rendered":"<p>La \u00eenceput de an \u015fcolar, doi talenta\u0163i elevi nem\u0163eni, membri ai Cercului de Pictur\u0103 II din cadrul Palatului Copiilor din Piatra-Neam\u0163 coordonat de prof. Cristina Petrariu, au primit dou\u0103 distinc\u0163ii importante pentru \u00eenalta \u0163inut\u0103 a lucr\u0103rilor realizate, precum \u015fi invita\u0163ia&hellip;<\/p>\n<p class=\"more-link-p\"><a class=\"more-link\" href=\"http:\/\/www.slineamt.ro\/apostolul\/pasi-spre-europa\/de-la-evora-la-hong-kong\/\">Read more &rarr;<\/a><\/p>\n","protected":false},"author":1,"featured_media":0,"comment_status":"open","ping_status":"closed","sticky":false,"template":"","format":"standard","meta":{"footnotes":""},"categories":[9,411],"tags":[],"class_list":["post-18414","post","type-post","status-publish","format-standard","hentry","category-pasi-spre-europa","category-numarul-226"],"_links":{"self":[{"href":"http:\/\/www.slineamt.ro\/apostolul\/wp-json\/wp\/v2\/posts\/18414","targetHints":{"allow":["GET"]}}],"collection":[{"href":"http:\/\/www.slineamt.ro\/apostolul\/wp-json\/wp\/v2\/posts"}],"about":[{"href":"http:\/\/www.slineamt.ro\/apostolul\/wp-json\/wp\/v2\/types\/post"}],"author":[{"embeddable":true,"href":"http:\/\/www.slineamt.ro\/apostolul\/wp-json\/wp\/v2\/users\/1"}],"replies":[{"embeddable":true,"href":"http:\/\/www.slineamt.ro\/apostolul\/wp-json\/wp\/v2\/comments?post=18414"}],"version-history":[{"count":1,"href":"http:\/\/www.slineamt.ro\/apostolul\/wp-json\/wp\/v2\/posts\/18414\/revisions"}],"predecessor-version":[{"id":18432,"href":"http:\/\/www.slineamt.ro\/apostolul\/wp-json\/wp\/v2\/posts\/18414\/revisions\/18432"}],"wp:attachment":[{"href":"http:\/\/www.slineamt.ro\/apostolul\/wp-json\/wp\/v2\/media?parent=18414"}],"wp:term":[{"taxonomy":"category","embeddable":true,"href":"http:\/\/www.slineamt.ro\/apostolul\/wp-json\/wp\/v2\/categories?post=18414"},{"taxonomy":"post_tag","embeddable":true,"href":"http:\/\/www.slineamt.ro\/apostolul\/wp-json\/wp\/v2\/tags?post=18414"}],"curies":[{"name":"wp","href":"https:\/\/api.w.org\/{rel}","templated":true}]}}