{"id":18456,"date":"2019-11-25T15:23:09","date_gmt":"2019-11-25T15:23:09","guid":{"rendered":"http:\/\/www.slineamt.ro\/apostolul\/?p=18456"},"modified":"2019-11-25T15:23:09","modified_gmt":"2019-11-25T15:23:09","slug":"crucea-casei-regale-a-romaniei-pentru-colegiul-national-petru-rares","status":"publish","type":"post","link":"http:\/\/www.slineamt.ro\/apostolul\/eveniment\/crucea-casei-regale-a-romaniei-pentru-colegiul-national-petru-rares\/","title":{"rendered":"Crucea Casei Regale a Rom\u00e2niei pentru Colegiul Na\u0163ional \u201ePetru Rare\u015f\u201d"},"content":{"rendered":"\n<div class=\"wp-block-image\"><figure class=\"alignleft\"><img loading=\"lazy\" decoding=\"async\" width=\"340\" height=\"291\" src=\"https:\/\/www.slineamt.ro\/apostolul\/wp-content\/uploads\/2019\/11\/03-ap226-foto1.jpg\" alt=\"\" class=\"wp-image-18459\" srcset=\"http:\/\/www.slineamt.ro\/apostolul\/wp-content\/uploads\/2019\/11\/03-ap226-foto1.jpg 340w, http:\/\/www.slineamt.ro\/apostolul\/wp-content\/uploads\/2019\/11\/03-ap226-foto1-300x257.jpg 300w, http:\/\/www.slineamt.ro\/apostolul\/wp-content\/uploads\/2019\/11\/03-ap226-foto1-260x223.jpg 260w, http:\/\/www.slineamt.ro\/apostolul\/wp-content\/uploads\/2019\/11\/03-ap226-foto1-160x137.jpg 160w\" sizes=\"auto, (max-width: 340px) 100vw, 340px\" \/><\/figure><\/div>\n\n\n\n<p>Comunicat de pres\u0103<\/p>\n\n\n\n<p>Majestatea\nSa, Principesa Margareta, Custodele Coroanei Rom\u00e2ne, a acordat mai multe\ndistinc\u0163ii \u015fi burse unor personalit\u0103\u0163i \u015fi institu\u0163ii din Rom\u00e2nia \u015fi Republica\nMoldova, \u00een cadrul unei ceremonii care a avut loc vineri, 25 octombrie 2019, la\nPalatul Regal din Bucure\u015fti.<\/p>\n\n\n\n<div class=\"wp-block-image\"><figure class=\"alignright\"><img loading=\"lazy\" decoding=\"async\" width=\"189\" height=\"230\" src=\"https:\/\/www.slineamt.ro\/apostolul\/wp-content\/uploads\/2019\/11\/03-ap226-foto2.jpg\" alt=\"\" class=\"wp-image-18462\" srcset=\"http:\/\/www.slineamt.ro\/apostolul\/wp-content\/uploads\/2019\/11\/03-ap226-foto2.jpg 189w, http:\/\/www.slineamt.ro\/apostolul\/wp-content\/uploads\/2019\/11\/03-ap226-foto2-160x195.jpg 160w\" sizes=\"auto, (max-width: 189px) 100vw, 189px\" \/><\/figure><\/div>\n\n\n\n<p>Colegiului\nNa\u0163ional \u201ePetru Rare\u015f\u201d din Piatra-Neam\u0163 i s-a conferit Crucea Casei Regale [1] a\nRom\u00e2niei, pentru servicii deosebite aduse Casei Regale, \u201e<em>la un secol \u015fi jum\u0103tate de la \u00eenfiin\u0163are, pentru c\u0103 duce mai departe\npersonalitatea \u015fi idealurile fondatorilor s\u0103i, c\u0103rturarii Calistrat Hoga\u015f \u015fi\nIon Negre, care s-au ostenit s\u0103 pun\u0103 bazele unei institu\u0163ii de educa\u0163ie\ntrainice, care s\u0103 deschid\u0103 drumul afirm\u0103rii pentru genera\u0163ii de tineri din\njude\u0163ul Neam\u0163, pentru a onora pe profesorii \u015fi absolven\u0163ii care aduc renume\nnumelui liceului, dar \u015fi pe profesorii eroi \u00een lupta pentru \u00eentregirea\nna\u0163ional\u0103, precum Mihai Botez \u015fi Nicolae Stoenescu, pentru a \u00eencuraja\ngenera\u0163iile actuale s\u0103 continue tradi\u0163ia \u00eenceput\u0103 de ace\u015fti mari \u00eenainta\u015fi.<\/em>\u201d<\/p>\n\n\n\n<div class=\"wp-block-image\"><figure class=\"alignleft is-resized\"><img loading=\"lazy\" decoding=\"async\" src=\"https:\/\/www.slineamt.ro\/apostolul\/wp-content\/uploads\/2019\/11\/03-ap226-foto3.jpg\" alt=\"\" class=\"wp-image-18465\" width=\"318\" height=\"423\" srcset=\"http:\/\/www.slineamt.ro\/apostolul\/wp-content\/uploads\/2019\/11\/03-ap226-foto3.jpg 369w, http:\/\/www.slineamt.ro\/apostolul\/wp-content\/uploads\/2019\/11\/03-ap226-foto3-225x300.jpg 225w, http:\/\/www.slineamt.ro\/apostolul\/wp-content\/uploads\/2019\/11\/03-ap226-foto3-260x346.jpg 260w, http:\/\/www.slineamt.ro\/apostolul\/wp-content\/uploads\/2019\/11\/03-ap226-foto3-160x213.jpg 160w\" sizes=\"auto, (max-width: 318px) 100vw, 318px\" \/><\/figure><\/div>\n\n\n\n<p>&nbsp;[1] Crucea Casei Regale a Rom\u00e2niei este\no decora\u0163ie acordat\u0103 de Casa Regal\u0103 a Rom\u00e2niei, condus\u0103 de Majestatea Sa,\nPrincipesa Margareta, Custodele Coroanei rom\u00e2ne. Distinc\u0163ia a fost instituit\u0103\nla 10 mai 2008 \u015fi este limitat\u0103 la un num\u0103r de 150 de membri. Este destinat\u0103 membrilor\n\u015fi colaboratorilor Casei Majest\u0103\u0163ii Sale care ocup\u0103 pozi\u0163ii importante \u00een\nadministra\u0163ie, \u00een societatea civil\u0103, \u00een mediul politic sau economic, \u00een lumea\nculturii sau a diploma\u0163iei.<\/p>\n\n\n\n<p>Directorul\nColegiului Na\u0163ional \u201ePetru Rare\u015f\u201d, domnul profesor Grigoru\u0163\u0103 Oniciuc, a oferit\nMajest\u0103\u0163ii Sale, Principesa Margareta, Custodele Coroanei, diploma aniversar\u0103 a\ncolegiului, cu \u00eensemnele \u015fcolii \u2013 marc\u0103 \u00eenregistrat\u0103, \u00eencep\u00e2nd din acest an.<\/p>\n\n\n\n<p>Au primit\naceast\u0103 \u00eenalt\u0103 distinc\u0163ie \u015fi Colegiul Na\u0163ional \u201eIon Maiorescu\u201d din Giurgiu,\nColegiul Na\u0163ional \u201eMatei Basarab\u201d din Bucure\u015fti, Universitatea de Vest din\nTimi\u015foara, Colegiul Na\u0163ional \u201eVlaicu Vod\u0103\u201d din Curtea de Arge\u015f, Colegiul Na\u0163ional\n\u201eConstantin Diaconovici Loga\u201d din Timi\u015foara, Teatrul Na\u0163ional \u201eRadu Stanca\u201d din\nSibiu.<\/p>\n\n\n\n<div class=\"wp-block-image\"><figure class=\"alignright is-resized\"><img loading=\"lazy\" decoding=\"async\" src=\"https:\/\/www.slineamt.ro\/apostolul\/wp-content\/uploads\/2019\/11\/03-ap226-foto4.jpg\" alt=\"\" class=\"wp-image-18468\" width=\"401\" height=\"301\" srcset=\"http:\/\/www.slineamt.ro\/apostolul\/wp-content\/uploads\/2019\/11\/03-ap226-foto4.jpg 491w, http:\/\/www.slineamt.ro\/apostolul\/wp-content\/uploads\/2019\/11\/03-ap226-foto4-300x225.jpg 300w, http:\/\/www.slineamt.ro\/apostolul\/wp-content\/uploads\/2019\/11\/03-ap226-foto4-260x195.jpg 260w, http:\/\/www.slineamt.ro\/apostolul\/wp-content\/uploads\/2019\/11\/03-ap226-foto4-160x120.jpg 160w\" sizes=\"auto, (max-width: 401px) 100vw, 401px\" \/><\/figure><\/div>\n\n\n\n<p>Au mai fost\nconferite: Decora\u0163ia Regal\u0103 <em>Nihil Sine\nDeo<\/em> primarului municipiului Ia\u015fi, Mihai Chiric\u0103, doamnei senator Iulia\nSc\u00e2ntei, Universit\u0103\u0163ii Na\u0163ionale de Ap\u0103rare <em>Carol\nI<\/em>, Universit\u0103\u0163ii Na\u0163ionale de Muzic\u0103 din Bucure\u015fti, Universit\u0103\u0163ii de\nMedicin\u0103 \u015fi Farmacie <em>Grigore T. Popa<\/em>\ndin Ia\u015fi. Au fost acordate mai multe Burse: Bursa Regele Mihai I: Octavian\nConstantin Pavel de la Universitatea de \u015etiin\u0163e Agronomice \u015fi Medicin\u0103\nVeterinar\u0103 din Bucure\u015fti, Cristian Malai de la Universitatea Agrar\u0103 de Stat din\nMoldova.<\/p>\n\n\n\n<p>Bursa <em>Regina Ana<\/em>: Adina Maria Vaide\u015f de la\nUniversitatea de \u015etiinte Agronomice \u015fi Medicin\u0103 Veterinar\u0103 din Bucure\u015fti,\nEugenia T\u00e2ltu de la Universitatea Agrar\u0103 de Stat din Moldova. A fost decorat cu\nMedalia Regal\u0103 pentru Loialitate domnul Daniel \u015eandru \u015fi distins ca Ofi\u0163er al\nOrdinului Coroana Rom\u00e2niei, domnul Traian S\u00e2rc\u0103, Cancelarul Casei Majest\u0103\u0163ii\nSale, Custodelui Coroanei.<\/p>\n\n\n\n<p><strong><em>Director,\nprof. Grigoru\u0163\u0103 ONICIUC<\/em><\/strong><\/p>\n","protected":false},"excerpt":{"rendered":"<p>Comunicat de pres\u0103 Majestatea Sa, Principesa Margareta, Custodele Coroanei Rom\u00e2ne, a acordat mai multe distinc\u0163ii \u015fi burse unor personalit\u0103\u0163i \u015fi institu\u0163ii din Rom\u00e2nia \u015fi Republica Moldova, \u00een cadrul unei ceremonii care a avut loc vineri, 25 octombrie 2019, la Palatul&hellip;<\/p>\n<p class=\"more-link-p\"><a class=\"more-link\" href=\"http:\/\/www.slineamt.ro\/apostolul\/eveniment\/crucea-casei-regale-a-romaniei-pentru-colegiul-national-petru-rares\/\">Read more &rarr;<\/a><\/p>\n","protected":false},"author":1,"featured_media":0,"comment_status":"open","ping_status":"closed","sticky":false,"template":"","format":"standard","meta":{"footnotes":""},"categories":[18,411],"tags":[],"class_list":["post-18456","post","type-post","status-publish","format-standard","hentry","category-eveniment","category-numarul-226"],"_links":{"self":[{"href":"http:\/\/www.slineamt.ro\/apostolul\/wp-json\/wp\/v2\/posts\/18456","targetHints":{"allow":["GET"]}}],"collection":[{"href":"http:\/\/www.slineamt.ro\/apostolul\/wp-json\/wp\/v2\/posts"}],"about":[{"href":"http:\/\/www.slineamt.ro\/apostolul\/wp-json\/wp\/v2\/types\/post"}],"author":[{"embeddable":true,"href":"http:\/\/www.slineamt.ro\/apostolul\/wp-json\/wp\/v2\/users\/1"}],"replies":[{"embeddable":true,"href":"http:\/\/www.slineamt.ro\/apostolul\/wp-json\/wp\/v2\/comments?post=18456"}],"version-history":[{"count":1,"href":"http:\/\/www.slineamt.ro\/apostolul\/wp-json\/wp\/v2\/posts\/18456\/revisions"}],"predecessor-version":[{"id":18471,"href":"http:\/\/www.slineamt.ro\/apostolul\/wp-json\/wp\/v2\/posts\/18456\/revisions\/18471"}],"wp:attachment":[{"href":"http:\/\/www.slineamt.ro\/apostolul\/wp-json\/wp\/v2\/media?parent=18456"}],"wp:term":[{"taxonomy":"category","embeddable":true,"href":"http:\/\/www.slineamt.ro\/apostolul\/wp-json\/wp\/v2\/categories?post=18456"},{"taxonomy":"post_tag","embeddable":true,"href":"http:\/\/www.slineamt.ro\/apostolul\/wp-json\/wp\/v2\/tags?post=18456"}],"curies":[{"name":"wp","href":"https:\/\/api.w.org\/{rel}","templated":true}]}}