{"id":18599,"date":"2019-12-24T04:02:43","date_gmt":"2019-12-24T04:02:43","guid":{"rendered":"http:\/\/www.slineamt.ro\/apostolul\/?p=18599"},"modified":"2019-12-24T04:02:43","modified_gmt":"2019-12-24T04:02:43","slug":"incurabilul-visator","status":"publish","type":"post","link":"http:\/\/www.slineamt.ro\/apostolul\/arte-si-meseriii\/incurabilul-visator\/","title":{"rendered":"Incurabilul vis\u0103tor"},"content":{"rendered":"\n<div class=\"wp-block-image\"><figure class=\"alignleft is-resized\"><img loading=\"lazy\" decoding=\"async\" src=\"https:\/\/www.slineamt.ro\/apostolul\/wp-content\/uploads\/2019\/12\/18-ap227-foto1.jpg\" alt=\"\" class=\"wp-image-18602\" width=\"297\" height=\"390\" srcset=\"http:\/\/www.slineamt.ro\/apostolul\/wp-content\/uploads\/2019\/12\/18-ap227-foto1.jpg 476w, http:\/\/www.slineamt.ro\/apostolul\/wp-content\/uploads\/2019\/12\/18-ap227-foto1-229x300.jpg 229w, http:\/\/www.slineamt.ro\/apostolul\/wp-content\/uploads\/2019\/12\/18-ap227-foto1-260x341.jpg 260w, http:\/\/www.slineamt.ro\/apostolul\/wp-content\/uploads\/2019\/12\/18-ap227-foto1-160x210.jpg 160w\" sizes=\"auto, (max-width: 297px) 100vw, 297px\" \/><\/figure><\/div>\n\n\n\n<p>Pentru\nArcadie R\u0103ileanu, pictura este ca o necesitate interioar\u0103, ca un exerci\u0163iu de\nmers funambulesc \u00eentre vis, realitate \u015fi aparen\u0163\u0103, ca un mod a r\u0103m\u00e2ne \u00een jocul\nvie\u0163ii. <\/p>\n\n\n\n<p>Pentru\nartist, acuarela devine o aventur\u0103 a spiritului, pictura sa fiind un fel de\n\u201emedita\u0163ie\u201d, ceva care particip\u0103 neap\u0103rat la mai multe lumi diferite: <strong>una \u2013 rece \u015fi abstract\u0103<\/strong>, cu forme clare\n\u015fi conturate, aproape geometrice; <strong>cea\npersonal\u0103 \u2013 emo\u0163ional\u0103 \u015fi psihologic\u0103<\/strong>, introdus\u0103 prin prezen\u0163a dese\u00adnului\ncaligrafic \u015fi importan\u0163a pe care acest element o asum\u0103 \u00een contextul suprafe\u0163ei;\n\u015fi <strong>una impulsiv\u0103 \u2013 expresionist\u0103 \u015fi\ninformal\u0103<\/strong>, \u00een care petele de culoare reflect\u0103 ceea ce \u201erealitatea vederii\u201d\ns-a a\u015fezat \u00een interior, \u00een ad\u00e2ncul con\u015ftiin\u0163ei pictorului.<\/p>\n\n\n\n<div class=\"wp-block-image\"><figure class=\"alignright is-resized\"><img loading=\"lazy\" decoding=\"async\" src=\"https:\/\/www.slineamt.ro\/apostolul\/wp-content\/uploads\/2019\/12\/18-ap227-foto6.jpg\" alt=\"\" class=\"wp-image-18617\" width=\"372\" height=\"274\" srcset=\"http:\/\/www.slineamt.ro\/apostolul\/wp-content\/uploads\/2019\/12\/18-ap227-foto6.jpg 709w, http:\/\/www.slineamt.ro\/apostolul\/wp-content\/uploads\/2019\/12\/18-ap227-foto6-300x221.jpg 300w, http:\/\/www.slineamt.ro\/apostolul\/wp-content\/uploads\/2019\/12\/18-ap227-foto6-560x412.jpg 560w, http:\/\/www.slineamt.ro\/apostolul\/wp-content\/uploads\/2019\/12\/18-ap227-foto6-260x191.jpg 260w, http:\/\/www.slineamt.ro\/apostolul\/wp-content\/uploads\/2019\/12\/18-ap227-foto6-160x118.jpg 160w\" sizes=\"auto, (max-width: 372px) 100vw, 372px\" \/><\/figure><\/div>\n\n\n\n<p>Acuarelele\nlui Arcadie R\u0103ileanu nu se las\u0103 privite, ci mai degrab\u0103 le sim\u0163im \u00een sufletul\nnostru. Nu sunt peisaje de privit, sunt experien\u0163e care trebuie tr\u0103ite; ceea ce\nvedem cu ochii no\u015ftri este doar ima\u00adginea a ceea ce este deja \u00een interiorul\nnostru. <\/p>\n\n\n\n<p>&nbsp;Formele \u015fi culorile care-i \u00eembrac\u0103 acuarelele\nne atrag \u00eentr-o dimensiune care dep\u0103\u015fe\u015fte lumea vizibil\u0103, dincolo de dimensiunea\nra\u0163ional\u0103. Se pare c\u0103 arta pictorului, precum visul, este modalitatea capabil\u0103\ns\u0103 fac\u0103 vizibil\u0103 aceast\u0103 dimensiune ascuns\u0103, o punte \u00eentre lumea real\u0103 \u015fi lumea\ninterioar\u0103; \u00een acuarelele sale ne recunoa\u015ftem dispozi\u0163iile \u015fi redescoperim esen\u0163a,\npetele de culoare, formele \u015fi liniile care ne traduc emo\u0163iile nefiind alt\u00adceva\ndec\u00e2t peisajele sufletului. Peisaje silen\u0163ioase, amintiri g\u0103site&#8230; Noi \u00een\nc\u0103utarea noastr\u0103&#8230; Noi \u00een pictur\u0103&#8230; <\/p>\n\n\n\n<p>Privind\nacuarelele Maestrului, m-am \u00eentrebat de ce oare ai avea nevoie ca s\u0103 po\u0163i s\u0103 le\n\u00een\u0163elegi \u00een toat\u0103 splendoarea lor? Nimic mai simplu: auzul, atingerea, mirosul,\ngustul \u015fi, bine\u00een\u0163eles, vederea&#8230; Acestea sunt sim\u0163urile necesare pentru\nobservarea corect\u0103 \u015fi complet\u0103 a acestor lucr\u0103ri.<\/p>\n\n\n\n<div class=\"wp-block-image\"><figure class=\"alignleft is-resized\"><img loading=\"lazy\" decoding=\"async\" src=\"https:\/\/www.slineamt.ro\/apostolul\/wp-content\/uploads\/2019\/12\/18-ap227-foto2.jpg\" alt=\"\" class=\"wp-image-18605\" width=\"312\" height=\"359\" srcset=\"http:\/\/www.slineamt.ro\/apostolul\/wp-content\/uploads\/2019\/12\/18-ap227-foto2.jpg 444w, http:\/\/www.slineamt.ro\/apostolul\/wp-content\/uploads\/2019\/12\/18-ap227-foto2-260x300.jpg 260w, http:\/\/www.slineamt.ro\/apostolul\/wp-content\/uploads\/2019\/12\/18-ap227-foto2-160x185.jpg 160w\" sizes=\"auto, (max-width: 312px) 100vw, 312px\" \/><\/figure><\/div>\n\n\n\n<p>&nbsp;Culoarea are arom\u0103, iar materialul devine\ntactil, epidermic. Formele sunt auzite, iar lucrarea devine o experien\u0163\u0103\nperceptiv\u0103 complet\u0103, demn\u0103 de a fi tr\u0103it\u0103 \u00een toat\u0103 plenitudinea sa, cu toat\u0103\ncapacitatea sa de a emo\u0163iona, doar pentru cei care sunt capabili s\u0103\nexperimenteze emo\u0163iile profunde.<\/p>\n\n\n\n<p>&nbsp;Disconfortul \u015fi suferin\u0163a deriv\u0103 din\nincapacitatea de a \u00een\u0163elege pe deplin realitatea aparent\u0103 pe care \u00een mod\nincorect o consider\u0103m complet\u0103, deoarece poate fi interpretat\u0103 doar prin\nvedere. Lumea este iluzie, nimic altceva dec\u00e2t iluzie&#8230; Suntem prea obi\u015fnui\u0163i\ns\u0103 ne \u00eencredin\u0163\u0103m ochilor no\u015ftri; consider\u0103m c\u0103 ceea ce vedem este ceea ce este\nde fapt, c\u0103 ceea ce exist\u0103 este ceea ce se vede \u00een exterior.<\/p>\n\n\n\n<p>&nbsp;Dar lumea sensibil\u0103 nu este f\u0103cut\u0103 numai din\nmaterie: aceasta este \u00eentotdeauna observabil\u0103, emo\u0163iile pe care ni le ofer\u0103,\nnu. Muzica nu este vizibil\u0103, dar exist\u0103&#8230; Tr\u0103im observ\u00e2nd lumea invizibil\u0103.\nCeea ce este \u00een fa\u0163a noastr\u0103 dispare, nu exist\u0103, nu a existat niciodat\u0103.\nCorneea este plat\u0103. Lumina impresioneaz\u0103 ochiul ca pe o suprafa\u0163\u0103 plan\u0103,\naltceva dec\u00e2t forme \u015fi culori confuze reflectate pe suprafa\u0163a ochiului. Doar\nexperien\u0163a este capabil\u0103 s\u0103 interpreteze petele pentru a restabili o profunzime\nimprobabil\u0103 a unei contingen\u0163e ireale. <\/p>\n\n\n\n<div class=\"wp-block-image\"><figure class=\"alignright is-resized\"><img loading=\"lazy\" decoding=\"async\" src=\"https:\/\/www.slineamt.ro\/apostolul\/wp-content\/uploads\/2019\/12\/18-ap227-foto3.jpg\" alt=\"\" class=\"wp-image-18608\" width=\"248\" height=\"336\" srcset=\"http:\/\/www.slineamt.ro\/apostolul\/wp-content\/uploads\/2019\/12\/18-ap227-foto3.jpg 480w, http:\/\/www.slineamt.ro\/apostolul\/wp-content\/uploads\/2019\/12\/18-ap227-foto3-221x300.jpg 221w, http:\/\/www.slineamt.ro\/apostolul\/wp-content\/uploads\/2019\/12\/18-ap227-foto3-260x353.jpg 260w, http:\/\/www.slineamt.ro\/apostolul\/wp-content\/uploads\/2019\/12\/18-ap227-foto3-160x217.jpg 160w\" sizes=\"auto, (max-width: 248px) 100vw, 248px\" \/><\/figure><\/div>\n\n\n\n<p>&nbsp;Acuarelele lui Arcadie R\u0103ileanu nu reproduc\nceea ce credem, naivi, c\u0103 \u015ftim. Dimensiunea pe care ne-o ofer\u0103 este \u00een afara\nspa\u0163iului \u015fi timpului, eternit\u0103\u0163ile suspendate \u00een momentele care dureaz\u0103 pentru\ntotdeauna fiind cristalizate pe suprafa\u0163a lucr\u0103rii. Dinamica memoriei, nu este\ndec\u00e2t un mecanism al min\u0163ii care ne dezv\u0103luie misterul unei lumi incon\u015ftiente,\na unei idei reflectate pe p\u00e2nz\u0103. <\/p>\n\n\n\n<p>&nbsp;Acuarela artistului este o pictur\u0103\nintelectual\u0103. Acolo unde se \u00eencheie gestul virtuoz, \u00eencepe citatul cultivat.\nDin lucr\u0103rile sale este clar perceptibil\u0103 personalitatea sa creatoare matur\u0103\ncare se mi\u015fc\u0103 dezinvolt \u00eentre Kandinski \u015fi Rothko, \u00eentre Kupka \u015fi De Kooning.\nStratific\u0103rile acuarelelor sunt contaminate de suprapunerea insistent\u0103 a\nmateriei, glazurile de culoare acoperind \u00een mod repetat c\u00e2mpurile picturale,\nefectul final fiind un triumf al grad\u0103rilor tonale, al transparen\u0163elor \u015fi al\nnuan\u0163elor infinite, care pot fi citite doar de ochiul observatorului atent.<\/p>\n\n\n\n<div class=\"wp-block-image\"><figure class=\"alignleft is-resized\"><img loading=\"lazy\" decoding=\"async\" src=\"https:\/\/www.slineamt.ro\/apostolul\/wp-content\/uploads\/2019\/12\/18-ap227-foto5.jpg\" alt=\"\" class=\"wp-image-18614\" width=\"348\" height=\"223\" srcset=\"http:\/\/www.slineamt.ro\/apostolul\/wp-content\/uploads\/2019\/12\/18-ap227-foto5.jpg 709w, http:\/\/www.slineamt.ro\/apostolul\/wp-content\/uploads\/2019\/12\/18-ap227-foto5-300x193.jpg 300w, http:\/\/www.slineamt.ro\/apostolul\/wp-content\/uploads\/2019\/12\/18-ap227-foto5-560x360.jpg 560w, http:\/\/www.slineamt.ro\/apostolul\/wp-content\/uploads\/2019\/12\/18-ap227-foto5-260x167.jpg 260w, http:\/\/www.slineamt.ro\/apostolul\/wp-content\/uploads\/2019\/12\/18-ap227-foto5-160x103.jpg 160w\" sizes=\"auto, (max-width: 348px) 100vw, 348px\" \/><\/figure><\/div>\n\n\n\n<p>Ceea ce este\nimportant pentru artist nu este rezultatul final, pictura \u2013 obiectul finalizat,\nci truda care sus\u0163ine procesul creativ, foaia de parcurs a \u00eentregii ac\u0163iuni, \u00een\ncare un rol important \u00eel are planimetria cronometrat\u0103 a construc\u0163iei\npictoriale.<\/p>\n\n\n\n<p>&nbsp;Pentru Arcadie R\u0103ileanu, spa\u0163iul atemporal nu\nexist\u0103, la fel ca timpul f\u0103r\u0103 spa\u0163iu; sunt entit\u0103\u0163i inseparabile. Privitorul\ndescoper\u0103 lucrarea \u00eencet, redimension\u00e2nd viteza privirii pentru a rec\u00e2\u015ftiga\nlentoarea sensibilit\u0103\u0163ii. Prin urmare, imaginea finit\u0103 nu este niciodat\u0103\nsubiectul faptelor sale, ci doar o consecin\u0163\u0103, un mijloc de a atinge\nobiectivul. Dimensiunea bidimensional\u0103 a suprafe\u0163ei nu dore\u015fte s\u0103 sugereze\nnicio fic\u0163iune tridimensional\u0103, ci o multidimensionalitate perceptiv\u0103. <\/p>\n\n\n\n<div class=\"wp-block-image\"><figure class=\"alignright is-resized\"><img loading=\"lazy\" decoding=\"async\" src=\"https:\/\/www.slineamt.ro\/apostolul\/wp-content\/uploads\/2019\/12\/18-ap227-foto4.jpg\" alt=\"\" class=\"wp-image-18611\" width=\"357\" height=\"262\" srcset=\"http:\/\/www.slineamt.ro\/apostolul\/wp-content\/uploads\/2019\/12\/18-ap227-foto4.jpg 709w, http:\/\/www.slineamt.ro\/apostolul\/wp-content\/uploads\/2019\/12\/18-ap227-foto4-300x221.jpg 300w, http:\/\/www.slineamt.ro\/apostolul\/wp-content\/uploads\/2019\/12\/18-ap227-foto4-560x412.jpg 560w, http:\/\/www.slineamt.ro\/apostolul\/wp-content\/uploads\/2019\/12\/18-ap227-foto4-260x191.jpg 260w, http:\/\/www.slineamt.ro\/apostolul\/wp-content\/uploads\/2019\/12\/18-ap227-foto4-160x118.jpg 160w\" sizes=\"auto, (max-width: 357px) 100vw, 357px\" \/><\/figure><\/div>\n\n\n\n<p>&nbsp;Arcadie R\u0103ileanu este un incurabil vis\u0103tor,\ncare-\u015fi p\u0103streaz\u0103 zestrea viselor \u00een culori, pentru a le a\u015fterne pe p\u00e2nz\u0103 sau\npe h\u00e2rtie cu versatilitatea, viziunea \u015fi d\u0103ruirea pe care \u0163i-o pot da doar\ntalentul \u015fi munca asidu\u0103. Artistul descoper\u0103 fragilitatea lumii \u00eenconjur\u0103toare\npentru a o recrea atent, cu puritatea \u015fi sinceritatea actului artistic,\nidentific\u00e2ndu-i \u015fi recompun\u00e2ndu-i fragmentele, ca-ntr-un puzzle compli\u00adcat,\nmereu \u00een schimbare, dar care p\u0103streaz\u0103 aceea\u015fi prospe\u0163ime.<\/p>\n\n\n\n<div class=\"wp-block-image\"><figure class=\"alignleft is-resized\"><img loading=\"lazy\" decoding=\"async\" src=\"https:\/\/www.slineamt.ro\/apostolul\/wp-content\/uploads\/2019\/12\/18-ap227-foto7.jpg\" alt=\"\" class=\"wp-image-18620\" width=\"348\" height=\"254\" srcset=\"http:\/\/www.slineamt.ro\/apostolul\/wp-content\/uploads\/2019\/12\/18-ap227-foto7.jpg 709w, http:\/\/www.slineamt.ro\/apostolul\/wp-content\/uploads\/2019\/12\/18-ap227-foto7-300x219.jpg 300w, http:\/\/www.slineamt.ro\/apostolul\/wp-content\/uploads\/2019\/12\/18-ap227-foto7-560x408.jpg 560w, http:\/\/www.slineamt.ro\/apostolul\/wp-content\/uploads\/2019\/12\/18-ap227-foto7-260x190.jpg 260w, http:\/\/www.slineamt.ro\/apostolul\/wp-content\/uploads\/2019\/12\/18-ap227-foto7-160x117.jpg 160w\" sizes=\"auto, (max-width: 348px) 100vw, 348px\" \/><\/figure><\/div>\n\n\n\n<p>Despre\nacuarele Maestrului Arcadie R\u0103ileanu ar fi multe de spus, pe l\u00e2ng\u0103 cele infinit\nnespuse&#8230; Un singur lucru mai trebuie spus: acuarelele sale sunt de vis&#8230; Dar\npentru asta nu ai nevoie de un critic. Trebuie doar s\u0103 le prive\u015fti&#8230;<\/p>\n\n\n\n<p><strong><em>Ioan\nSEREDIUC<\/em><\/strong><\/p>\n","protected":false},"excerpt":{"rendered":"<p>Pentru Arcadie R\u0103ileanu, pictura este ca o necesitate interioar\u0103, ca un exerci\u0163iu de mers funambulesc \u00eentre vis, realitate \u015fi aparen\u0163\u0103, ca un mod a r\u0103m\u00e2ne \u00een jocul vie\u0163ii. Pentru artist, acuarela devine o aventur\u0103 a spiritului, pictura sa fiind un&hellip;<\/p>\n<p class=\"more-link-p\"><a class=\"more-link\" href=\"http:\/\/www.slineamt.ro\/apostolul\/arte-si-meseriii\/incurabilul-visator\/\">Read more &rarr;<\/a><\/p>\n","protected":false},"author":1,"featured_media":0,"comment_status":"open","ping_status":"closed","sticky":false,"template":"","format":"standard","meta":{"footnotes":""},"categories":[7,416],"tags":[],"class_list":["post-18599","post","type-post","status-publish","format-standard","hentry","category-arte-si-meseriii","category-numarul-227"],"_links":{"self":[{"href":"http:\/\/www.slineamt.ro\/apostolul\/wp-json\/wp\/v2\/posts\/18599","targetHints":{"allow":["GET"]}}],"collection":[{"href":"http:\/\/www.slineamt.ro\/apostolul\/wp-json\/wp\/v2\/posts"}],"about":[{"href":"http:\/\/www.slineamt.ro\/apostolul\/wp-json\/wp\/v2\/types\/post"}],"author":[{"embeddable":true,"href":"http:\/\/www.slineamt.ro\/apostolul\/wp-json\/wp\/v2\/users\/1"}],"replies":[{"embeddable":true,"href":"http:\/\/www.slineamt.ro\/apostolul\/wp-json\/wp\/v2\/comments?post=18599"}],"version-history":[{"count":1,"href":"http:\/\/www.slineamt.ro\/apostolul\/wp-json\/wp\/v2\/posts\/18599\/revisions"}],"predecessor-version":[{"id":18626,"href":"http:\/\/www.slineamt.ro\/apostolul\/wp-json\/wp\/v2\/posts\/18599\/revisions\/18626"}],"wp:attachment":[{"href":"http:\/\/www.slineamt.ro\/apostolul\/wp-json\/wp\/v2\/media?parent=18599"}],"wp:term":[{"taxonomy":"category","embeddable":true,"href":"http:\/\/www.slineamt.ro\/apostolul\/wp-json\/wp\/v2\/categories?post=18599"},{"taxonomy":"post_tag","embeddable":true,"href":"http:\/\/www.slineamt.ro\/apostolul\/wp-json\/wp\/v2\/tags?post=18599"}],"curies":[{"name":"wp","href":"https:\/\/api.w.org\/{rel}","templated":true}]}}