{"id":18629,"date":"2019-12-24T04:04:35","date_gmt":"2019-12-24T04:04:35","guid":{"rendered":"http:\/\/www.slineamt.ro\/apostolul\/?p=18629"},"modified":"2019-12-24T04:04:35","modified_gmt":"2019-12-24T04:04:35","slug":"semn-de-carte","status":"publish","type":"post","link":"http:\/\/www.slineamt.ro\/apostolul\/cronica-literara\/semn-de-carte\/","title":{"rendered":"Semn de carte"},"content":{"rendered":"\n<div class=\"wp-block-image\"><figure class=\"alignleft is-resized\"><img loading=\"lazy\" decoding=\"async\" src=\"https:\/\/www.slineamt.ro\/apostolul\/wp-content\/uploads\/2019\/12\/17-ap227-foto1.jpg\" alt=\"\" class=\"wp-image-18632\" width=\"345\" height=\"488\" srcset=\"http:\/\/www.slineamt.ro\/apostolul\/wp-content\/uploads\/2019\/12\/17-ap227-foto1.jpg 361w, http:\/\/www.slineamt.ro\/apostolul\/wp-content\/uploads\/2019\/12\/17-ap227-foto1-212x300.jpg 212w, http:\/\/www.slineamt.ro\/apostolul\/wp-content\/uploads\/2019\/12\/17-ap227-foto1-260x367.jpg 260w, http:\/\/www.slineamt.ro\/apostolul\/wp-content\/uploads\/2019\/12\/17-ap227-foto1-160x226.jpg 160w\" sizes=\"auto, (max-width: 345px) 100vw, 345px\" \/><\/figure><\/div>\n\n\n\n<p>\u00centre\nlegend\u0103 \u015fi document istoric<\/p>\n\n\n\n<p>Cei care \u00ee\u015fi\npropun s\u0103 scrie o lucrare cu tematic\u0103 istoric\u0103 (despre o epoc\u0103, un eveniment, o\npersonalitate \u015f. a.), fie c\u0103 sunt profesioni\u015fti sau nu, trebuie s\u0103 aib\u0103 \u00een\nvedere regula ce se refer\u0103 la respectarea adev\u0103rului, iar pentru aceasta se\nimpun folosirea m\u0103rturiilor din perioada respectiv\u0103 sau de la martori oculari,\ndac\u0103 e vorba de istoria contemporan\u0103. Chiar \u015fi a\u015fa \u00eens\u0103, de cele mai multe ori,\nrelat\u0103rile despre acela\u015fi fapt istoric sunt contradictorii. Cea mai bun\u0103 dovad\u0103\n\u00een sus\u0163inerea acestei afirma\u0163ii o constituie diferitele modalit\u0103\u0163i \u00een care s-au\nalc\u0103tuit c\u0103r\u0163ile de istorie a Rom\u00e2niei \u00een secolul \u00eencheiat recent.<\/p>\n\n\n\n<p>Toate aceste\nidei au fost provocate de primirea \u015fi lectura a dou\u0103 c\u0103r\u0163i publicate sub\nemblema Editurii \u201eCetatea Doamnei\u201d din Piatra-Neam\u0163 (manager ing. Viorel\nNicolau), \u00een Colec\u0163ia \u201eHistoria\u201d, 2019, ambele purt\u00e2nd semn\u0103tura lui Cornel\nB\u00e2rsan: <em>Vlad Draculea\/Via\u0163a \u015fi faptele\nlui Vlad Draculea <\/em>\u015fi<em> Petru Rare\u015f,\nDomnul Primei Uniri<\/em>.<\/p>\n\n\n\n<p>Alegerea lui\nVlad \u0162epe\u015f ca personaj al unei c\u0103r\u0163i este tentant\u0103, av\u00e2nd \u00een vedere\npersonalitatea sa puternic\u0103, rela\u0163iile de rudenie (fiu al lui Vlad Dracul,\nnepot al lui Mircea Cel B\u0103tr\u00e2n, frate cu Radu cel Frumos, v\u0103r cu \u015etefan cel\nMare, precum \u015fi prin c\u0103s\u0103torie \u015f. a.) \u015fi nu \u00een ultimul r\u00e2nd cele politice,\nfiind un personaj cunoscut \u00een toate cancelariile europene. Altminteri, supranumele\ncare l-a f\u0103cut remarcat provine din modul s\u00e2ngeros \u00een care \u00ee\u015fi pedepsea\nadversarii din \u0163ar\u0103, sau prizonierii de pe c\u00e2mpul de lupt\u0103 \u2013 tragerea \u00een \u0163eap\u0103\nori decapitarea. A\u015fa se face c\u0103 de\u015fi a stat \u00een scaunul \u0162\u0103rii Rom\u00e2ne\u015fti \u00een trei\nr\u00e2nduri (doar ceva mai mult de \u015fase ani), conform m\u0103rturiilor \u015fi documentelor\nalc\u0103tuite \u00een timpul vie\u0163ii sale, faima lui era cunoscut\u0103 de la Constantinopol,\nla Scaunul Papal \u015fi de la curtea \u0163arului Ivan al III-lea al Rusiei, p\u00e2n\u0103 \u00een\ntoat\u0103 peninsula balcanic\u0103 sau regatele din vestul Europei.<\/p>\n\n\n\n<p>Prin\npedepsele pe care le aplica invadatorilor, boierilor care unelteau \u00eempotriva sa\nprecum \u015fi tuturor r\u0103uf\u0103c\u0103torilor, \u00een \u0163ar\u0103, imaginea de justi\u0163iar a domnitorului\nVlad Draculea a dat na\u015ftere de-a lungul secolelor p\u00e2n\u0103 \u00een prezent unor elogioase\ncrea\u0163ii populare sau culte. \u00cen acest sens stau m\u0103rturie \u201e\u0162iganiada\u201d lui Ioan\nBudai-Deleanu (1875), \u201eLegendele sau basmele rom\u00e2nilor\u201d de Petru Ispirescu\n(1882), invocarea prezen\u0163ei lui \u0162epe\u015f pentru a face dreptate social\u0103 de c\u0103tre\nMihai Eminescu, \u015fi mai nou piesa de teatru \u201eA treia \u0163eap\u0103\u201d de Marin Sorescu. Nu\nla fel stau lucrurile \u015fi \u00een ceea ce prive\u015fte imaginea domnitorului \u00een\nmultitudinea de crea\u0163ii din Vestul Europei. Astfel, dup\u0103 c\u00e2teva secole,\ndatorit\u0103 crea\u0163iei literare a irlandezului Bram Stoker (romanul <em>Graf Dracula<\/em>, 1897) aproape \u00een\ntotalitate cele peste opt sute de crea\u0163ii literare, cinematografice \u015fi benzi\ndesenate \u00eenf\u0103\u0163i\u015feaz\u0103 un personaj malefic care nu mai are aproape nimic omenesc,\no imagine folosit\u0103 \u015fi ast\u0103zi \u00een promovarea turismului care ofer\u0103 beneficiarilor\nsenza\u0163ii tari.<\/p>\n\n\n\n<p>C\u00e2t prive\u015fte\ncartea lui Cornel B\u00e2rsan la care ne referim, e de subliniat faptul c\u0103 autorul\nnu recurge \u00een nici un fel la aceast\u0103 imagine fals\u0103 a viteazului domnitor\nmuntean.<\/p>\n\n\n\n<p>Scrierea\nacestuia, de\u015fi nu apar\u0163ine unui istoric conform m\u0103rturiei din textul\nintroductiv, este alc\u0103tuit\u0103 pe baza unei document\u0103ri ce dovede\u015fte c\u0103 istoria\neste una din pasiunile autorului, care \u00ee\u015fi alc\u0103tuie\u015fte lucrarea \u00eentr-un mod\noriginal structur\u00e2nd-o \u00een c\u00e2teva p\u0103r\u0163i distincte: o succint\u0103 cronologie a vie\u0163ii\n\u015fi a domniilor lui Vlad \u0162epe\u015f, urmat\u0103 de o prezentare a originilor precum \u015fi a\nrela\u0163iilor domnitorului cu vecinii \u015fi nu \u00een ultimul r\u00e2nd atitudinea sa fa\u0163\u0103 de\nImperiul Otoman.<\/p>\n\n\n\n<p>Originalitatea\nc\u0103r\u0163ii lui Cornel B\u00e2rsan st\u0103 \u015fi \u00een modul \u00een care prezint\u0103 faptele istorice, cu\najutorul unor fragmente decupate din documentele vremii (povestirile germane\nale sa\u015filor transilv\u0103neni, ruse\u015fti, cronicile turce\u015fti, \u015fi nu \u00een ultimul r\u00e2nd\ndin letopise\u0163ele cronicarilor no\u015ftri), interven\u0163iile sale propriu zise fiind\nscurte \u015fi numai at\u00e2t c\u00e2t sunt necesare, pentru a da cursivitate \u00eentregului.\nValoarea \u00eentregului volum este completat\u0103 \u015fi prin grupajul iconografic\n(picturi, desene \u00een peni\u0163\u0103, gravuri) aflat \u00een diverse muzee din \u0163ar\u0103 sau\nstr\u0103in\u0103tate.<\/p>\n\n\n\n<p>C\u0103 la baza\n\u00eentregului demers al autorului a stat o munc\u0103 deosebit\u0103 de documentare o\ndovede\u015fte \u015fi bibliografia ata\u015fat\u0103 la sf\u00e2r\u015fitul c\u0103r\u0163ii (65 de repere \u00een care\nsunt incluse lucr\u0103ri deosebit de importante apar\u0163in\u00e2nd istoriografiei din\nultimele patru secole).<\/p>\n\n\n\n<p>De altfel, valoarea\nlucr\u0103rii pe care o recomand\u0103m cititorilor revistei noastre este atestat\u0103 \u015fi\nprin dou\u0103 texte care \u00eenso\u0163esc textul lui Cornel B\u00e2rsan \u2013 un cuv\u00e2nt \u00eenainte\nsemnat de prof. dr. Romeo A. Popa din Drobeta Turnu-Severin \u015fi un cuv\u00e2nt al\neditorului ing. Viorel Nicolau.<\/p>\n\n\n\n<p><strong><em>Constantin\nTOM\u015eA<\/em><\/strong><\/p>\n","protected":false},"excerpt":{"rendered":"<p>\u00centre legend\u0103 \u015fi document istoric Cei care \u00ee\u015fi propun s\u0103 scrie o lucrare cu tematic\u0103 istoric\u0103 (despre o epoc\u0103, un eveniment, o personalitate \u015f. a.), fie c\u0103 sunt profesioni\u015fti sau nu, trebuie s\u0103 aib\u0103 \u00een vedere regula ce se refer\u0103&hellip;<\/p>\n<p class=\"more-link-p\"><a class=\"more-link\" href=\"http:\/\/www.slineamt.ro\/apostolul\/cronica-literara\/semn-de-carte\/\">Read more &rarr;<\/a><\/p>\n","protected":false},"author":1,"featured_media":0,"comment_status":"open","ping_status":"closed","sticky":false,"template":"","format":"standard","meta":{"footnotes":""},"categories":[16,416],"tags":[],"class_list":["post-18629","post","type-post","status-publish","format-standard","hentry","category-cronica-literara","category-numarul-227"],"_links":{"self":[{"href":"http:\/\/www.slineamt.ro\/apostolul\/wp-json\/wp\/v2\/posts\/18629","targetHints":{"allow":["GET"]}}],"collection":[{"href":"http:\/\/www.slineamt.ro\/apostolul\/wp-json\/wp\/v2\/posts"}],"about":[{"href":"http:\/\/www.slineamt.ro\/apostolul\/wp-json\/wp\/v2\/types\/post"}],"author":[{"embeddable":true,"href":"http:\/\/www.slineamt.ro\/apostolul\/wp-json\/wp\/v2\/users\/1"}],"replies":[{"embeddable":true,"href":"http:\/\/www.slineamt.ro\/apostolul\/wp-json\/wp\/v2\/comments?post=18629"}],"version-history":[{"count":1,"href":"http:\/\/www.slineamt.ro\/apostolul\/wp-json\/wp\/v2\/posts\/18629\/revisions"}],"predecessor-version":[{"id":18635,"href":"http:\/\/www.slineamt.ro\/apostolul\/wp-json\/wp\/v2\/posts\/18629\/revisions\/18635"}],"wp:attachment":[{"href":"http:\/\/www.slineamt.ro\/apostolul\/wp-json\/wp\/v2\/media?parent=18629"}],"wp:term":[{"taxonomy":"category","embeddable":true,"href":"http:\/\/www.slineamt.ro\/apostolul\/wp-json\/wp\/v2\/categories?post=18629"},{"taxonomy":"post_tag","embeddable":true,"href":"http:\/\/www.slineamt.ro\/apostolul\/wp-json\/wp\/v2\/tags?post=18629"}],"curies":[{"name":"wp","href":"https:\/\/api.w.org\/{rel}","templated":true}]}}