{"id":18647,"date":"2019-12-24T04:07:56","date_gmt":"2019-12-24T04:07:56","guid":{"rendered":"http:\/\/www.slineamt.ro\/apostolul\/?p=18647"},"modified":"2019-12-24T04:07:56","modified_gmt":"2019-12-24T04:07:56","slug":"trei-decenii-de-la-revolutia-romana","status":"publish","type":"post","link":"http:\/\/www.slineamt.ro\/apostolul\/pasi-spre-europa\/trei-decenii-de-la-revolutia-romana\/","title":{"rendered":"Trei decenii de la Revolu\u0163ia Rom\u00e2n\u0103"},"content":{"rendered":"\n<div class=\"wp-block-image\"><figure class=\"alignleft\"><img loading=\"lazy\" decoding=\"async\" width=\"327\" height=\"327\" src=\"https:\/\/www.slineamt.ro\/apostolul\/wp-content\/uploads\/2019\/12\/15-ap227-foto1.jpg\" alt=\"\" class=\"wp-image-18650\" srcset=\"http:\/\/www.slineamt.ro\/apostolul\/wp-content\/uploads\/2019\/12\/15-ap227-foto1.jpg 327w, http:\/\/www.slineamt.ro\/apostolul\/wp-content\/uploads\/2019\/12\/15-ap227-foto1-150x150.jpg 150w, http:\/\/www.slineamt.ro\/apostolul\/wp-content\/uploads\/2019\/12\/15-ap227-foto1-300x300.jpg 300w, http:\/\/www.slineamt.ro\/apostolul\/wp-content\/uploads\/2019\/12\/15-ap227-foto1-260x260.jpg 260w, http:\/\/www.slineamt.ro\/apostolul\/wp-content\/uploads\/2019\/12\/15-ap227-foto1-160x160.jpg 160w\" sizes=\"auto, (max-width: 327px) 100vw, 327px\" \/><\/figure><\/div>\n\n\n\n<p>A\u0163i citit\ninteresanta carte <em>Dragul meu turn\u0103tor<\/em>\n\u2013 semnat\u0103 de scriitorul Liiceanu? Aici descoperi\u0163i zicerea: \u201eRom\u00e2nii nu vor\nafla niciodat\u0103 adev\u0103rul adev\u0103rat despre Revolu\u0163ia din decembrie \u201989\u201d. Pe ce s-a\nbazat filosoful \u00een aser\u0163iunea sa? \u00cen primul r\u00e2nd pe faptul c\u0103 Revolu\u0163ia Rom\u00e2n\u0103\nare destule enigme, neelucidate nici p\u00e2n\u0103 ast\u0103zi (v. dosarul Revolu\u0163iei recent\ndeschis). \u00cen al doilea r\u00e2nd, dup\u0103 30 de ani de la \u201ezaver\u0103\u201d nimeni nu ne-a\ninformat \u201ecine a tras \u00een noi dup\u0103 22\u201d?: Mili\u0163ia, Securitatea, Armata sau\nfioro\u015fii terori\u015fti invizibili? Nu st\u0103p\u00e2nim termenii istorici. Pentru mul\u0163i\ndintre mioritici Revolu\u0163ia a fost \u201eo p\u0103c\u0103leal\u0103\u201d, \u201eo aglomera\u0163ie\u201d, \u201eun derapaj\u201d,\n\u201eo scamatorie\u201d. Hopaaa! Ultima defini\u0163ie a fost dat\u0103 de un profesor pietrean \u00een\ncartea <em>COGITO. Jurnalul unui comunist<\/em>\npag.101-102. Citi\u0163i-o!<\/p>\n\n\n\n<p>Despre\nRevolu\u0163ia Rom\u00e2n\u0103 s-a scris mult dar de pe pozi\u0163ii partizane, majoritatea\nautorilor tr\u0103g\u00e2nd cenu\u015fa pe turta lor. Exemple de c\u0103r\u0163i reu\u015fite, dar cu\nminusuri? <em>Revolu\u0163ia de la Timi\u015foara a\u015fa\ncum a fost<\/em> (Victor Lungu), <em>Reportaj\ncu sufletul la gur\u0103<\/em> (Titus Suciu), <em>M\u0103rturii\nde la baricad\u0103<\/em> (Romulus Cristea), <em>\u00cempu\u015fca\u0163i-i\nc\u0103 nu sunt oameni<\/em> (Titus Livius Tom\u015fa). \u015ei ex pre\u015fedintele Iliescu a scris\n\u201eceva\u201d.<\/p>\n\n\n\n<p>Cum \u00eenv\u0103\u0163\u0103torii\n\u015fi profesorii au fost boga\u0163i \u00eentotdeauna \u00een s\u0103r\u0103cie, au primit revolu\u0163ia cu\nsperan\u0163\u0103, entuziasm \u015fi \u00eencredere. C\u0103 a\u015fa e rom\u00e2nul, cu c\u00e2t e mai lovit de via\u0163\u0103,\ncu at\u00e2ta sper\u0103 mai mult. De unde \u015ftim? Ecoul revolu\u0163iei a ajuns \u015fi pe\nmeleagurile Neam\u0163ului. Evident nu la dimensiunile Timi\u015foarei \u015fi Bucure\u015ftiului.\n\u00cen Neam\u0163 nu s-a tras. Piatra-Neam\u0163 n-a fost ora\u015f martir. Nu s-a murit pe\nbaricade sub tricolorul decupat \u015fi zdren\u0163uit. Sub Cozla nu s-a strigat \u201ef\u0103r\u0103\nviolen\u0163\u0103!\u201d, \u00een urbea noastr\u0103 au m\u0103r\u015f\u0103luit pe str\u0103zi \u015fi au c\u00e2ntat \u201eDe\u015fteapt\u0103-te\nrom\u00e2ne!\u201d aprox 10.000 de oameni, muncitorii de la CFS, CICh, IM Ceahl\u0103u, IT 8\nMartie, tineri, studen\u0163i, elevi, gur\u0103 casc\u0103. Revolu\u0163ionarii ca revolu\u0163ionarii,\nunii echilibra\u0163i, al\u0163ii exagera\u0163i, unii treji, al\u0163ii cu capsa pus\u0103&#8230; ultimii\nau alunecat \u00een la\u015fitatea t\u0103cerii, au privit de dup\u0103 perdea ce se \u00eent\u00e2mpl\u0103\nafar\u0103.<\/p>\n\n\n\n<p>Nu crede\u0163i?\nPune\u0163i sub lup\u0103 ziarul local \u201eCeahl\u0103ul\u201d din 23 decembrie \u201989. A\u0163i re\u0163inut data?\nEste num\u0103rul 1 al primului ziar nou, liber, tip\u0103rit \u00een patru pagini, tiraj\n150.000 exemplare. A fost distribuit mul\u0163imii din mers, gratis. Ce au scris\ngazetarii \u00een noua foaie a timpului? Numai articole de inim\u0103. Citez: \u201e60 de ore\nde nesomn\u201d (Lucian Strochi), \u201eDup\u0103 cea mai lung\u0103 noapte\u201d (Adrian Alui\nGheorghe), \u201e\u00cen sf\u0103r\u015fit\u201d (Radu Florescu), \u201eRena\u015fterea na\u0163ional\u0103\u201d (Aurel\nDumitra\u015fcu), \u201ePot scrie ce v\u0103d\u201d (Dumitru Croitoru), \u201eVom fi tot noi\u201d (Viorel C.\nCosma), \u201eUm\u0103r l\u00e2ng\u0103 um\u0103r\u201d (C. Cucu), \u201ePrimul an nou liber\u201d (I Dr\u0103goi)&#8230;\nAjunge? Gata!<\/p>\n\n\n\n<p>La 23\ndecembrie 2014, c\u00e2nd s-au \u00eemplinit 25 de ani de la Revolu\u0163ie, ziarul <em>Ceahl\u0103ul<\/em> a ap\u0103rut \u00een straie de\ns\u0103rb\u0103toare. A prezentat documentata carte <em>Vremea\nnemernicilor<\/em> (Sergiu G\u0103bureac) \u015fi volumul <em>Laika<\/em> considerat \u201eromanul Revolu\u0163iei Rom\u00e2ne\u201d. Despre autorul\nromanului <em>Laika<\/em>, prozatorul Adrian\nAlui Gheorghe, au aflat \u015fi picii de gr\u0103dini\u0163\u0103.<\/p>\n\n\n\n<p>Pentru\ncititorul iubitor de adev\u0103r istoric e musai s\u0103 preciz\u0103m loca\u0163iile cele mai\nfierbin\u0163i ale Revolu\u0163iei pietrene. Cite\u015fte: Jude\u0163eana de partid, Redac\u0163ia\nziarului <em>Ceahl\u0103ul<\/em>, Casa de Cultur\u0103 \u015fi\nstrada. Care strad\u0103 \u00een ultimii ani a devenit o aren\u0103 de lupt\u0103 pentru nemul\u0163umi\u0163i.\nNu \u015ftiu dac\u0103 amestecul str\u0103zii \u00een politic\u0103 este de bun augur, mai ales pe vreme\nde cea\u0163\u0103 dens\u0103. Dac\u0103 \u00een marele ora\u015fe ale patriei revolu\u0163ionarii dezl\u0103n\u0163ui\u0163i\ns-au adresat poporenilor din balcoane, \u00een T\u00e2rgul Pietrei cuv\u00e2nt\u0103torii noului ev\nau rostit vorbele, speran\u0163ele de pe copertina \u201eCasei Albe\u201d, fostul b\u00e2rlog \u201eal\npolitrucilor condu\u015fi de prim secretara Leu\u015ftean\u201d. Unii oratori de ocazie au\nfost aplauda\u0163i pentru vorbele lor simple \u015fi curate. Al\u0163ii, destul de mul\u0163i au\nfost huidui\u0163i copios, pentru c\u0103 nu au ie\u015fit din regimul totalitar r\u0103sturnat,\ncura\u0163i. A\u0163i prins ideea? Ne referim la politrucii care sperau s\u0103 nu-\u015fi piard\u0103\nprivilegiile. \u015ei culmea, unii le-au p\u0103strat. \u00centr-un ora\u015f moldav vecin cu\nPiatra, un nene, fost politruc a avut inspira\u0163ia s\u0103 strige \u00een fa\u0163a revolu\u0163ionarilor\ncuvintele: \u201eC\u00e2nd Iliescu apare\/ Soarele r\u0103sare\u201d. Pentru creativitatea sa de\nmoment, tovar\u0103\u015ful devenit domn a cunoscut o ascensiune politic\u0103 culminant\u0103. A\nfost promovat: primar, deputat, senator, prefect. Halal ascensiune! Ce era\n\u00eenainte de avansare? Profesor de limba rom\u00e2n\u0103 \u00eentr-un sat uitat de lume. <\/p>\n\n\n\n<p>La\nPiatra-Neam\u0163 \u00een zilele Revolu\u0163iei apostolii neamului, profesorii: Mihalache,\nVasile, Bolohan, Manca\u015f, Ciuc\u0103, Dumitra\u015fcu au escaladat ni\u015fa \u201eCasei Albe\u201d. Erau\nzile istorice cu emo\u0163ii. Au vorbit, au c\u00e2ntat \u201enoi de-aicea nu plec\u0103m\/acas\u0103\u201d au\ncolindat. Tot atunci \u015fi tot de acolo preotul din Valea Viei s-a adresat\ncredincio\u015filor revolta\u0163i astfel: \u201e\u00een genunchi, spune\u0163i <em>Tat\u0103l nostru<\/em>! Cine nu \u00eengenunchiaz\u0103 e comunist. S\u0103 ne rug\u0103m!\u201d Cum\npoate fi interpretat speech-ul omului \u00een sutan\u0103? \u00centr-un singur fel \u2013 politic.\nMenirea preotului e alta. <\/p>\n\n\n\n<p>Pe vremea\nstuden\u0163iei mele la Ia\u015fi, \u00een cartierul Copou tr\u0103ia un nebun cu acte \u00een regul\u0103.\nCa s\u0103 fac\u0103 bani tipul cerea la studen\u0163i 5 lei pentru orice lozinc\u0103\nanti-comunist\u0103 strigat\u0103 cu glas tare. C\u0103 lozincile sunt pentru pro\u015fti, asta\n\u015ftim. De obicei striga: \u201eJos comunismul, jos Ceau\u015fescu, jos savanta de renume\nmondial!\u201d \u015fi afacerea i-a mers brici. Dup\u0103 Revolu\u0163ie ce s\u0103 vezi? Nebunul de la\nSocola s-a dorit revolu\u0163ionar cu brevet, disident. \u015ei culmea, a primit patalama\nparafat\u0103. V-a\u0163i prins? A r\u00e2s de noi de dou\u0103 ori. \u015ei pe vremea lui Cea\u015fc\u0103 \u015fi pe\ntimpul lui Iliescu. Exact ca politicienii de ast\u0103zi care ne aburesc cu vorbe\nr\u0103sucite, goale. Adev\u0103rul e c\u0103 am tr\u0103it tot timpul ca melcii frico\u015fi la umbra\nburuienilor. <\/p>\n\n\n\n<p>Fotografiile\npe care le-a\u0163i admirat \u00een <em>Ceahl\u0103ul<\/em> \u015fi\n<em>Mesagerul de Neam\u0163<\/em>, cu prilejul\n\u00eemplinirii a 25 de ani de la Revolu\u0163ie sunt istorice. Prezint\u0103 istoria acelor\nvremi. \u00cen ele descoperi revolu\u0163ionari de toate calibrele. C\u0103, s\u0103 vede\u0163i dvs.,\n\u015fi revolu\u0163ionarii din Piatra au fost de mai multe feluri: cu implicarea\ndirect\u0103, cu vr\u0103jeli politice \u015fi cu prezen\u0163a fizic\u0103 evident furioas\u0103, cum \u00eei st\u0103\nbine unui protestatar. Poza care indic\u0103 intrarea \u00een Jude\u0163eana de partid ne\nprezint\u0103 doi profesori unul l\u00e2ng\u0103 altul. Primul e tipul care a spus atunci:\n\u201eRevolu\u0163ia Rom\u00e2n\u0103 a fost miracolul prin care orbul a v\u0103zut, mutul a vorbit,\nsurdul a auzit\u201d. Al doilea profesor de pe sc\u0103ri e cunoscut de pietreni, dar\nacesta tace \u015fi se uit\u0103 curios \u00een jur. Pare un \u201einformator sub acoperire\u201d. Am\nzis pare, b\u0103nuiala nu este o dovad\u0103.<\/p>\n\n\n\n<p>Cum despre\nRevolu\u0163ia Rom\u00e2n\u0103 s-au spus tot felul de pove\u015fti, v\u0103 oferim \u015fi noi o nostimad\u0103.\nImediat dup\u0103 Revolu\u0163ie c\u00e2nd situa\u0163ia era destul de confuz\u0103, criticul Alex.\n\u015etef\u0103nescu a fost invitat la o sindrofie cultural\u0103, \u00eentr-un ora\u015f mare din\nArdeal. A aterizat \u00eentr-un prezidiu l\u00e2ng\u0103 o unguroaic\u0103 absolut superb\u0103.\nInvitatul ardelenilor s-a dat la minunea blond\u0103. I-a f\u0103cut o propunere\nindecent\u0103. \u201eScumpa mea Ildiko \u2013 a\u015fa o chema pe fata din pusta Panonic\u0103 \u2013 dac\u0103\nm\u0103 la\u015fi s\u0103 te s\u0103rut \u00ee\u0163i dau toat\u0103 Transilvania\u201d. C\u00e2nd UDMR-ista a auzit oferta\ns-a aruncat \u00een bra\u0163ele frumosului valah \u015fi a urmat o \u00eembr\u0103\u0163i\u015fare ca \u00een filme.\n\u015eugub\u0103\u0163, delicat \u015fi subtil, eroul nostru a \u00eentors c\u0103r\u0163ile pe fa\u0163\u0103. Totul a fost\no glum\u0103. Transilvania este o provincie istoric\u0103 a Rom\u00e2niei, stat na\u0163ional,\nsuveran, independent, unitar \u015fi indivizibil. Transilvania e parte din Rom\u00e2nia,\nnu e de dat! Nim\u0103nui! Niciodat\u0103! S-a auzit? Ast\u0103zi \u00eencepe ziua de m\u00e2ine c\u00e2nd\ns\u0103rb\u0103torim Trianon 100.<\/p>\n\n\n\n<p><strong><em>Dumitru RUSU<\/em><\/strong><\/p>\n","protected":false},"excerpt":{"rendered":"<p>A\u0163i citit interesanta carte Dragul meu turn\u0103tor \u2013 semnat\u0103 de scriitorul Liiceanu? Aici descoperi\u0163i zicerea: \u201eRom\u00e2nii nu vor afla niciodat\u0103 adev\u0103rul adev\u0103rat despre Revolu\u0163ia din decembrie \u201989\u201d. Pe ce s-a bazat filosoful \u00een aser\u0163iunea sa? \u00cen primul r\u00e2nd pe faptul&hellip;<\/p>\n<p class=\"more-link-p\"><a class=\"more-link\" href=\"http:\/\/www.slineamt.ro\/apostolul\/pasi-spre-europa\/trei-decenii-de-la-revolutia-romana\/\">Read more &rarr;<\/a><\/p>\n","protected":false},"author":1,"featured_media":0,"comment_status":"open","ping_status":"closed","sticky":false,"template":"","format":"standard","meta":{"footnotes":""},"categories":[9,416],"tags":[],"class_list":["post-18647","post","type-post","status-publish","format-standard","hentry","category-pasi-spre-europa","category-numarul-227"],"_links":{"self":[{"href":"http:\/\/www.slineamt.ro\/apostolul\/wp-json\/wp\/v2\/posts\/18647","targetHints":{"allow":["GET"]}}],"collection":[{"href":"http:\/\/www.slineamt.ro\/apostolul\/wp-json\/wp\/v2\/posts"}],"about":[{"href":"http:\/\/www.slineamt.ro\/apostolul\/wp-json\/wp\/v2\/types\/post"}],"author":[{"embeddable":true,"href":"http:\/\/www.slineamt.ro\/apostolul\/wp-json\/wp\/v2\/users\/1"}],"replies":[{"embeddable":true,"href":"http:\/\/www.slineamt.ro\/apostolul\/wp-json\/wp\/v2\/comments?post=18647"}],"version-history":[{"count":1,"href":"http:\/\/www.slineamt.ro\/apostolul\/wp-json\/wp\/v2\/posts\/18647\/revisions"}],"predecessor-version":[{"id":18653,"href":"http:\/\/www.slineamt.ro\/apostolul\/wp-json\/wp\/v2\/posts\/18647\/revisions\/18653"}],"wp:attachment":[{"href":"http:\/\/www.slineamt.ro\/apostolul\/wp-json\/wp\/v2\/media?parent=18647"}],"wp:term":[{"taxonomy":"category","embeddable":true,"href":"http:\/\/www.slineamt.ro\/apostolul\/wp-json\/wp\/v2\/categories?post=18647"},{"taxonomy":"post_tag","embeddable":true,"href":"http:\/\/www.slineamt.ro\/apostolul\/wp-json\/wp\/v2\/tags?post=18647"}],"curies":[{"name":"wp","href":"https:\/\/api.w.org\/{rel}","templated":true}]}}