{"id":18659,"date":"2019-12-24T04:10:09","date_gmt":"2019-12-24T04:10:09","guid":{"rendered":"http:\/\/www.slineamt.ro\/apostolul\/?p=18659"},"modified":"2019-12-24T04:10:09","modified_gmt":"2019-12-24T04:10:09","slug":"fratii-in-veci-vor-fi-frati","status":"publish","type":"post","link":"http:\/\/www.slineamt.ro\/apostolul\/pasi-spre-europa\/fratii-in-veci-vor-fi-frati\/","title":{"rendered":"Fra\u0163ii \u00een veci vor fi fra\u0163i"},"content":{"rendered":"\n<div class=\"wp-block-image\"><figure class=\"alignleft is-resized\"><img loading=\"lazy\" decoding=\"async\" src=\"https:\/\/www.slineamt.ro\/apostolul\/wp-content\/uploads\/2019\/12\/14-ap227-foto1.jpg\" alt=\"\" class=\"wp-image-18662\" width=\"325\" height=\"433\" srcset=\"http:\/\/www.slineamt.ro\/apostolul\/wp-content\/uploads\/2019\/12\/14-ap227-foto1.jpg 489w, http:\/\/www.slineamt.ro\/apostolul\/wp-content\/uploads\/2019\/12\/14-ap227-foto1-225x300.jpg 225w, http:\/\/www.slineamt.ro\/apostolul\/wp-content\/uploads\/2019\/12\/14-ap227-foto1-260x347.jpg 260w, http:\/\/www.slineamt.ro\/apostolul\/wp-content\/uploads\/2019\/12\/14-ap227-foto1-160x213.jpg 160w\" sizes=\"auto, (max-width: 325px) 100vw, 325px\" \/><\/figure><\/div>\n\n\n\n<p>Am legat\nprietenii cu oameni frumo\u015fi de peste Prut. A \u00eenceput banal. Am mers la Br\u0103ila\nmai multe ori. La Conferin\u0163a jude\u0163ean\u0103 a Sindicatului \u00cenv\u0103\u0163\u0103m\u00e2ntului \u201eCorneliu\nGheorghe Caranica\u201d, am primit ni\u015fte daruri de la dl. pre\u015fedinte Valeriu\nPartene: un album cu imagini ale ora\u015fului, o hart\u0103 \u015fi o carte. Ajuns\u0103 acas\u0103,\nprins\u0103 de activit\u0103\u0163ile cotidiene, am uitat o vreme de cartea d\u0103ruit\u0103 dar mai\nt\u00e2rziu, r\u0103sfoind-o, am aflat cu mirare c\u0103 autorul e \u00eensu\u015fi dl. Valeriu Partene.\nAm citit-o. E o carte dedicat\u0103 bunilor p\u0103rin\u0163i \u015fi locului cel mai drag\nsufletului unde s-a n\u0103scut. Se nume\u015fte \u201eMatei Basarab, cel mai de seam\u0103 ctitor\nde l\u0103ca\u015furi sfinte ale neamului rom\u00e2nesc\u201d. Astfel soarta mi-a dat un prieten\nmai mare, pentru a-mi fi exemplu. Tot acolo la Br\u0103ila, \u00een sala Teatrului \u201eMaria\nFilotti\u201d, am cunoscut-o pe Ancu\u0163a Cordi\u015f, pre\u015fedinte al Sindicatului din \u00cenv\u0103\u0163\u0103m\u00e2nt\n\u201eSpiru Haret\u201d din Turda, jud. Cluj, \u2013 un om deosebit. Ambele ne-am dorit o\ncolaborare \u00eentre sindicatele noastre. A urmat o plecare la Turda \u00een perioada\n10-12 octombrie, a.c. \u00een baza Proiectului Interna\u0163ional \u201eFra\u0163ii \u00een veci vor fi\nfra\u0163i\u201d, un proiect ini\u0163iat de ea, pentru care \u00eei mul\u0163umim enorm. Trei\nsindicate: Sindicatul din \u00cenv\u0103\u0163\u0103m\u00e2nt \u201eSpiru Haret\u201d Turda, Sindicatul \u00cenv\u0103\u0163\u0103m\u00e2ntului\n\u201eCorneliu Gheorghe Caranica\u201d Br\u0103ila \u015fi Consiliul raional Cahul al Federa\u0163iei\nSindicale a Educa\u0163iei \u015fi \u015etiin\u0163ei, ne-am \u00eent\u00e2lnit la o \u015fedin\u0163\u0103 festiv\u0103 \u00een\ncadrul omagierii pensionarilor turdeni. Am fost parte a unei activit\u0103\u0163i pline\nde emo\u0163ii. Au fost trei zile pline de activit\u0103\u0163i interesante. Am vizitat\nformidabila salin\u0103 din Turda, cred c\u0103 cea mai frumoas\u0103 din \u0163ar\u0103. Din sala\nEcourilor am strigat \u00eentr-un glas Turda \u2013 Cahul, simbol al \u00eenfr\u0103\u0163irii noastre\ncomune. Am tr\u0103it trei zile minunate. Am vizitat Clujul, un ora\u015f frumos, plin de\nistorie. Doamna Cordi\u015f a avut grij\u0103 ca excursia s\u0103 fie ghidat\u0103 de un angajat al\nprim\u0103riei. \u00cens\u0103 noi eram \u00eenc\u00e2nta\u0163i de frumuse\u0163ea locurilor \u015fi nu reu\u015feam s\u0103 ne\nconcentr\u0103m \u015fi \u00een ale povestitului \u015fi ale v\u0103zutului. Am vorbit din ale noastre,\ndespre problemele noastre comune ale sindicali\u015ftilor, despre salarii, despre\ndrepturi, despre oameni. Mul\u0163umesc mult dnei. Ancu\u0163a Cordi\u015f, pre\u015fedinte, \u015fi\nbiroului Sindicatului din \u00cenv\u0103\u0163\u0103m\u00e2nt \u201eSpiru Haret\u201d Turda, pentru primirea de\nsuflet, pentru prietenie \u015fi pentru c\u0103 suntem fra\u0163i.<\/p>\n\n\n\n<div class=\"wp-block-image\"><figure class=\"alignright is-resized\"><img loading=\"lazy\" decoding=\"async\" src=\"https:\/\/www.slineamt.ro\/apostolul\/wp-content\/uploads\/2019\/12\/14-ap227-foto2.jpg\" alt=\"\" class=\"wp-image-18665\" width=\"392\" height=\"294\" srcset=\"http:\/\/www.slineamt.ro\/apostolul\/wp-content\/uploads\/2019\/12\/14-ap227-foto2.jpg 652w, http:\/\/www.slineamt.ro\/apostolul\/wp-content\/uploads\/2019\/12\/14-ap227-foto2-300x225.jpg 300w, http:\/\/www.slineamt.ro\/apostolul\/wp-content\/uploads\/2019\/12\/14-ap227-foto2-560x420.jpg 560w, http:\/\/www.slineamt.ro\/apostolul\/wp-content\/uploads\/2019\/12\/14-ap227-foto2-260x195.jpg 260w, http:\/\/www.slineamt.ro\/apostolul\/wp-content\/uploads\/2019\/12\/14-ap227-foto2-160x120.jpg 160w\" sizes=\"auto, (max-width: 392px) 100vw, 392px\" \/><\/figure><\/div>\n\n\n\n<p>Proiectul nu\ns-a finalizat. Urmeaz\u0103 s\u0103-mi chem prietenii \u00een Moldova, \u015fi sper s\u0103 nu fim doar\ntrei: Br\u0103ila, Turda, Cahul, ci patru, cu voi cei din Piatra-Neam\u0163.<\/p>\n\n\n\n<p><strong><em>Prof. Maria\nTICHISAN<\/em><\/strong><\/p>\n\n\n\n<p><em>Pre\u015fedintele Consiliului Raional Cahul al Federa\u0163iei\nSindicale a Educa\u0163iei \u015fi \u015etiin\u0163ei<\/em><\/p>\n","protected":false},"excerpt":{"rendered":"<p>Am legat prietenii cu oameni frumo\u015fi de peste Prut. A \u00eenceput banal. Am mers la Br\u0103ila mai multe ori. La Conferin\u0163a jude\u0163ean\u0103 a Sindicatului \u00cenv\u0103\u0163\u0103m\u00e2ntului \u201eCorneliu Gheorghe Caranica\u201d, am primit ni\u015fte daruri de la dl. pre\u015fedinte Valeriu Partene: un album&hellip;<\/p>\n<p class=\"more-link-p\"><a class=\"more-link\" href=\"http:\/\/www.slineamt.ro\/apostolul\/pasi-spre-europa\/fratii-in-veci-vor-fi-frati\/\">Read more &rarr;<\/a><\/p>\n","protected":false},"author":1,"featured_media":0,"comment_status":"open","ping_status":"closed","sticky":false,"template":"","format":"standard","meta":{"footnotes":""},"categories":[9,416],"tags":[],"class_list":["post-18659","post","type-post","status-publish","format-standard","hentry","category-pasi-spre-europa","category-numarul-227"],"_links":{"self":[{"href":"http:\/\/www.slineamt.ro\/apostolul\/wp-json\/wp\/v2\/posts\/18659","targetHints":{"allow":["GET"]}}],"collection":[{"href":"http:\/\/www.slineamt.ro\/apostolul\/wp-json\/wp\/v2\/posts"}],"about":[{"href":"http:\/\/www.slineamt.ro\/apostolul\/wp-json\/wp\/v2\/types\/post"}],"author":[{"embeddable":true,"href":"http:\/\/www.slineamt.ro\/apostolul\/wp-json\/wp\/v2\/users\/1"}],"replies":[{"embeddable":true,"href":"http:\/\/www.slineamt.ro\/apostolul\/wp-json\/wp\/v2\/comments?post=18659"}],"version-history":[{"count":1,"href":"http:\/\/www.slineamt.ro\/apostolul\/wp-json\/wp\/v2\/posts\/18659\/revisions"}],"predecessor-version":[{"id":18668,"href":"http:\/\/www.slineamt.ro\/apostolul\/wp-json\/wp\/v2\/posts\/18659\/revisions\/18668"}],"wp:attachment":[{"href":"http:\/\/www.slineamt.ro\/apostolul\/wp-json\/wp\/v2\/media?parent=18659"}],"wp:term":[{"taxonomy":"category","embeddable":true,"href":"http:\/\/www.slineamt.ro\/apostolul\/wp-json\/wp\/v2\/categories?post=18659"},{"taxonomy":"post_tag","embeddable":true,"href":"http:\/\/www.slineamt.ro\/apostolul\/wp-json\/wp\/v2\/tags?post=18659"}],"curies":[{"name":"wp","href":"https:\/\/api.w.org\/{rel}","templated":true}]}}