{"id":18671,"date":"2019-12-24T04:12:29","date_gmt":"2019-12-24T04:12:29","guid":{"rendered":"http:\/\/www.slineamt.ro\/apostolul\/?p=18671"},"modified":"2019-12-24T04:12:29","modified_gmt":"2019-12-24T04:12:29","slug":"de-la-stefan-voda-la-roman-voda","status":"publish","type":"post","link":"http:\/\/www.slineamt.ro\/apostolul\/viata-sindicala-imperative\/de-la-stefan-voda-la-roman-voda\/","title":{"rendered":"De la \u015etefan Vod\u0103 la Roman Vod\u0103"},"content":{"rendered":"\n<div class=\"wp-block-image\"><figure class=\"alignleft\"><img loading=\"lazy\" decoding=\"async\" width=\"292\" height=\"425\" src=\"https:\/\/www.slineamt.ro\/apostolul\/wp-content\/uploads\/2019\/12\/13-ap227-foto1.jpg\" alt=\"\" class=\"wp-image-18674\" srcset=\"http:\/\/www.slineamt.ro\/apostolul\/wp-content\/uploads\/2019\/12\/13-ap227-foto1.jpg 292w, http:\/\/www.slineamt.ro\/apostolul\/wp-content\/uploads\/2019\/12\/13-ap227-foto1-206x300.jpg 206w, http:\/\/www.slineamt.ro\/apostolul\/wp-content\/uploads\/2019\/12\/13-ap227-foto1-260x378.jpg 260w, http:\/\/www.slineamt.ro\/apostolul\/wp-content\/uploads\/2019\/12\/13-ap227-foto1-160x233.jpg 160w\" sizes=\"auto, (max-width: 292px) 100vw, 292px\" \/><\/figure><\/div>\n\n\n\n<p>\u2022\nParteneriatul sindical \u2013 o oportunitate de manifestare a spiritualit\u0103\u0163ii nea\u00admului\nrom\u00e2nesc<\/p>\n\n\n\n<p>La Conferin\u0163a\nRaional\u0103 a Federa\u0163iei Sindicale a Educa\u0163iei \u015fi \u015etiin\u0163ei \u015etefan Vod\u0103 desf\u0103\u015furat\u0103\npe 22 noiembrie, printre problemele ce \u0163in de sindicat s-a subliniat \u015fi faptul\nc\u0103 \u201ee de dorit ca liderii sindicali s\u0103 manifeste mai mult\u0103 ini\u0163iativ\u0103 \u00een\norganizarea unor excursii \u00een \u0163ar\u0103 \u015fi peste hotare, \u00een special, \u00een Rom\u00e2nia\u201d. De\naceea, am considerat necesar\u0103 interven\u0163ia mea, propun\u00e2ndu-le celor prezen\u0163i la\nconferin\u0163\u0103 o modalitate viabil\u0103 de a-\u015fi dezvolta rela\u0163iile de parteneriat\nsindical cu colegii no\u015ftri din Rom\u00e2nia. \u015ei am relatat experien\u0163a de la Institu\u0163ia\nPublic\u0103 Liceul Teoretic (IPLT) \u201e\u015etefan Vod\u0103\u201d, din ora\u015ful \u015etefan Vod\u0103, \u00een care\nactivez ca profesor de limba \u015fi literatura rom\u00e2n\u0103 \u015fi director adjunct pentru\neduca\u0163ie. <\/p>\n\n\n\n<p>A\u015fadar,\nparteneriatul nostru a \u00eenceput \u00een prim\u0103vara anului 2014, c\u00e2nd zece elevi, \u00eenso\u0163i\u0163i\nde patru cadre didactice au avut fericita ocazie de a se deplasa \u00een Roman,\nmunicipiu \u00eenfr\u0103\u0163it cu ora\u015ful nostru, la invita\u0163ia dnei. Mihaela Tanovici,\ndirectorul Colegiului Na\u0163ional \u201eRoman-Vod\u0103\u201d \u015fi a dnei. Nadejda Anghel\n(originar\u0103 din \u015etefan Vod\u0103), pre\u015fedintele Asocia\u0163iei Culturale Pro Basarabia \u015fi\nBucovina \u201eIon Vatamanu\u201d. Scopul invita\u0163iei era participarea noastr\u0103 la\nsimpozionul interna\u0163ional dedicat celor 96 de ani de la Unirea Basarabiei cu\nRom\u00e2nia, din 27 martie 1918. <\/p>\n\n\n\n<p>\u00cen prima zi\nam avut o \u00eent\u00e2lnire cu primarul de Roman, dl. Lauren\u0163iu Dan Leureanu\n(actualmente senator), o personalitate foarte deschis\u0103, inteligent\u0103 \u015fi\nprimitoare. Dumnealui ne-a vorbit despre istoria \u015fi prezentul vechii cet\u0103\u0163i\nmu\u015fatine, despre efortul de a transforma Romanul \u00eentr-un ora\u015f civilizat,\neuropean.<\/p>\n\n\n\n<p>Tinerii\nno\u015ftri au ie\u015fit din sediul prim\u0103riei \u00eemplini\u0163i suflete\u015fte, dar \u015fi mira\u0163i c\u0103\nprimarul le-a vorbit de la egal la egal, str\u00e2ng\u00e2ndu-le m\u00e2na fiec\u0103ruia. Dup\u0103\ncare am mers \u00een sala de festivit\u0103\u0163i a Colegiului Na\u0163ional \u201eRoman-Vod\u0103\u201d \u015fi am\nasistat la o conferin\u0163\u0103 sus\u0163inut\u0103 de regretatul academician Solomon Marcus cu\ntema \u201eMirare, mister, hazard, infinit\u201d. Apoi, noi, cei de la \u015etefan Vod\u0103, am\nprezentat un spectacol de \u00eenalt\u0103 sim\u0163ire rom\u00e2neasc\u0103, r\u0103scolind inimile tuturor\ncelor prezen\u0163i. <\/p>\n\n\n\n<p>Dup\u0103-amiaz\u0103\nam vizitat Episcopia Romanului \u015fi Bac\u0103ului, Catedrala Arhiepiscopal\u0103 cu hramul\n\u201eSf. Parascheva\u201d, ctitorit\u0103 de Roman-Vod\u0103, casa construit\u0103 de Dosoftei, fost\nEpiscop de Roman \u015fi Muzeul episcopal, bogat \u00een icoane \u015fi obiecte biserice\u015fti\ndin secolul al VI-lea. Elevii au avut parte de o discu\u0163ie de suflet cu\n\u00cenaltpreasfin\u0163itul Ioachim B\u0103c\u0103uanul, iar seara am asistat la a doua conferin\u0163\u0103\nsus\u0163inut\u0103 de academicianul Solomon Marcus cu tema \u201e\u00centre istoria care ni se\narat\u0103 \u015fi istoria care ni se ascunde\u201d. <\/p>\n\n\n\n<div class=\"wp-block-image\"><figure class=\"alignright is-resized\"><img loading=\"lazy\" decoding=\"async\" src=\"https:\/\/www.slineamt.ro\/apostolul\/wp-content\/uploads\/2019\/12\/13-ap227-foto2.jpg\" alt=\"\" class=\"wp-image-18677\" width=\"387\" height=\"280\" srcset=\"http:\/\/www.slineamt.ro\/apostolul\/wp-content\/uploads\/2019\/12\/13-ap227-foto2.jpg 652w, http:\/\/www.slineamt.ro\/apostolul\/wp-content\/uploads\/2019\/12\/13-ap227-foto2-300x218.jpg 300w, http:\/\/www.slineamt.ro\/apostolul\/wp-content\/uploads\/2019\/12\/13-ap227-foto2-560x406.jpg 560w, http:\/\/www.slineamt.ro\/apostolul\/wp-content\/uploads\/2019\/12\/13-ap227-foto2-260x189.jpg 260w, http:\/\/www.slineamt.ro\/apostolul\/wp-content\/uploads\/2019\/12\/13-ap227-foto2-160x116.jpg 160w\" sizes=\"auto, (max-width: 387px) 100vw, 387px\" \/><\/figure><\/div>\n\n\n\n<p>Zilele\nurm\u0103toare au fost la fel de interesante. Am vizitat Muzeul \u201eCalistrat Hoga\u015f\u201d,\nsituat \u00een incinta Colegiului Na\u0163ional \u201eRoman-Vod\u0103\u201d \u2013 un adev\u0103rat monument\nistoric \u015fi cultural, vechi de aproape 200 de ani, cu o colec\u0163ie de peste\n170.000 de obiecte \u2013 \u015fi Muzeul de Art\u0103 \u2013 o cl\u0103dire monument de arhitectur\u0103,\nconstruit\u0103 la sf\u00e2r\u015fitul sec. XIX. Fenomenal a fost \u015fi spectacolul \u201ePianul\nc\u0103l\u0103tor\u201d, sus\u0163inut de renumitul pianist rom\u00e2n Horia Mihail. Interesant\u0103 \u015fi\napreciat\u0103 de elevi s-a ar\u0103tat \u015fi vizita la casa \u201esf\u0103tosului bunic din\nHumule\u015fti\u201d, \u00een curtea c\u0103reia \u201estau de veghe\u201d personajele din pove\u015ftile \u015fi\namintirile lui Ion Creang\u0103. Mul\u0163i elevi au remarcat \u015fi unicitatea casei\nVeronic\u0103i Micle, \u00een care \u00eenc\u0103 se mai p\u0103streaz\u0103 foarte multe obiecte personale\nde-ale poetei. Apropo, elevii no\u015ftri au fost caza\u0163i \u00een familii. Ei au men\u0163ionat\nfaptul c\u0103 au fost trata\u0163i cu respect \u015fi afec\u0163iune \u015fi au propus ca \u015fi noi s\u0103\norganiz\u0103m un a\u015fa schimb de experien\u0163\u0103. <\/p>\n\n\n\n<p>Ulterior,\ni-am \u00eent\u00e2mpinat pe roma\u015fcani, cu mare drag, la \u015etefan Vod\u0103. Sus\u0163inu\u0163i de\nConsiliul raional, prim\u0103ria ora\u015fului, c\u00e2t \u015fi direc\u0163ia \u00eenv\u0103\u0163\u0103m\u00e2nt, am reu\u015fit s\u0103\nfacem tot posibilul ca scumpii \u015fi dragii no\u015ftri oaspe\u0163i s\u0103 se simt\u0103 minunat. Pe\nl\u00e2ng\u0103 simpozionul interna\u0163ional de lectur\u0103 \u00een cadrul c\u0103ruia am lansat romanul\nscriitorului roma\u015fcan Ioan Dobreanu \u201eM\u0103rturisirea\u201d, am reu\u015fit s\u0103 organiz\u0103m\nvizite \u015fi excursii la diverse monumente de cultur\u0103 din zon\u0103: Vin\u0103ria Purcari,\nm\u0103n\u0103stirea Marta \u015fi Maria, muzee etc.<\/p>\n\n\n\n<p>Urmarea?\nAcest schimb de experien\u0163\u0103 a devenit unul tradi\u0163ional pentru ambele p\u0103r\u0163i. Am\nreu\u015fit s\u0103 leg\u0103m prietenii adev\u0103rate, s\u0103 comunic\u0103m, s\u0103 ne cunoa\u015ftem \u0162ara.<\/p>\n\n\n\n<p>\u00cen 2018 deja\nam \u00eencheiat un acord de parteneriat cu liceul tehnologic \u201eMiron Costin\u201d, tot\ndin Roman. \u00cempreun\u0103 realiz\u0103m proiectul cultural \u201eDulce Rom\u00e2nie\u201d, dedicat iei\nrom\u00e2ne\u015fti. \u00cen prima etap\u0103, am mers cu un grup de profesori \u015fi elevi \u00een Rom\u00e2nia\n\u015fi am desf\u0103\u015furat un master-clas de brodare a iei na\u0163ionale, care este simbolul\nspiritualit\u0103\u0163ii noastre. Activitatea s-a \u00eencheiat cu un program muzical sus\u0163inut\nde ansamblul etnofolcloric \u201ePl\u0103ie\u015fii\u201d din liceul nostru. A doua etap\u0103 urmeaz\u0103\ns-o desf\u0103\u015fur\u0103m la \u015etefan Vod\u0103.<\/p>\n\n\n\n<p>Inten\u0163ion\u0103m\ns\u0103 ini\u0163iem un proiect cultural deja la nivel de membri de sindicat, deoarece\nconsider\u0103m c\u0103 e o oportunitate de promovare at\u00e2t a imaginii noastre, c\u00e2t \u015fi a\nmanifest\u0103rii spiritualit\u0103\u0163ii neamului. \u00cen fond, este vorba despre punerea \u00een\npractic\u0103 a unei idei valoroase: d\u0103inuirea prin cultur\u0103! <\/p>\n\n\n\n<p>O idee pe\ncare putem s-o \u00eembr\u0103\u0163i\u015f\u0103m \u015fi s-o promov\u0103m cu to\u0163ii.<\/p>\n\n\n\n<p><strong><em>Prof.\nNatalia \u015eTEFAN,<\/em><\/strong><\/p>\n\n\n\n<p><strong><em>lider\nsindical \u00een IPLT \u201e\u015etefan Vod\u0103\u201d, ora\u015ful \u015etefan Vod\u0103<\/em><\/strong><\/p>\n","protected":false},"excerpt":{"rendered":"<p>\u2022 Parteneriatul sindical \u2013 o oportunitate de manifestare a spiritualit\u0103\u0163ii nea\u00admului rom\u00e2nesc La Conferin\u0163a Raional\u0103 a Federa\u0163iei Sindicale a Educa\u0163iei \u015fi \u015etiin\u0163ei \u015etefan Vod\u0103 desf\u0103\u015furat\u0103 pe 22 noiembrie, printre problemele ce \u0163in de sindicat s-a subliniat \u015fi faptul c\u0103 \u201ee&hellip;<\/p>\n<p class=\"more-link-p\"><a class=\"more-link\" href=\"http:\/\/www.slineamt.ro\/apostolul\/viata-sindicala-imperative\/de-la-stefan-voda-la-roman-voda\/\">Read more &rarr;<\/a><\/p>\n","protected":false},"author":1,"featured_media":0,"comment_status":"open","ping_status":"closed","sticky":false,"template":"","format":"standard","meta":{"footnotes":""},"categories":[11,416],"tags":[],"class_list":["post-18671","post","type-post","status-publish","format-standard","hentry","category-viata-sindicala-imperative","category-numarul-227"],"_links":{"self":[{"href":"http:\/\/www.slineamt.ro\/apostolul\/wp-json\/wp\/v2\/posts\/18671","targetHints":{"allow":["GET"]}}],"collection":[{"href":"http:\/\/www.slineamt.ro\/apostolul\/wp-json\/wp\/v2\/posts"}],"about":[{"href":"http:\/\/www.slineamt.ro\/apostolul\/wp-json\/wp\/v2\/types\/post"}],"author":[{"embeddable":true,"href":"http:\/\/www.slineamt.ro\/apostolul\/wp-json\/wp\/v2\/users\/1"}],"replies":[{"embeddable":true,"href":"http:\/\/www.slineamt.ro\/apostolul\/wp-json\/wp\/v2\/comments?post=18671"}],"version-history":[{"count":1,"href":"http:\/\/www.slineamt.ro\/apostolul\/wp-json\/wp\/v2\/posts\/18671\/revisions"}],"predecessor-version":[{"id":18680,"href":"http:\/\/www.slineamt.ro\/apostolul\/wp-json\/wp\/v2\/posts\/18671\/revisions\/18680"}],"wp:attachment":[{"href":"http:\/\/www.slineamt.ro\/apostolul\/wp-json\/wp\/v2\/media?parent=18671"}],"wp:term":[{"taxonomy":"category","embeddable":true,"href":"http:\/\/www.slineamt.ro\/apostolul\/wp-json\/wp\/v2\/categories?post=18671"},{"taxonomy":"post_tag","embeddable":true,"href":"http:\/\/www.slineamt.ro\/apostolul\/wp-json\/wp\/v2\/tags?post=18671"}],"curies":[{"name":"wp","href":"https:\/\/api.w.org\/{rel}","templated":true}]}}