{"id":18695,"date":"2019-12-24T04:16:24","date_gmt":"2019-12-24T04:16:24","guid":{"rendered":"http:\/\/www.slineamt.ro\/apostolul\/?p=18695"},"modified":"2019-12-24T04:16:24","modified_gmt":"2019-12-24T04:16:24","slug":"sindicalistii-orheieni-si-au-reales-liderul","status":"publish","type":"post","link":"http:\/\/www.slineamt.ro\/apostolul\/viata-sindicala-imperative\/sindicalistii-orheieni-si-au-reales-liderul\/","title":{"rendered":"Sindicali\u015ftii orheieni \u015fi-au reales liderul"},"content":{"rendered":"\n<div class=\"wp-block-image\"><figure class=\"alignleft is-resized\"><img loading=\"lazy\" decoding=\"async\" src=\"https:\/\/www.slineamt.ro\/apostolul\/wp-content\/uploads\/2019\/12\/11-ap227-foto1.jpg\" alt=\"\" class=\"wp-image-18698\" width=\"339\" height=\"452\" srcset=\"http:\/\/www.slineamt.ro\/apostolul\/wp-content\/uploads\/2019\/12\/11-ap227-foto1.jpg 425w, http:\/\/www.slineamt.ro\/apostolul\/wp-content\/uploads\/2019\/12\/11-ap227-foto1-225x300.jpg 225w, http:\/\/www.slineamt.ro\/apostolul\/wp-content\/uploads\/2019\/12\/11-ap227-foto1-260x347.jpg 260w, http:\/\/www.slineamt.ro\/apostolul\/wp-content\/uploads\/2019\/12\/11-ap227-foto1-160x213.jpg 160w\" sizes=\"auto, (max-width: 339px) 100vw, 339px\" \/><\/figure><\/div>\n\n\n\n<p>A\u015fa cum la\nfiecare sf\u00e2r\u015fit de mandat se fac analize, se puncteaz\u0103 realiz\u0103rile \u015fi se mai\nfac \u015fi planuri de viitor, \u015fi reprezentan\u0163ii organiza\u0163iei raionale Orhei a\nFedera\u0163iei Sindicale a Educa\u0163iei \u015fi \u015etiin\u0163ei (FSE\u015e) s-au reunit, pe 05\ndecembrie 2019, \u00een cadrul Conferin\u0163ei de dare de seam\u0103 \u015fi alegeri. La acest\neveniment, care a avut loc \u00een incinta Liceului teoretic <em>I. L. Caragiale<\/em> din Orhei, au participat circa 100 de delega\u0163i din\npartea organiza\u0163iilor sindicale primare din institu\u0163iile educa\u0163ionale din\nOrhei, care reunesc circa 3000 membri de sindicat. La Conferin\u0163\u0103 au mai\nparticipat directori de institu\u0163ii, parteneri sociali, precum \u015fi reprezentan\u0163i\nat\u00e2t ai conducerii Federa\u0163iei, c\u00e2t \u015fi ai Confedera\u0163iei Na\u0163ionale a Sindicatelor\ndin Moldova.<\/p>\n\n\n\n<p>Realiz\u0103ri,\ntotaluri, rezultate, perspective, planuri \u015fi angajamente&#8230; acesta a fost\nscopul \u00eentrunirii, care a analizat activitatea desf\u0103\u015furat\u0103 de organiza\u0163ia\nraional\u0103 Orhei a FSE\u015e, \u00een frunte cu Simion Bo\u0163an, pe parcursul ultimilor cinci\nani. Dup\u0103 spusele acestuia, dar \u015fi din interven\u0163ia vorbitorilor \u00een plenul\ndezbaterilor, mandatul recent \u00eencheiat s-a dovedit a fi unul rodnic, o ac\u0163iune\ncare a solicitat mult efort \u015fi mult\u0103 munc\u0103. A fost un mandat, care a venit cu\nprovoc\u0103ri \u00eendr\u0103zne\u0163e, dar care a insuflat \u015fi \u00eencrederea \u00een faptul c\u0103 prin\neforturi comune, implicare \u015fi dorin\u0163\u0103, lucrurile pot fi schimbate spre bine.<\/p>\n\n\n\n<p><em>\u00cen aceast\u0103 perioad\u0103 la care ne referim<\/em> \u2013 a declarat liderul sindical Simion Bo\u0163an, <em>ne-am asumat o serie de obiective pe care le\nasociem cu misiunea unei organiza\u0163ii sindicale ce-\u015fi dore\u015fte s\u0103 r\u0103spund\u0103 c\u00e2t\nmai bine intereselor profesionale, economice \u015fi sociale ale celor care lucreaz\u0103\n\u00een \u00eenv\u0103\u0163\u0103m\u00e2nt, pentru a le ap\u0103ra \u015fi promova drepturile legale \u00een domeniul\nrela\u0163iilor de munc\u0103, dar \u00een acela\u015fi timp, pentru a promova un proces\neduca\u0163ional de calitate, pus \u00een slujba principalilor beneficiari \u2013 elevii<\/em>.<\/p>\n\n\n\n<p>\u00cen acest\nscop, Consiliul Raional al FSE\u015e a organizat seminare de instruire pentru\nliderii sindicali din organiza\u0163iile sindicale primare \u015fi managerii institu\u0163iilor\nde \u00eenv\u0103\u0163\u0103m\u00e2nt \u015fi educa\u0163ie. Tematica seminarelor a \u0163inut de activitatea nemijlocit\u0103\na liderilor sindicali \u015fi managerilor, de studierea legisla\u0163iei muncii,\nnegocierile colective, securitatea \u015fi s\u0103n\u0103tatea la locul de munc\u0103, protec\u0163ia\nsocial\u0103 a angaja\u0163ilor, implementarea corect\u0103 a legii unice de salarizare \u00een\nsistemul bugetar etc. <\/p>\n\n\n\n<p>Un impact\nfoarte bun a avut seminarul dedicat tinerilor speciali\u015fti \u00een cadrul Campaniei\n\u201eCadre didactice tinere: oportunit\u0103\u0163i \u015fi garan\u0163ii\u201d. Au fost organizate patru\nseminare zonale \u00een cadrul campaniei dedicate contractului individual de munc\u0103.\nSemnarea Conven\u0163iei Colective (nivel de ramur\u0103) \u00een februarie 2016 a generat un\nimbold pentru renegocierea contractelor colective de munc\u0103 (CCM) la nivel de\nunitate. Astfel, \u00een prezent, exist\u0103 CCM la nivel de unitate, \u00een 94% din\norganiza\u0163iile sindicale primare.<\/p>\n\n\n\n<p>Liderii sindicali\nfac parte din consiliile de administra\u0163ie, de etic\u0103, de atestare, de concurs\npentru func\u0163iile vacante de directori, comisia de concurs Pedagogul anului \u015fi\naltele. La acest capitol trebuie s\u0103 men\u0163ion\u0103m, c\u0103 pe parcursul perioadei de\nreferin\u0163\u0103, am stabilit un acord de parteneriat cu Federa\u0163ia Sindicatelor Libere\ndin \u00cenv\u0103\u0163\u0103m\u00e2nt \u015fi \u015etiin\u0163\u0103 Neam\u0163, am adus contribu\u0163ia la stabilirea\nparteneriatului din Direc\u0163ia General\u0103 Educa\u0163ie Orhei \u015fi Casa Corpului Didactic\n\u015fi Inspec\u00adtoratul \u015ecolar Neam\u0163.<\/p>\n\n\n\n<p>&nbsp;Dar cea mai bun\u0103 apreciere a rezultatelor\nmuncii unui lider sindical din partea membrilor organiza\u0163iei este realegerea\nlui pentru o nou\u0103 legislatur\u0103. Domnul Simion Bo\u0163an a primit acest mandat din\npartea colegilor s\u0103i f\u0103r\u0103 t\u0103gad\u0103, pentru c\u0103 este \u00abomul potrivit la locul potrivit\u00bb,\ndup\u0103 spusele mai multor membri de sindicat din Orhei.<\/p>\n\n\n\n<p>\u00cei dorim\nsuccese \u015fi sus\u0163inerea tuturor \u015fi \u00een noul mandat!<\/p>\n\n\n\n<p><strong><em>Angelina\nBEGU<\/em><\/strong><\/p>\n","protected":false},"excerpt":{"rendered":"<p>A\u015fa cum la fiecare sf\u00e2r\u015fit de mandat se fac analize, se puncteaz\u0103 realiz\u0103rile \u015fi se mai fac \u015fi planuri de viitor, \u015fi reprezentan\u0163ii organiza\u0163iei raionale Orhei a Federa\u0163iei Sindicale a Educa\u0163iei \u015fi \u015etiin\u0163ei (FSE\u015e) s-au reunit, pe 05 decembrie 2019,&hellip;<\/p>\n<p class=\"more-link-p\"><a class=\"more-link\" href=\"http:\/\/www.slineamt.ro\/apostolul\/viata-sindicala-imperative\/sindicalistii-orheieni-si-au-reales-liderul\/\">Read more &rarr;<\/a><\/p>\n","protected":false},"author":1,"featured_media":0,"comment_status":"open","ping_status":"closed","sticky":false,"template":"","format":"standard","meta":{"footnotes":""},"categories":[11,416],"tags":[],"class_list":["post-18695","post","type-post","status-publish","format-standard","hentry","category-viata-sindicala-imperative","category-numarul-227"],"_links":{"self":[{"href":"http:\/\/www.slineamt.ro\/apostolul\/wp-json\/wp\/v2\/posts\/18695","targetHints":{"allow":["GET"]}}],"collection":[{"href":"http:\/\/www.slineamt.ro\/apostolul\/wp-json\/wp\/v2\/posts"}],"about":[{"href":"http:\/\/www.slineamt.ro\/apostolul\/wp-json\/wp\/v2\/types\/post"}],"author":[{"embeddable":true,"href":"http:\/\/www.slineamt.ro\/apostolul\/wp-json\/wp\/v2\/users\/1"}],"replies":[{"embeddable":true,"href":"http:\/\/www.slineamt.ro\/apostolul\/wp-json\/wp\/v2\/comments?post=18695"}],"version-history":[{"count":1,"href":"http:\/\/www.slineamt.ro\/apostolul\/wp-json\/wp\/v2\/posts\/18695\/revisions"}],"predecessor-version":[{"id":18701,"href":"http:\/\/www.slineamt.ro\/apostolul\/wp-json\/wp\/v2\/posts\/18695\/revisions\/18701"}],"wp:attachment":[{"href":"http:\/\/www.slineamt.ro\/apostolul\/wp-json\/wp\/v2\/media?parent=18695"}],"wp:term":[{"taxonomy":"category","embeddable":true,"href":"http:\/\/www.slineamt.ro\/apostolul\/wp-json\/wp\/v2\/categories?post=18695"},{"taxonomy":"post_tag","embeddable":true,"href":"http:\/\/www.slineamt.ro\/apostolul\/wp-json\/wp\/v2\/tags?post=18695"}],"curies":[{"name":"wp","href":"https:\/\/api.w.org\/{rel}","templated":true}]}}