{"id":18704,"date":"2019-12-24T04:17:43","date_gmt":"2019-12-24T04:17:43","guid":{"rendered":"http:\/\/www.slineamt.ro\/apostolul\/?p=18704"},"modified":"2019-12-24T04:17:43","modified_gmt":"2019-12-24T04:17:43","slug":"muzeul-national-de-arta-al-moldovei-a-implinit-80-de-ani","status":"publish","type":"post","link":"http:\/\/www.slineamt.ro\/apostolul\/lectia-de-istorie\/muzeul-national-de-arta-al-moldovei-a-implinit-80-de-ani\/","title":{"rendered":"Muzeul Na\u0163ional de Art\u0103 al Moldovei a \u00eemplinit 80 de ani"},"content":{"rendered":"\n<div class=\"wp-block-image\"><figure class=\"alignleft is-resized\"><img loading=\"lazy\" decoding=\"async\" src=\"https:\/\/www.slineamt.ro\/apostolul\/wp-content\/uploads\/2019\/12\/10-ap227-foto1.jpg\" alt=\"\" class=\"wp-image-18710\" width=\"422\" height=\"276\" srcset=\"http:\/\/www.slineamt.ro\/apostolul\/wp-content\/uploads\/2019\/12\/10-ap227-foto1.jpg 652w, http:\/\/www.slineamt.ro\/apostolul\/wp-content\/uploads\/2019\/12\/10-ap227-foto1-300x197.jpg 300w, http:\/\/www.slineamt.ro\/apostolul\/wp-content\/uploads\/2019\/12\/10-ap227-foto1-560x368.jpg 560w, http:\/\/www.slineamt.ro\/apostolul\/wp-content\/uploads\/2019\/12\/10-ap227-foto1-260x171.jpg 260w, http:\/\/www.slineamt.ro\/apostolul\/wp-content\/uploads\/2019\/12\/10-ap227-foto1-160x105.jpg 160w\" sizes=\"auto, (max-width: 422px) 100vw, 422px\" \/><\/figure><\/div>\n\n\n\n<p><em>Muzeul Na\u0163ional de Art\u0103 al Moldovei a fost fondat la 26\nnoiembrie 1939 \u015fi este situat \u00een centrul Chi\u015fin\u0103ului, \u00een trei edificii,\nimportante monumente de arhitectur\u0103 de la sf\u00e2r\u015fitul secolului XIX \u2013 \u00eenceputul\nsecolului XX: Casa Hertza, Casa Kligman \u015fi sediul central Dadiani, care este un\nproiect al arhitectului Alexandru Bernardazzi. Edificiul nu fusese reparat din\n1987, atunci c\u00e2nd a trecut \u00een posesia Muzeului Na\u0163ional de Art\u0103. Dup\u0103 mai mult\ntimp \u00een care acesta a fost renovat datorit\u0103 unui grant nerambursabil, oferit de\nGuvernul Rom\u00e2niei, Muzeul a rec\u0103p\u0103tat aspectul de acum 100 de ani \u015fi \u015fi-a\ndeschis larg u\u015file pentru public \u00een noiembrie 2016.<\/em><\/p>\n\n\n\n<p>Cu prilejul\nanivers\u0103rii a 80 de ani de existen\u0163\u0103 a Muzeului Na\u0163ional de Art\u0103 al Moldovei,\nla Chi\u015fin\u0103u \u00een perioada 25-26 noiembrie a. c. au fost organizate mai multe\nmanifest\u0103ri comemorative. Celebrarea a debutat cu o conferin\u0163\u0103 \u015ftiin\u0163ific\u0103\nanual\u0103, cu participarea unor muzeografi, critici \u015fi istorici de art\u0103 din\nRepublica Moldova \u015fi Rom\u00e2nia. \u00cen acest cadru academic, directorul Centrului de\nStudiul Artelor din cadrul Institutului Patrimoniului Cultural, Tudor St\u0103vil\u0103,\na vorbit despre Auguste Baillayre, colec\u0163ionar \u015fi director al Pinacotecii\nmunicipale din Chi\u015fin\u0103u; directorul Institutului Patrimoniului Cultural, Victor\nGhila\u015f \u2013 despre artele plastice \u00een via\u0163a familiei Cantemir; criticul de art\u0103,\nLudmila Toma \u2013 despre activitatea pictori\u0163ei Olga Orlov; iar muzeograful,\nTamara Diaconescu \u2013 despre grafica chinez\u0103 din secolul XIX \u00een patrimoniul\nMuzeului Na\u0163ional de Art\u0103 al Moldovei. De asemenea, au prezentat comunic\u0103ri mai\nmul\u0163i istorici \u015fi muzeografi.<\/p>\n\n\n\n<p>Plin de emo\u0163ie\na fost \u015fi momentul oficial, \u00een cadrul c\u0103ruia Ioana Pavelescu, actri\u0163\u0103 din\nRom\u00e2nia, a d\u0103ruit Muzeului Na\u0163ional de Art\u0103 al Moldovei portretul mamei sale,\nCorina Constantinescu, n\u0103scut\u0103 \u00een 1819 la Nisporeni, fost\u0103 actri\u0163\u0103 la <em>Teatrul Mic<\/em> din Bucure\u015fti. Portretul a\nfost realizat de artistul plastic Camil Ressu (1880-1962), un nume de referin\u0163\u0103\npentru pictura rom\u00e2neasc\u0103. <\/p>\n\n\n\n<p>Tudor\nZb\u00e2rnea, directorul Muzeului, a accentuat: \u201eEste un prilej deosebit de frumos\npentru a marca centenarul de la na\u015fterea uneia dintre personalit\u0103\u0163ile marcante\nale artei teatrale rom\u00e2ne\u015fti, originare din Nisporeni, Basarabia\u201d. Festivitatea\na continuat cu concertul \u201eActorii c\u00e2nt\u0103\u201d, \u00een cadrul c\u0103ruia actorii \u015fi Orchestra\nde Camer\u0103 a Teatrului Na\u0163ional \u201eMihai Eminescu\u201d au sus\u0163inut un recital muzical\ninedit.<\/p>\n\n\n\n<p>Expozi\u0163ia-concurs\na dese\u00adnelor copiilor \u201ePovestea muzeului meu\u201d, dezvelirea pl\u0103cii comemorative a\nlui Auguste Baillayre, vernisarea expozi\u0163iei \u201eAuguste Baillayre \u015fi\ncontemporanii\u201d au continuat \u015firul de evenimente festive. <\/p>\n\n\n\n<p>Lansarea\nmonografiei \u201eArtele frumoase din Basarabia \u00een secolul XX\u201d, autor \u2013 Tudor\nStavil\u0103, directorul Centrului Studiul Artelor din cadrul Institutului\nPatrimoniului Cultural, a \u00eencheiat \u015firul ac\u0163iunilor prilejuite de solemnitate.<\/p>\n\n\n\n<p><strong><em>Angelina\nBEGU<\/em><\/strong><\/p>\n","protected":false},"excerpt":{"rendered":"<p>Muzeul Na\u0163ional de Art\u0103 al Moldovei a fost fondat la 26 noiembrie 1939 \u015fi este situat \u00een centrul Chi\u015fin\u0103ului, \u00een trei edificii, importante monumente de arhitectur\u0103 de la sf\u00e2r\u015fitul secolului XIX \u2013 \u00eenceputul secolului XX: Casa Hertza, Casa Kligman \u015fi&hellip;<\/p>\n<p class=\"more-link-p\"><a class=\"more-link\" href=\"http:\/\/www.slineamt.ro\/apostolul\/lectia-de-istorie\/muzeul-national-de-arta-al-moldovei-a-implinit-80-de-ani\/\">Read more &rarr;<\/a><\/p>\n","protected":false},"author":1,"featured_media":0,"comment_status":"open","ping_status":"closed","sticky":false,"template":"","format":"standard","meta":{"footnotes":""},"categories":[6,416],"tags":[],"class_list":["post-18704","post","type-post","status-publish","format-standard","hentry","category-lectia-de-istorie","category-numarul-227"],"_links":{"self":[{"href":"http:\/\/www.slineamt.ro\/apostolul\/wp-json\/wp\/v2\/posts\/18704","targetHints":{"allow":["GET"]}}],"collection":[{"href":"http:\/\/www.slineamt.ro\/apostolul\/wp-json\/wp\/v2\/posts"}],"about":[{"href":"http:\/\/www.slineamt.ro\/apostolul\/wp-json\/wp\/v2\/types\/post"}],"author":[{"embeddable":true,"href":"http:\/\/www.slineamt.ro\/apostolul\/wp-json\/wp\/v2\/users\/1"}],"replies":[{"embeddable":true,"href":"http:\/\/www.slineamt.ro\/apostolul\/wp-json\/wp\/v2\/comments?post=18704"}],"version-history":[{"count":1,"href":"http:\/\/www.slineamt.ro\/apostolul\/wp-json\/wp\/v2\/posts\/18704\/revisions"}],"predecessor-version":[{"id":18713,"href":"http:\/\/www.slineamt.ro\/apostolul\/wp-json\/wp\/v2\/posts\/18704\/revisions\/18713"}],"wp:attachment":[{"href":"http:\/\/www.slineamt.ro\/apostolul\/wp-json\/wp\/v2\/media?parent=18704"}],"wp:term":[{"taxonomy":"category","embeddable":true,"href":"http:\/\/www.slineamt.ro\/apostolul\/wp-json\/wp\/v2\/categories?post=18704"},{"taxonomy":"post_tag","embeddable":true,"href":"http:\/\/www.slineamt.ro\/apostolul\/wp-json\/wp\/v2\/tags?post=18704"}],"curies":[{"name":"wp","href":"https:\/\/api.w.org\/{rel}","templated":true}]}}